{"id":11225,"date":"2013-11-07T16:53:09","date_gmt":"2013-11-07T18:53:09","guid":{"rendered":"http:\/\/blog.cancaonova.com\/peregrinacoes\/?p=11225"},"modified":"2013-11-25T16:46:08","modified_gmt":"2013-11-25T18:46:08","slug":"basilica-da-agonia","status":"publish","type":"post","link":"https:\/\/blog.cancaonova.com\/peregrinacoes\/2013\/11\/07\/basilica-da-agonia\/","title":{"rendered":"Bas\u00edlica da Agonia"},"content":{"rendered":"<blockquote><p><span style=\"color: #993300;font-size: 1.5em\">Conhe\u00e7a a Bas\u00edlica da Agonia onde Jesus orou sozinho, na noite em que foi aprisionado&#8230;<\/span><\/p><\/blockquote>\n<p><a href=\"http:\/\/blog.cancaonova.com\/peregrinacoes\/files\/2009\/10\/fotos-terra-santa-164.jpg\"><img loading=\"lazy\" decoding=\"async\" class=\"size-medium wp-image-11226 aligncenter\" alt=\"\" src=\"http:\/\/blog.cancaonova.com\/peregrinacoes\/files\/2009\/10\/fotos-terra-santa-164-300x196.jpg\" width=\"300\" height=\"196\" \/><\/a><\/p>\n<p style=\"text-align: justify\"><span style=\"font-family: Arial\">A Bas\u00edlica da Agonia foi constru\u00edda em 1924 no s\u00edtio onde, segundo a tradi\u00e7\u00e3o, encontrava-se o Jardim do Gets\u00eamane; nela encontra-se uma parte da rocha identificada como o lugar onde Jesus orou sozinho no Jardim, na noite em que foi aprisionado. <\/span><\/p>\n<p style=\"text-align: justify\"><span style=\"font-family: Arial\">Embora n\u00e3o haja certeza de ser este o ponto exato, o cen\u00e1rio se adapta \u00e0 descri\u00e7\u00e3o do Evangelho e a bas\u00edlica atual, projetada pelo arquiteto Antonio Barluzzi, ergue-se sobre as funda\u00e7\u00f5es de dois santu\u00e1rios constru\u00eddos no passado: uma capela dos cruzados, do s\u00e9culo XII, abandonada em 1345; e uma bas\u00edlica bizantina mais antiga ainda, do s\u00e9culo IV, destru\u00edda pelo terremoto de 746. Uma pedra no caminho que sobe ao Monte das Oliveiras \u00e9 mencionada pelo Peregrino de Bord\u00e9us em 333, e ele a identifica como sendo o local onde Judas Iscariotes traiu Jesus.<\/span><\/p>\n<p><a href=\"http:\/\/blog.cancaonova.com\/peregrinacoes\/files\/2009\/10\/carcassonne-basilica-interior-1.jpg\"><img loading=\"lazy\" decoding=\"async\" class=\"size-medium wp-image-11227 aligncenter\" alt=\"\" src=\"http:\/\/blog.cancaonova.com\/peregrinacoes\/files\/2009\/10\/carcassonne-basilica-interior-1-300x225.jpg\" width=\"300\" height=\"225\" \/><\/a><\/p>\n<p style=\"text-align: justify\"><span style=\"font-family: Arial\">Os vitrais da atual bas\u00edlica s\u00e3o feitos de alabastro transl\u00facido, p\u00farpura-azulado, que produzem intencionalmente uma filtra\u00e7\u00e3o da ilumina\u00e7\u00e3o. Seis colunas monol\u00edticas sustentam 12 zimb\u00f3rios, cujos interiores s\u00e3o decorados com mosaicos representando o emblema nacional das comunidades doadoras. Esta decora\u00e7\u00e3o deu origem ao nome popular &#8220;Igreja de Todas as Na\u00e7\u00f5es&#8221;.<\/span><\/p>\n<p><a href=\"http:\/\/blog.cancaonova.com\/peregrinacoes\/files\/2009\/10\/oliveiras.jpg\"><img loading=\"lazy\" decoding=\"async\" class=\"size-medium wp-image-11228 aligncenter\" alt=\"\" src=\"http:\/\/blog.cancaonova.com\/peregrinacoes\/files\/2009\/10\/oliveiras-300x225.jpg\" width=\"300\" height=\"225\" \/><\/a><\/p>\n<p style=\"text-align: justify\"><span style=\"font-family: Arial\">O nome Gets\u00eamane \u00e9 uma forma grega da express\u00e3o hebraica gat shemanim (prensa de azeite). As oito oliveiras no jardim adjacente s\u00e3o muito velhas. \u00c9 dif\u00edcil estipular a idade de uma oliveira, pois estas \u00e1rvores renovam a estrutura tanto do tronco como das ra\u00edzes; assim, uma \u00e1rvore de apar\u00eancia jovem pode ter, de fato, ra\u00edzes centen\u00e1rias.<\/span><\/p>\n<p style=\"text-align: justify\"><span style=\"font-family: Arial\">No jardim h\u00e1 um altar ao ar livre, colocado pelos padres franciscanos num gesto ecum\u00eanico para com a comunidade anglicana, que realiza a\u00ed anualmente os servi\u00e7os de quinta-feira santa.<br \/>\n<\/span><\/p>\n<p style=\"text-align: center\"><span style=\"color: #800000\"><strong>Venha para Terra Santa conosco!<\/strong><\/span><\/p>\n<h1 style=\"text-align: center\"><strong style=\"color: #993300\">PR\u00d3XIMA SA\u00cdDA<\/strong><\/h1>\n<h1 style=\"text-align: center\"><span style=\"color: #ff6600\"><strong>05 de fevereiro de 2014 <\/strong><\/span><\/h1>\n<h1 style=\"text-align: center\"><strong><span style=\"color: #993300\">Dire\u00e7\u00e3o espiritual:<\/span> <span style=\"color: #ff6600\">Pe. Edmilson e Frei Gilson<\/span><\/strong><\/h1>\n<p>&nbsp;<\/p>\n<p style=\"text-align: center\"><strong><em><span style=\"color: #000028\">Venha conosco&#8230; peregrinar s\u00f3 pode ser pela Obra de Maria!<\/span><br \/>\n<\/em><\/strong><\/p>\n<p style=\"text-align: center\"><strong><a href=\"http:\/\/blog.cancaonova.com\/peregrinacoes\/files\/2007\/08\/Logo-Obra-de-Maria-Azul.png\"><img loading=\"lazy\" decoding=\"async\" alt=\"\" src=\"http:\/\/blog.cancaonova.com\/peregrinacoes\/files\/2007\/08\/Logo-Obra-de-Maria-Azul-300x122.png\" width=\"300\" height=\"122\" \/><\/a><\/strong><\/p>\n<p style=\"text-align: center\"><span style=\"color: #000028\"><strong>Mais que viagens\u2026 encontros com Deus!<\/strong><\/span><\/p>\n<p style=\"text-align: center\">Contatos\u00a0(0xx12) 3186 2055<\/p>\n<p style=\"text-align: center\">ou pelo e-mail\u00a0<a href=\"mailto:peregrinacoes@cancaonova.com\">peregrinacoes@cancaonova.com<\/a><\/p>\n<p style=\"text-align: center\">Informa\u00e7\u00f5es gerais<\/p>\n<p style=\"text-align: center\">(0\u00d712) 3186 2000 ramal 2451<\/p>\n<p style=\"text-align: center\"><a href=\"http:\/\/blog.cancaonova.com\/peregrinacoes\/category\/cadastre-se-aqui\/\">CADASTRE-SE<\/a><\/p>\n<p style=\"text-align: left\"><span style=\"color: #ff6600\"><em>Deixe seu coment\u00e1rio e seu pedido de ora\u00e7\u00e3o que estaremos rezando nas suas inten\u00e7oes na Terra Santa&#8230;<\/em><\/span><\/p>\n","protected":false},"excerpt":{"rendered":"<p>Conhe\u00e7a a Bas\u00edlica da Agonia onde Jesus orou sozinho, na noite em que foi aprisionado&#8230; A Bas\u00edlica da Agonia foi constru\u00edda em 1924 no s\u00edtio onde, segundo a tradi\u00e7\u00e3o, encontrava-se o Jardim do Gets\u00eamane; nela encontra-se uma parte da rocha&#8230;<\/p>\n","protected":false},"author":4472,"featured_media":0,"comment_status":"open","ping_status":"closed","sticky":false,"template":"","format":"standard","meta":{"_mi_skip_tracking":false,"_monsterinsights_sitenote_active":false,"_monsterinsights_sitenote_note":"","_monsterinsights_sitenote_category":0,"footnotes":""},"categories":[1281,15651,5041],"tags":[19368,178723],"_links":{"self":[{"href":"https:\/\/blog.cancaonova.com\/peregrinacoes\/wp-json\/wp\/v2\/posts\/11225"}],"collection":[{"href":"https:\/\/blog.cancaonova.com\/peregrinacoes\/wp-json\/wp\/v2\/posts"}],"about":[{"href":"https:\/\/blog.cancaonova.com\/peregrinacoes\/wp-json\/wp\/v2\/types\/post"}],"author":[{"embeddable":true,"href":"https:\/\/blog.cancaonova.com\/peregrinacoes\/wp-json\/wp\/v2\/users\/4472"}],"replies":[{"embeddable":true,"href":"https:\/\/blog.cancaonova.com\/peregrinacoes\/wp-json\/wp\/v2\/comments?post=11225"}],"version-history":[{"count":5,"href":"https:\/\/blog.cancaonova.com\/peregrinacoes\/wp-json\/wp\/v2\/posts\/11225\/revisions"}],"predecessor-version":[{"id":13772,"href":"https:\/\/blog.cancaonova.com\/peregrinacoes\/wp-json\/wp\/v2\/posts\/11225\/revisions\/13772"}],"wp:attachment":[{"href":"https:\/\/blog.cancaonova.com\/peregrinacoes\/wp-json\/wp\/v2\/media?parent=11225"}],"wp:term":[{"taxonomy":"category","embeddable":true,"href":"https:\/\/blog.cancaonova.com\/peregrinacoes\/wp-json\/wp\/v2\/categories?post=11225"},{"taxonomy":"post_tag","embeddable":true,"href":"https:\/\/blog.cancaonova.com\/peregrinacoes\/wp-json\/wp\/v2\/tags?post=11225"}],"curies":[{"name":"wp","href":"https:\/\/api.w.org\/{rel}","templated":true}]}}