{"id":11463,"date":"2010-11-17T16:30:25","date_gmt":"2010-11-17T13:30:25","guid":{"rendered":"http:\/\/blog.cancaonova.com\/peregrinacoes\/?p=11463"},"modified":"2010-11-17T21:27:54","modified_gmt":"2010-11-17T18:27:54","slug":"dominus-flevit","status":"publish","type":"post","link":"https:\/\/blog.cancaonova.com\/peregrinacoes\/2010\/11\/17\/dominus-flevit\/","title":{"rendered":"Dominus Flevit, O Senhor Chorou"},"content":{"rendered":"<blockquote>\n<p style=\"text-align: center;\"><strong>Mais que viagens&#8230; encontros com Deus!<\/strong><\/p>\n<\/blockquote>\n<p><span style=\"font-family: Arial;\"> <\/span><\/p>\n<p style=\"text-align: center;\"><a href=\"http:\/\/blog.cancaonova.com\/peregrinacoes\/files\/2009\/11\/fotos-terra-santa-151.jpg\"><img loading=\"lazy\" decoding=\"async\" class=\"size-medium wp-image-11464 aligncenter\" src=\"http:\/\/blog.cancaonova.com\/peregrinacoes\/files\/2009\/11\/fotos-terra-santa-151-300x196.jpg\" alt=\"\" width=\"300\" height=\"196\" \/><\/a><\/p>\n<p style=\"text-align: center;\"><span style=\"font-family: Arial;\"><em>Quando ia chegando, vendo a cidade, chorou&#8230;&#8221;<\/em> <span>(S. Lucas 19:41)<\/span><\/span><\/p>\n<p><span style=\"font-family: Arial;\"> Dominus Flevit (em latim: O Senhor chorou) foi constru\u00edda em 1955, perto do s\u00edtio que peregrinos medievais identificaram como o lugar onde Jesus chorou pela cidade.<\/span><\/p>\n<p style=\"text-align: center;\"><a href=\"http:\/\/blog.cancaonova.com\/peregrinacoes\/files\/2009\/11\/fotos-terra-santa-154.jpg\"><img loading=\"lazy\" decoding=\"async\" class=\"size-medium wp-image-11465 aligncenter\" src=\"http:\/\/blog.cancaonova.com\/peregrinacoes\/files\/2009\/11\/fotos-terra-santa-154-300x174.jpg\" alt=\"\" width=\"300\" height=\"174\" \/><\/a><\/p>\n<p><span style=\"font-family: Arial;\">O s\u00edtio, comprado pelos franciscanos em 1881, ficava no roteiro de prociss\u00e3o que partia do Monte das Oliveiras at\u00e9 a Bas\u00edlica do Santo Sepulcro. Escava\u00e7\u00f5es arqueol\u00f3gicas realizadas antes da constru\u00e7\u00e3o descobriram as funda\u00e7\u00f5es de um mosteiro e capela do s\u00e9culo V.<\/span><\/p>\n<p style=\"text-align: center;\"><a href=\"http:\/\/blog.cancaonova.com\/peregrinacoes\/files\/2009\/11\/fotos-terra-santa-150.jpg\"><img loading=\"lazy\" decoding=\"async\" class=\"size-medium wp-image-11467 aligncenter\" src=\"http:\/\/blog.cancaonova.com\/peregrinacoes\/files\/2009\/11\/fotos-terra-santa-150-300x196.jpg\" alt=\"\" width=\"300\" height=\"196\" \/><\/a><\/p>\n<p><span style=\"font-family: Arial;\">O santu\u00e1rio moderno foi projetado por Antonio Barluzzi, o arquiteto de v\u00e1rios santu\u00e1rios constru\u00eddos durante a primeira metade do s\u00e9culo XX para a Cust\u00f3dia Franciscana da Terra Santa. Afastando-se radicalmente de seu estilo tradicional, Barluzzi projetou a capela com os contornos de uma l\u00e1grima estilizada, sendo o edif\u00edcio constru\u00eddo na forma de uma cruz grega. <\/span><\/p>\n<p style=\"text-align: center;\"><a href=\"http:\/\/blog.cancaonova.com\/peregrinacoes\/files\/2009\/11\/fotos-terra-santa-152.jpg\"><img loading=\"lazy\" decoding=\"async\" class=\"size-medium wp-image-11468 aligncenter\" src=\"http:\/\/blog.cancaonova.com\/peregrinacoes\/files\/2009\/11\/fotos-terra-santa-152-300x196.jpg\" alt=\"\" width=\"300\" height=\"196\" \/><\/a><\/p>\n<p><span style=\"font-family: Arial;\">Uma janela por tr\u00e1s do altar, na parede ocidental, forma uma moldura \u00e0 paisagem da Cidade Velha.<\/span><\/p>\n<p style=\"text-align: left;\"><strong>Venha viajar conosco por estas estradas.<\/strong><\/p>\n<p style=\"text-align: left;\"><strong>FEVEREIRO<\/strong><\/p>\n<p style=\"text-align: left;\"><strong>Sa\u00edda dia 08\/02\/11 &#8211; Diretor espiritual<\/strong> &#8211; Pe. S\u00f3stenes<\/p>\n<p style=\"text-align: left;\"><strong>Sa\u00edda dia 15\/02\/11 &#8211; Diretores espirituais<\/strong> &#8211; Pe. Xavier e S\u00f4nia Venancio<\/p>\n<p style=\"text-align: left;\"><strong>MAR\u00c7O<\/strong><\/p>\n<p style=\"text-align: left;\"><strong>Sa\u00edda dia 08\/03\/11 &#8211; Diretor espiritual<\/strong> &#8211; Pe. Bruno<\/p>\n<p style=\"text-align: left;\"><strong>Sa\u00edda dia 15\/03\/11 &#8211; Diretores espirituais <\/strong>&#8211; Pe. Luizinho e Dunga<\/p>\n<p style=\"text-align: left;\"><strong>Sa\u00edda dia24\/03\/11 &#8211; Estudo B\u00edblico com Prado Flores<\/strong><\/p>\n<p class=\"western\" style=\"margin-bottom: 0cm; text-align: left;\">Estamos esperando por voc\u00ea.<\/p>\n<p align=\"center\"><strong> <\/strong><\/p>\n<p align=\"center\"><em><strong> <\/strong><\/em><\/p>\n<p align=\"center\"><em><strong>Terra Santa&#8230; S\u00f3 por Obra de Maria. <\/strong><\/em><\/p>\n<p align=\"center\"><a href=\"http:\/\/www.obrademaria.com.br\/rdp\" target=\"_blank\"><img loading=\"lazy\" decoding=\"async\" src=\"http:\/\/blog.cancaonova.com\/peregrinacoes\/files\/2007\/12\/barra_top.jpg\" alt=\"barra_top.jpg\" width=\"334\" height=\"60\" \/><\/a><\/p>\n<p align=\"center\">Contatos (0xx12) 3186 2055<\/p>\n<p align=\"center\">ou pelo\u00a0e-mail <span style=\"color: #17397a;\"><a href=\"mailto:peregrinacoes@cancaonova.com\">peregrinacoes@cancaonova.com<\/a><\/span><\/p>\n<p align=\"center\"><strong>Mais que viagens&#8230; encontros com Deus!<\/strong><\/p>\n<p align=\"center\">Informa\u00e7\u00f5es gerais<\/p>\n<p align=\"center\"><span style=\"font-size: x-small;\">(0\u00d712) 3186 2000 ramal 2451<\/span><\/p>\n<p align=\"center\"><a href=\"Mais que viagens\u2026 encontros com Deus!\" target=\"_self\">CADASTRE-SE AQUI! <\/a><\/p>\n<p style=\"text-align: left\"><em>Deixe seu coment\u00e1rio e seu pedido de ora\u00e7\u00e3o que estaremos rezando nas suas inten\u00e7oes na Terra Santa\u2026<\/em><\/p>\n","protected":false},"excerpt":{"rendered":"<p>Mais que viagens&#8230; encontros com Deus! Quando ia chegando, vendo a cidade, chorou&#8230;&#8221; (S. Lucas 19:41) Dominus Flevit (em latim: O Senhor chorou) foi constru\u00edda em 1955, perto do s\u00edtio que peregrinos medievais identificaram como o lugar onde Jesus chorou&#8230;<\/p>\n","protected":false},"author":1,"featured_media":0,"comment_status":"open","ping_status":"closed","sticky":false,"template":"","format":"standard","meta":{"_mi_skip_tracking":false,"_monsterinsights_sitenote_active":false,"_monsterinsights_sitenote_note":"","_monsterinsights_sitenote_category":0,"footnotes":""},"categories":[5041],"tags":[18135,178723],"_links":{"self":[{"href":"https:\/\/blog.cancaonova.com\/peregrinacoes\/wp-json\/wp\/v2\/posts\/11463"}],"collection":[{"href":"https:\/\/blog.cancaonova.com\/peregrinacoes\/wp-json\/wp\/v2\/posts"}],"about":[{"href":"https:\/\/blog.cancaonova.com\/peregrinacoes\/wp-json\/wp\/v2\/types\/post"}],"author":[{"embeddable":true,"href":"https:\/\/blog.cancaonova.com\/peregrinacoes\/wp-json\/wp\/v2\/users\/1"}],"replies":[{"embeddable":true,"href":"https:\/\/blog.cancaonova.com\/peregrinacoes\/wp-json\/wp\/v2\/comments?post=11463"}],"version-history":[{"count":6,"href":"https:\/\/blog.cancaonova.com\/peregrinacoes\/wp-json\/wp\/v2\/posts\/11463\/revisions"}],"predecessor-version":[{"id":12244,"href":"https:\/\/blog.cancaonova.com\/peregrinacoes\/wp-json\/wp\/v2\/posts\/11463\/revisions\/12244"}],"wp:attachment":[{"href":"https:\/\/blog.cancaonova.com\/peregrinacoes\/wp-json\/wp\/v2\/media?parent=11463"}],"wp:term":[{"taxonomy":"category","embeddable":true,"href":"https:\/\/blog.cancaonova.com\/peregrinacoes\/wp-json\/wp\/v2\/categories?post=11463"},{"taxonomy":"post_tag","embeddable":true,"href":"https:\/\/blog.cancaonova.com\/peregrinacoes\/wp-json\/wp\/v2\/tags?post=11463"}],"curies":[{"name":"wp","href":"https:\/\/api.w.org\/{rel}","templated":true}]}}