{"id":11506,"date":"2010-03-11T17:00:19","date_gmt":"2010-03-11T14:00:19","guid":{"rendered":"http:\/\/blog.cancaonova.com\/peregrinacoes\/?p=11506"},"modified":"2010-03-11T21:05:40","modified_gmt":"2010-03-11T18:05:40","slug":"voce-na-terra-santa-em-2010","status":"publish","type":"post","link":"https:\/\/blog.cancaonova.com\/peregrinacoes\/2010\/03\/11\/voce-na-terra-santa-em-2010\/","title":{"rendered":"Eu vou a Terra Santa...vamos?"},"content":{"rendered":"<blockquote><p><strong>Mais que viagens&#8230;encontros com Deus<\/strong><\/p><\/blockquote>\n<p>A Obra de Maria quer levar voc\u00ea a\u00a0fazer uma experi\u00eancia inesquec\u00edvel na Terra Santa com os diretores espirituais da Can\u00e7\u00e3o Nova&#8230;.<\/p>\n<p style=\"text-align: center\"><a href=\"http:\/\/blog.cancaonova.com\/peregrinacoes\/files\/2009\/02\/jerusalemn.jpg\"><img loading=\"lazy\" decoding=\"async\" class=\"size-medium wp-image-8340 aligncenter\" src=\"http:\/\/blog.cancaonova.com\/peregrinacoes\/files\/2009\/02\/jerusalemn-300x225.jpg\" alt=\"\" width=\"300\" height=\"225\" \/><\/a><\/p>\n<p class=\"western\"><em>Confira as datas e arrume suas as malas&#8230; voc\u00ea n\u00e3o pode ficar de fora!<\/em><\/p>\n<p><strong>Diretores Espirituais<\/strong><\/p>\n<p><strong>Abril<\/strong> &#8211; Sa\u00edda dia 27\/04\/10 &#8211; <em><strong>Ricardo S\u00e1 e Eliana S\u00e1<\/strong><\/em><\/p>\n<p><strong>Maio<\/strong> &#8211; Sa\u00edda ida 05\/05 &#8211; <strong><em>Pe. Donizete e Sonia Venancio<\/em><\/strong><\/p>\n<p>Sa\u00edda 20\/05 &#8211; <strong><em>Pe. Paulinho<\/em><\/strong><\/p>\n<p><strong>Junho<\/strong> &#8211; Sa\u00edda dia 08\/06 &#8211; <strong><em>M\u00e1rcio Mendes<\/em><\/strong><\/p>\n<p>Sa\u00edda dia 15\/06 &#8211; <em><strong>Pe. Clovis<\/strong><\/em><\/p>\n<p>Sa\u00edda dai 22\/06 &#8211; <strong><em>Cleto<\/em><\/strong><\/p>\n<p class=\"western\" style=\"text-align: center\"><a href=\"http:\/\/blog.cancaonova.com\/peregrinacoes\/files\/2009\/06\/jerusalem-vista-dominus-flevit.jpg\"><img loading=\"lazy\" decoding=\"async\" class=\"alignnone size-medium wp-image-9842\" src=\"http:\/\/blog.cancaonova.com\/peregrinacoes\/files\/2009\/06\/jerusalem-vista-dominus-flevit-300x255.jpg\" alt=\"\" width=\"300\" height=\"255\" \/><\/a><\/p>\n<p align=\"center\">Confira o video abaixo:<\/p>\n<p align=\"center\"><object width=\"480\" height=\"385\"><param name=\"movie\" value=\"http:\/\/www.youtube.com\/v\/zjyc0w7gXCc\"><\/param><param name=\"allowFullScreen\" value=\"true\"><\/param><param name=\"allowscriptaccess\" value=\"always\"><\/param><embed src=\"http:\/\/www.youtube.com\/v\/zjyc0w7gXCc\" type=\"application\/x-shockwave-flash\" allowscriptaccess=\"always\" allowfullscreen=\"true\" width=\"480\" height=\"385\"><\/embed><\/object><br \/>\n<em>.<\/em><\/p>\n<p align=\"center\"><span><a href=\"http:\/\/www.youtube.com\/user\/peregrinacoescn?gl=BR&amp;hl=pt\" target=\"_blank\"><span style=\"color: #17397a\">Clique aqui<\/span><\/a> e confira outros programas do<strong> You Tube Peregrina\u00e7\u00f5es.<\/strong><\/span><\/p>\n<p align=\"center\"><strong>Venha peregrinar conosco,\u00a0voc\u00ea n\u00e3o pode ficar fora dessa&#8230;<\/strong><\/p>\n<p align=\"center\"><a href=\"http:\/\/www.obrademaria.com.br\" target=\"_self\"><img decoding=\"async\" src=\"http:\/\/blog.cancaonova.com\/peregrinacoes\/files\/2007\/12\/barra_top.jpg\" alt=\"barra_top.jpg\" \/><\/a><\/p>\n<p style=\"text-align: center\"><strong>Mais que viagens\u2026 encontros com Deus! <\/strong><\/p>\n<p style=\"text-align: center\">Contatos (0xx12) 3186 2055<\/p>\n<p style=\"text-align: center\">ou pelo\u00a0e-mail <span style=\"color: #17397a\"><a href=\"mailto:peregrinacoes@cancaonova.com\"><span style=\"color: #17397a\">peregrinacoes@cancaonova.com<\/span><\/a><\/span><\/p>\n<p style=\"text-align: center\"><a href=\"http:\/\/blog.cancaonova.com\/peregrinacoes\/category\/cadastre-se-aqui\/\"><span style=\"color: #17397a\">CADASTRE-SE<\/span><\/a><\/p>\n<p style=\"text-align: left\"><em>Deixe seu coment\u00e1rio e seu pedido de ora\u00e7\u00e3o que estaremos rezando nas suas inten\u00e7oes pelos lugares santos\u2026<\/em><\/p>\n","protected":false},"excerpt":{"rendered":"<p>Mais que viagens&#8230;encontros com Deus A Obra de Maria quer levar voc\u00ea a\u00a0fazer uma experi\u00eancia inesquec\u00edvel na Terra Santa com os diretores espirituais da Can\u00e7\u00e3o Nova&#8230;. Confira as datas e arrume suas as malas&#8230; voc\u00ea n\u00e3o pode ficar de fora!&#8230;<\/p>\n","protected":false},"author":1,"featured_media":0,"comment_status":"open","ping_status":"closed","sticky":false,"template":"","format":"standard","meta":{"_mi_skip_tracking":false,"_monsterinsights_sitenote_active":false,"_monsterinsights_sitenote_note":"","_monsterinsights_sitenote_category":0,"footnotes":""},"categories":[5041],"tags":[],"_links":{"self":[{"href":"https:\/\/blog.cancaonova.com\/peregrinacoes\/wp-json\/wp\/v2\/posts\/11506"}],"collection":[{"href":"https:\/\/blog.cancaonova.com\/peregrinacoes\/wp-json\/wp\/v2\/posts"}],"about":[{"href":"https:\/\/blog.cancaonova.com\/peregrinacoes\/wp-json\/wp\/v2\/types\/post"}],"author":[{"embeddable":true,"href":"https:\/\/blog.cancaonova.com\/peregrinacoes\/wp-json\/wp\/v2\/users\/1"}],"replies":[{"embeddable":true,"href":"https:\/\/blog.cancaonova.com\/peregrinacoes\/wp-json\/wp\/v2\/comments?post=11506"}],"version-history":[{"count":7,"href":"https:\/\/blog.cancaonova.com\/peregrinacoes\/wp-json\/wp\/v2\/posts\/11506\/revisions"}],"predecessor-version":[{"id":11735,"href":"https:\/\/blog.cancaonova.com\/peregrinacoes\/wp-json\/wp\/v2\/posts\/11506\/revisions\/11735"}],"wp:attachment":[{"href":"https:\/\/blog.cancaonova.com\/peregrinacoes\/wp-json\/wp\/v2\/media?parent=11506"}],"wp:term":[{"taxonomy":"category","embeddable":true,"href":"https:\/\/blog.cancaonova.com\/peregrinacoes\/wp-json\/wp\/v2\/categories?post=11506"},{"taxonomy":"post_tag","embeddable":true,"href":"https:\/\/blog.cancaonova.com\/peregrinacoes\/wp-json\/wp\/v2\/tags?post=11506"}],"curies":[{"name":"wp","href":"https:\/\/api.w.org\/{rel}","templated":true}]}}