{"id":11604,"date":"2010-03-30T12:00:45","date_gmt":"2010-03-30T09:00:45","guid":{"rendered":"http:\/\/blog.cancaonova.com\/peregrinacoes\/?p=11604"},"modified":"2010-03-11T20:02:10","modified_gmt":"2010-03-11T17:02:10","slug":"acontece-peregrinacao-com-padre-bruno-na-terra-santa","status":"publish","type":"post","link":"https:\/\/blog.cancaonova.com\/peregrinacoes\/2010\/03\/30\/acontece-peregrinacao-com-padre-bruno-na-terra-santa\/","title":{"rendered":"Na Terra de Jesus"},"content":{"rendered":"<p>Deus quis se manifestar a humanidade atrav\u00e9s de Seu Filho Jesus Cristo. E o seu Amor por n\u00f3s \u00e9 t\u00e3o grande que ao descer na nossa humanidade, Ele escolheu at\u00e9 o lugar onde tudo se daria&#8230;<\/p>\n<p>&#8220;Pater Noster&#8221; no alto do Monte das Oliveiras, passamos pelo &#8220;Dominus Flevit&#8221;, onde Jesus chorou por Jerusal\u00e9m e terminamos o dia no Monte Si\u00e3o, onde est\u00e1 o Cen\u00e1culo, a Igreja da Dormi\u00e7\u00e3o de Maria e o &#8220;Galli Cantu&#8221; ali foi onde Pedro negou Jesus.<\/p>\n<p>Veja o video desta linda experi\u00eancia&#8230; o proximo a est\u00e1 l\u00e1 ser\u00e1 voc\u00ea.<\/p>\n<p style=\"text-align: center\"><object width=\"480\" height=\"385\"><param name=\"movie\" value=\"http:\/\/www.youtube.com\/v\/OOKuuZDCo14\"><\/param><param name=\"allowFullScreen\" value=\"true\"><\/param><param name=\"allowscriptaccess\" value=\"always\"><\/param><embed src=\"http:\/\/www.youtube.com\/v\/OOKuuZDCo14\" type=\"application\/x-shockwave-flash\" allowscriptaccess=\"always\" allowfullscreen=\"true\" width=\"480\" height=\"385\"><\/embed><\/object>\n<\/p>\n<p style=\"text-align: center\"><a title=\"Agenda de peregrina\u00e7\u00f5es para 2010\" href=\"http:\/\/blog.cancaonova.com\/peregrinacoes\/agenda-2010\/\" target=\"_blank\">Click e confira a agenda de peregrina\u00e7\u00f5es para 2010<\/a><\/p>\n<p align=\"center\">Contatos (0xx12) 3186 2055<\/p>\n<p align=\"center\">ou pelo\u00a0e-mail <span style=\"color: #17397a\">peregrinacoes@cancaonova.com<\/span><\/p>\n<p align=\"center\"><strong>Mais que viagens\u2026 encontros com Deus!<\/strong><\/p>\n","protected":false},"excerpt":{"rendered":"<p>Deus quis se manifestar a humanidade atrav\u00e9s de Seu Filho Jesus Cristo. E o seu Amor por n\u00f3s \u00e9 t\u00e3o grande que ao descer na nossa humanidade, Ele escolheu at\u00e9 o lugar onde tudo se daria&#8230; &#8220;Pater Noster&#8221; no alto&#8230;<\/p>\n","protected":false},"author":1,"featured_media":0,"comment_status":"open","ping_status":"closed","sticky":false,"template":"","format":"standard","meta":{"_mi_skip_tracking":false,"_monsterinsights_sitenote_active":false,"_monsterinsights_sitenote_note":"","_monsterinsights_sitenote_category":0,"footnotes":""},"categories":[5041],"tags":[],"_links":{"self":[{"href":"https:\/\/blog.cancaonova.com\/peregrinacoes\/wp-json\/wp\/v2\/posts\/11604"}],"collection":[{"href":"https:\/\/blog.cancaonova.com\/peregrinacoes\/wp-json\/wp\/v2\/posts"}],"about":[{"href":"https:\/\/blog.cancaonova.com\/peregrinacoes\/wp-json\/wp\/v2\/types\/post"}],"author":[{"embeddable":true,"href":"https:\/\/blog.cancaonova.com\/peregrinacoes\/wp-json\/wp\/v2\/users\/1"}],"replies":[{"embeddable":true,"href":"https:\/\/blog.cancaonova.com\/peregrinacoes\/wp-json\/wp\/v2\/comments?post=11604"}],"version-history":[{"count":20,"href":"https:\/\/blog.cancaonova.com\/peregrinacoes\/wp-json\/wp\/v2\/posts\/11604\/revisions"}],"predecessor-version":[{"id":11652,"href":"https:\/\/blog.cancaonova.com\/peregrinacoes\/wp-json\/wp\/v2\/posts\/11604\/revisions\/11652"}],"wp:attachment":[{"href":"https:\/\/blog.cancaonova.com\/peregrinacoes\/wp-json\/wp\/v2\/media?parent=11604"}],"wp:term":[{"taxonomy":"category","embeddable":true,"href":"https:\/\/blog.cancaonova.com\/peregrinacoes\/wp-json\/wp\/v2\/categories?post=11604"},{"taxonomy":"post_tag","embeddable":true,"href":"https:\/\/blog.cancaonova.com\/peregrinacoes\/wp-json\/wp\/v2\/tags?post=11604"}],"curies":[{"name":"wp","href":"https:\/\/api.w.org\/{rel}","templated":true}]}}