{"id":11698,"date":"2010-03-10T17:26:25","date_gmt":"2010-03-10T14:26:25","guid":{"rendered":"http:\/\/blog.cancaonova.com\/peregrinacoes\/?p=11698"},"modified":"2010-03-11T20:52:55","modified_gmt":"2010-03-11T17:52:55","slug":"porque-peregrinar","status":"publish","type":"post","link":"https:\/\/blog.cancaonova.com\/peregrinacoes\/2010\/03\/10\/porque-peregrinar\/","title":{"rendered":"Porque peregrinar?"},"content":{"rendered":"<p class=\"western\" style=\"margin-bottom: 0cm\"><span style=\"font-family: Comic Sans MS,cursive\"><span style=\"font-size: small\">O ato de peregrinar e as peregrina\u00e7\u00f5es ocorreram desde os tempos mais remotos, mesmo nos chamados tempos primitivos.<\/span><\/span><\/p>\n<p class=\"western\" style=\"margin-bottom: 0cm;text-align: center\"><a href=\"http:\/\/blog.cancaonova.com\/peregrinacoes\/files\/2007\/10\/peregrinos-2-terra_santa_2006-277.jpg\"><img loading=\"lazy\" decoding=\"async\" class=\"alignnone size-medium wp-image-2501\" src=\"http:\/\/blog.cancaonova.com\/peregrinacoes\/files\/2007\/10\/peregrinos-2-terra_santa_2006-277.jpg\" alt=\"\" width=\"300\" height=\"225\" \/><\/a><\/p>\n<p class=\"western\" style=\"margin-bottom: 0cm;text-align: left\">\n<p class=\"western\" style=\"margin-bottom: 0cm\"><span style=\"font-family: Comic Sans MS,cursive\"><span style=\"font-size: small\">O termo \u201cperegrino\u201d aparece em nossa l\u00edngua na primeira metade do s\u00e9culo XIII, para denominar os crist\u00e3os que viajavam a Roma ou \u00e0 Terra Santa.<\/span><\/span><\/p>\n<p class=\"western\" style=\"margin-bottom: 0cm;text-align: center\"><a href=\"http:\/\/blog.cancaonova.com\/peregrinacoes\/files\/2009\/10\/fotos-terra-santa-083.jpg\"><img loading=\"lazy\" decoding=\"async\" class=\"alignnone size-medium wp-image-11243\" src=\"http:\/\/blog.cancaonova.com\/peregrinacoes\/files\/2009\/10\/fotos-terra-santa-083-300x198.jpg\" alt=\"\" width=\"300\" height=\"198\" \/><\/a><\/p>\n<p class=\"western\" style=\"margin-bottom: 0cm\">\n<p class=\"western\" style=\"margin-bottom: 0cm\"><span style=\"font-family: Comic Sans MS,cursive\"><span style=\"font-size: small\">Para peregrinar h\u00e1 que ter em conta que n\u00e3o se trata apenas do ato de caminhar, ou executar um trajeto, \u00e9 reconhecido que peregrinar carece caminhar-se motivado \u201cpor\u201d ou \u201cpara algo\u201d.<\/span><\/span><\/p>\n<p class=\"western\" style=\"margin-bottom: 0cm;text-align: center\"><a href=\"http:\/\/blog.cancaonova.com\/peregrinacoes\/files\/2009\/11\/0089.jpg\"><img loading=\"lazy\" decoding=\"async\" class=\"alignnone size-medium wp-image-11488\" src=\"http:\/\/blog.cancaonova.com\/peregrinacoes\/files\/2009\/11\/0089-300x200.jpg\" alt=\"\" width=\"300\" height=\"200\" \/><\/a><\/p>\n<p class=\"western\" style=\"margin-bottom: 0cm;text-align: left\">\n<p class=\"western\" style=\"margin-bottom: 0cm\"><span style=\"font-family: Comic Sans MS,cursive\"><span style=\"font-size: small\">A peregrina\u00e7\u00e3o tem, assim, um sentido e um valor acrescentado que \u00e9 necess\u00e1rio descobrir a cada pessoa que a executa.<\/span><\/span><\/p>\n<p class=\"western\" style=\"margin-bottom: 0cm\">\n<p class=\"western\" style=\"margin-bottom: 0cm\"><span style=\"font-family: Comic Sans MS,cursive\"><span style=\"font-size: x-small\"> Fonte: Wikipedia.org<\/span><\/span><\/p>\n<p class=\"western\" style=\"margin-bottom: 0cm;text-align: center\"><a href=\"http:\/\/blog.cancaonova.com\/peregrinacoes\/files\/2009\/09\/dsc_1140.jpg\"><img loading=\"lazy\" decoding=\"async\" class=\"size-medium wp-image-10976 aligncenter\" src=\"http:\/\/blog.cancaonova.com\/peregrinacoes\/files\/2009\/09\/dsc_1140-300x199.jpg\" alt=\"\" width=\"300\" height=\"199\" \/><\/a><\/p>\n<p class=\"western\" style=\"margin-bottom: 0cm;text-align: left\">\n<p class=\"western\" style=\"margin-bottom: 0cm\"><span style=\"font-family: Comic Sans MS,cursive\"><span style=\"font-size: small\">Mais que viagens&#8230;encontros com Deus  n\u00e3o \u00e9 apenas um slongan                         mas a  express\u00e3o da experi\u00eancia vivida por diverssas pessoas  que ao  se lan\u00e7arem neste caminho   tem de fato um encontro pessoal com Cristo. <\/span><\/span><\/p>\n<p class=\"western\" style=\"margin-bottom: 0cm\"><span style=\"color: #ff0000\">Confira a nossa agenda 2010<\/span><\/p>\n<p class=\"western\" style=\"margin-bottom: 0cm\">\n<p class=\"western\" style=\"margin-bottom: 0cm\">\n<p style=\"text-align: center\"><span><strong><em>Venha conosco&#8230; peregrinar s\u00f3 pode ser pela Obra de Maria!<br \/>\n<\/em><\/strong><\/span>\n<\/p>\n<p style=\"text-align: center\"><strong><a href=\"http:\/\/www.obrademaria.com.br\/rdp\" target=\"_blank\"><img loading=\"lazy\" decoding=\"async\" class=\"alignnone size-medium wp-image-9271\" src=\"http:\/\/blog.cancaonova.com\/peregrinacoes\/files\/2009\/05\/barra_top1-300x54.jpg\" alt=\"\" width=\"300\" height=\"54\" \/><\/a><\/strong><\/p>\n<p style=\"text-align: center\"><strong>Mais que viagens\u2026 encontros com Deus! <\/strong><\/p>\n<p style=\"text-align: center\">Contatos (0xx12) 3186 2055<\/p>\n<p style=\"text-align: center\">ou pelo\u00a0e-mail <span style=\"color: #17397a\"><a href=\"mailto:peregrinacoes@cancaonova.com\"><span style=\"color: #17397a\">peregrinacoes@cancaonova.com<\/span><\/a><\/span><\/p>\n<p style=\"text-align: center\">\n<p style=\"text-align: center\"><span style=\"font-size: x-small\"><span style=\"font-size: xx-small\"> <\/span><\/span><\/p>\n<p style=\"text-align: center\"><a href=\"http:\/\/blog.cancaonova.com\/peregrinacoes\/category\/cadastre-se-aqui\/\"><span style=\"color: #17397a\">CADASTRE-SE<\/span><\/a><\/p>\n<p><em>Deixe seu coment\u00e1rio e seu pedido de ora\u00e7\u00e3o que estaremos rezando por voc\u00ea na Terra Santa<\/em><\/p>\n<p class=\"western\" style=\"margin-bottom: 0cm\">\n<p class=\"western\" style=\"margin-bottom: 0cm\">\n<p class=\"western\" style=\"margin-bottom: 0cm\">\n<p class=\"western\" style=\"margin-bottom: 0cm\">\n<p class=\"western\" style=\"margin-bottom: 0cm\">\n<p class=\"western\" style=\"margin-bottom: 0cm;text-align: center\">\n","protected":false},"excerpt":{"rendered":"<p>O ato de peregrinar e as peregrina\u00e7\u00f5es ocorreram desde os tempos mais remotos, mesmo nos chamados tempos primitivos. O termo \u201cperegrino\u201d aparece em nossa l\u00edngua na primeira metade do s\u00e9culo XIII, para denominar os crist\u00e3os que viajavam a Roma ou&#8230;<\/p>\n","protected":false},"author":1,"featured_media":0,"comment_status":"open","ping_status":"closed","sticky":false,"template":"","format":"standard","meta":{"_mi_skip_tracking":false,"_monsterinsights_sitenote_active":false,"_monsterinsights_sitenote_note":"","_monsterinsights_sitenote_category":0,"footnotes":""},"categories":[1281,5041,101],"tags":[],"_links":{"self":[{"href":"https:\/\/blog.cancaonova.com\/peregrinacoes\/wp-json\/wp\/v2\/posts\/11698"}],"collection":[{"href":"https:\/\/blog.cancaonova.com\/peregrinacoes\/wp-json\/wp\/v2\/posts"}],"about":[{"href":"https:\/\/blog.cancaonova.com\/peregrinacoes\/wp-json\/wp\/v2\/types\/post"}],"author":[{"embeddable":true,"href":"https:\/\/blog.cancaonova.com\/peregrinacoes\/wp-json\/wp\/v2\/users\/1"}],"replies":[{"embeddable":true,"href":"https:\/\/blog.cancaonova.com\/peregrinacoes\/wp-json\/wp\/v2\/comments?post=11698"}],"version-history":[{"count":8,"href":"https:\/\/blog.cancaonova.com\/peregrinacoes\/wp-json\/wp\/v2\/posts\/11698\/revisions"}],"predecessor-version":[{"id":11734,"href":"https:\/\/blog.cancaonova.com\/peregrinacoes\/wp-json\/wp\/v2\/posts\/11698\/revisions\/11734"}],"wp:attachment":[{"href":"https:\/\/blog.cancaonova.com\/peregrinacoes\/wp-json\/wp\/v2\/media?parent=11698"}],"wp:term":[{"taxonomy":"category","embeddable":true,"href":"https:\/\/blog.cancaonova.com\/peregrinacoes\/wp-json\/wp\/v2\/categories?post=11698"},{"taxonomy":"post_tag","embeddable":true,"href":"https:\/\/blog.cancaonova.com\/peregrinacoes\/wp-json\/wp\/v2\/tags?post=11698"}],"curies":[{"name":"wp","href":"https:\/\/api.w.org\/{rel}","templated":true}]}}