{"id":11755,"date":"2010-05-30T08:00:16","date_gmt":"2010-05-30T05:00:16","guid":{"rendered":"http:\/\/blog.cancaonova.com\/peregrinacoes\/?p=11755"},"modified":"2011-03-30T13:47:32","modified_gmt":"2011-03-30T15:47:32","slug":"turismo-com-a-biblia-na-mao","status":"publish","type":"post","link":"https:\/\/blog.cancaonova.com\/peregrinacoes\/2010\/05\/30\/turismo-com-a-biblia-na-mao\/","title":{"rendered":"Turismo com a B\u00edblia na m\u00e3o"},"content":{"rendered":"<p><em>Uma experi\u00eancia que mudar\u00e1 a sua vida&#8230;<\/em><\/p>\n<p><a href=\"http:\/\/blog.cancaonova.com\/peregrinacoes\/files\/2009\/12\/fotos-terra-santa-154.jpg\"><img loading=\"lazy\" decoding=\"async\" class=\"aligncenter size-medium wp-image-11518\" src=\"http:\/\/blog.cancaonova.com\/peregrinacoes\/files\/2009\/12\/fotos-terra-santa-154-300x174.jpg\" alt=\"\" width=\"300\" height=\"174\" \/><\/a><\/p>\n<p>Aqui o esp\u00edrito do homem aprendeu a voar e daqui saiu uma nova mensagem para todo o mundo.<\/p>\n<p style=\"text-align: center\"><a href=\"http:\/\/blog.cancaonova.com\/peregrinacoes\/files\/2009\/12\/jerusalem.jpg\"><img loading=\"lazy\" decoding=\"async\" class=\"aligncenter size-medium wp-image-11499\" src=\"http:\/\/blog.cancaonova.com\/peregrinacoes\/files\/2009\/12\/jerusalem-300x186.jpg\" alt=\"\" width=\"300\" height=\"186\" \/><\/a><\/p>\n<p>&#8230;&#8221;Vinde, e subamos ao monte do Senhor, \u00e0 casa do Deus de Jac\u00f3, para que nos ensine os seus caminhos, e\u00a0 andemos nas suas veredas; porque de Si\u00e3o sair\u00e1 a lei, e de Jerusal\u00e9m a palavra do Senhor.&#8221; (Is 2,3-4)<\/p>\n<p>JUNHO<\/p>\n<p>Terra Santa\u00a0&#8211;\u00a0sa\u00edda dia 05\/06\/11 &#8211; Diretores Espirituais\u00a0Pe. Jos\u00e9 Augusto, Dunga e Emanuel \u00a0 \u00a0 \u00a0 ( Peregrina\u00e7\u00e3o a Terra Santa e Encontro de\u00a0Pentecostes\u00a0em\u00a0Jerusal\u00e9m)<\/p>\n<p>Terra Santa\u00a0&#8211; sa\u00edda dia 08\/06\/11- Diretores Espirituais\u00a0Prof. Felipe Aquino<\/p>\n<p>Terra Santa\u00a0&#8211; sa\u00edda dia 21\/06\/11- Diretor Espiritual\u00a0Pe. Clovis<\/p>\n<p>Terra Santa\u00a0&#8211; sa\u00edda dia 30\/06\/11 &#8211; Diretores Espirituais\u00a0Diacono Nelsinho Correa\u00a0e\u00a0Marcia Correa<\/p>\n<p>JULHO<\/p>\n<p>Terra Santa\u00a0&#8211; sa\u00edda dia 14\/07\/11- Diretores Espirituais\u00a0Mazinho\u00a0e\u00a0Celiane<\/p>\n<p>Terra Santa\u00a0&#8211; sa\u00edda dia 03\/07\/11- Diretor Espiritual\u00a0Pe. Hamilton<\/p>\n<p>Terra Santa\u00a0&#8211; sa\u00edda 21\/07\/11- Diretor Espiritual\u00a0Pe Eliano\u00a0(Salvista)<\/p>\n<p>AGOSTO<\/p>\n<p>Terra\u00a0Santa\u00a0&#8211; sa\u00edda dia 01\/08\/11- Dir. Espirituais\u00a0&#8211; Pe. Edimilson e Roger Luis (Pentecostes na Terra Santa)<\/p>\n<p>Madrid (Jornada Mundial da Juventude) &#8211; sa\u00edda dia 14\/08\/11<\/p>\n<p>SETEMBRO<\/p>\n<p>Terra Santa\u00a0&#8211; sa\u00edda 13\/09\/11- Diretor Espiritual\u00a0Pe. Donizete<\/p>\n<p>Mexico\u00a0&#8211; sa\u00edda 21\/09\/11- Diretores Espirituais\u00a0Pe. Paulinho e Prof. Felipe<\/p>\n<p>OUTUBRO<\/p>\n<p>Santu\u00e1rios Marianos &#8211; sa\u00edda dia 01\/10\/11 &#8211; Diretor Espiritual &#8211; Dunga<\/p>\n<p>Turquia, Gr\u00e9cia e Roma\u00a0&#8211; sa\u00edda dia 10\/10\/11-\u00a0Diretores Espirituais &#8211; Pe. Alo\u00edsio, Ricardo S\u00e1 e Eliana S\u00e1<\/p>\n<p>Terra Santa\u00a0&#8211; Sa\u00edda dia 26\/10\/11- Diretores Espirituais\u00a0Pe. Jo\u00e3o Gulaberto e Wendel<\/p>\n<p>It\u00e1lia, Su\u00ed\u00e7a e Fran\u00e7a\u00a0&#8211; sa\u00edda dia 26\/10\/11 Diretores Espirituais\u00a0Diacono Nelsinho Correa e Marcia Correa<\/p>\n<p>Terra Santa &#8211; Sa\u00edda dia 11\/10\/11 &#8211; Roteiro &#8211; melhor idade diferenciado com 12 dias &#8211;\u00a0Diretor Espiritual Pe. Luizinho<\/p>\n<p>NOVEMBRO<\/p>\n<p>Terra Santa e Sinai\u00a0&#8211; sa\u00edda dia 09\/11\/11 Diretores Espirituais\u00a0Pe. Fabricioe\u00a0Marcio Mendes<\/p>\n<p>Terra Santa\u00a0&#8211; sa\u00edda 03\/11\/11 Diretor Espiritual\u00a0Pe. Jos\u00e9 Augusto<\/p>\n<p>Polonia e Fran\u00e7a\u00a0&#8211; sa\u00edda dia 01\/11\/11 Diretores Espirituais\u00a0Ricardo S\u00e1,Eliana S\u00e1, Prof. Felipe Aquino e Pe. Francisco<\/p>\n<p>It\u00e1lia e Medjugorge\u00a0&#8211; sa\u00edda dia 23\/11\/11 Diretores Espirituais\u00a0Pe. Paulinho\u00a0e\u00a0Sonia Venancio<\/p>\n<p>DEZEMBRO<\/p>\n<p>Terra Santa\u00a0&#8211; sa\u00edda dia 30\/11\/11 Diretor Espiritual\u00a0Cleto<\/p>\n<p>Terra Santa\u00a0&#8211; sa\u00edda dia 07\/12\/11 Diretor Espiritual\u00a0Pe. Hamilton<\/p>\n<p>Terra Santa\u00a0&#8211; sa\u00edda dia 14\/12\/11 Diretores Espirituais\u00a0Ricardo S\u00e1,\u00a0Eliana S\u00e1 e Pe. Arlon<\/p>\n<p>Terra Santa &#8211;\u00a0sa\u00edda dia 13\/12\/11 Diretor Espiritual\u00a0Adriano Gon\u00e7alves e Pe. Bruno\u00a0&#8211; Roteiro especial &#8221; Acampamento Revolu\u00e7\u00e3o Jesus na Terra Santa&#8221; \u00a0idade 16 a 46 anos<\/p>\n<p style=\"text-align: center\"><span><strong><em>Peregrinar\u2026 s\u00f3 pode ser  pela Obra de Maria!<br \/>\n<\/em><\/strong><\/span><\/p>\n<p style=\"text-align: center\">\n<p style=\"text-align: center\"><a href=\"http:\/\/blog.cancaonova.com\/peregrinacoes\/files\/2007\/09\/barra_top.jpg\"><img loading=\"lazy\" decoding=\"async\" class=\"aligncenter size-medium wp-image-1761\" src=\"http:\/\/blog.cancaonova.com\/peregrinacoes\/files\/2007\/09\/barra_top.jpg\" alt=\"\" width=\"300\" height=\"54\" \/><\/a><\/p>\n<p style=\"text-align: center\"><strong>Mais que viagens\u2026 encontros com  Deus! <\/strong><\/p>\n<p style=\"text-align: center\">Contatos (0xx12) 3186 2055<\/p>\n<p style=\"text-align: center\">ou pelo\u00a0e-mail <span style=\"color: #17397a\"><a href=\"mailto:peregrinacoes@cancaonova.com\"><span style=\"color: #17397a\">peregrinacoes@cancaonova.com<\/span><\/a><\/span><\/p>\n<p style=\"text-align: center\"><a href=\"..\/category\/cadastre-se-aqui\/\"><span style=\"color: #17397a\">CADASTRE-SE<\/span><\/a><\/p>\n<p style=\"text-align: left\"><em>Deixe seu coment\u00e1rio e seu pedido de  ora\u00e7\u00e3o que estaremos rezando nas suas inten\u00e7oes pelos lugares santos\u2026<\/em><\/p>\n","protected":false},"excerpt":{"rendered":"<p>Uma experi\u00eancia que mudar\u00e1 a sua vida&#8230; Aqui o esp\u00edrito do homem aprendeu a voar e daqui saiu uma nova mensagem para todo o mundo. &#8230;&#8221;Vinde, e subamos ao monte do Senhor, \u00e0 casa do Deus de Jac\u00f3, para que&#8230;<\/p>\n","protected":false},"author":4472,"featured_media":0,"comment_status":"open","ping_status":"closed","sticky":false,"template":"","format":"standard","meta":{"_mi_skip_tracking":false,"_monsterinsights_sitenote_active":false,"_monsterinsights_sitenote_note":"","_monsterinsights_sitenote_category":0,"footnotes":""},"categories":[5041],"tags":[31312],"_links":{"self":[{"href":"https:\/\/blog.cancaonova.com\/peregrinacoes\/wp-json\/wp\/v2\/posts\/11755"}],"collection":[{"href":"https:\/\/blog.cancaonova.com\/peregrinacoes\/wp-json\/wp\/v2\/posts"}],"about":[{"href":"https:\/\/blog.cancaonova.com\/peregrinacoes\/wp-json\/wp\/v2\/types\/post"}],"author":[{"embeddable":true,"href":"https:\/\/blog.cancaonova.com\/peregrinacoes\/wp-json\/wp\/v2\/users\/4472"}],"replies":[{"embeddable":true,"href":"https:\/\/blog.cancaonova.com\/peregrinacoes\/wp-json\/wp\/v2\/comments?post=11755"}],"version-history":[{"count":8,"href":"https:\/\/blog.cancaonova.com\/peregrinacoes\/wp-json\/wp\/v2\/posts\/11755\/revisions"}],"predecessor-version":[{"id":11771,"href":"https:\/\/blog.cancaonova.com\/peregrinacoes\/wp-json\/wp\/v2\/posts\/11755\/revisions\/11771"}],"wp:attachment":[{"href":"https:\/\/blog.cancaonova.com\/peregrinacoes\/wp-json\/wp\/v2\/media?parent=11755"}],"wp:term":[{"taxonomy":"category","embeddable":true,"href":"https:\/\/blog.cancaonova.com\/peregrinacoes\/wp-json\/wp\/v2\/categories?post=11755"},{"taxonomy":"post_tag","embeddable":true,"href":"https:\/\/blog.cancaonova.com\/peregrinacoes\/wp-json\/wp\/v2\/tags?post=11755"}],"curies":[{"name":"wp","href":"https:\/\/api.w.org\/{rel}","templated":true}]}}