{"id":11947,"date":"2010-08-11T18:08:32","date_gmt":"2010-08-11T15:08:32","guid":{"rendered":"http:\/\/blog.cancaonova.com\/peregrinacoes\/?p=11947"},"modified":"2010-08-12T19:34:15","modified_gmt":"2010-08-12T16:34:15","slug":"vivenciar-a-terra-santa","status":"publish","type":"post","link":"https:\/\/blog.cancaonova.com\/peregrinacoes\/2010\/08\/11\/vivenciar-a-terra-santa\/","title":{"rendered":"Vivenciar a Terra Santa"},"content":{"rendered":"<p style=\"text-align: center\"><a href=\"http:\/\/blog.cancaonova.com\/peregrinacoes\/files\/2010\/08\/fotos-terra-santa-117.jpg\"><img loading=\"lazy\" decoding=\"async\" class=\"alignnone size-medium wp-image-11963\" src=\"http:\/\/blog.cancaonova.com\/peregrinacoes\/files\/2010\/08\/fotos-terra-santa-117-300x199.jpg\" alt=\"\" width=\"253\" height=\"157\" \/><\/a><\/p>\n<p style=\"text-align: center\">\n<p style=\"text-align: left\"><strong>Sa\u00edda: <\/strong>30 de novembro de 2010<\/p>\n<p style=\"text-align: left\">Fazer a experi\u00eancia e aproximar-se de Jesus Cristo atrav\u00e9s desta linda viagem \u00e0 Terra Santa onde as ra\u00edzes da f\u00e9 crist\u00e3 est\u00e1 em cada lugar&#8230;<\/p>\n<p style=\"text-align: left\"><a href=\"http:\/\/blog.cancaonova.com\/peregrinacoes\/files\/2010\/08\/fotos-terra-santa-154.jpg\"><img loading=\"lazy\" decoding=\"async\" class=\"alignnone size-medium wp-image-11965\" src=\"http:\/\/blog.cancaonova.com\/peregrinacoes\/files\/2010\/08\/fotos-terra-santa-154-300x174.jpg\" alt=\"\" width=\"222\" height=\"174\" \/><\/a><a href=\"http:\/\/blog.cancaonova.com\/peregrinacoes\/files\/2010\/08\/fotos-terra-santa-084.jpg\"><img loading=\"lazy\" decoding=\"async\" class=\"alignnone size-medium wp-image-11966\" src=\"http:\/\/blog.cancaonova.com\/peregrinacoes\/files\/2010\/08\/fotos-terra-santa-084-300x198.jpg\" alt=\"\" width=\"234\" height=\"174\" \/><\/a><\/p>\n<p style=\"text-align: left\">\n<p style=\"text-align: left\">A experi\u00eancia \u00e9 pessoal e o convite \u00e9 para voc\u00ea que deseja realizar este sonho.<\/p>\n<p style=\"text-align: left\">Teremos como diretores espirituais: <strong>Pe. Bruno e Sonia Ven\u00e2ncio<\/strong><\/p>\n<p style=\"text-align: left\"><a href=\"http:\/\/blog.cancaonova.com\/peregrinacoes\/files\/2010\/08\/pebruno.jpg\"><img loading=\"lazy\" decoding=\"async\" class=\"alignnone size-medium wp-image-11968\" src=\"http:\/\/blog.cancaonova.com\/peregrinacoes\/files\/2010\/08\/pebruno-300x200.jpg\" alt=\"\" width=\"235\" height=\"200\" \/><\/a><a href=\"http:\/\/blog.cancaonova.com\/peregrinacoes\/files\/2010\/08\/100_6066.jpg\"><img loading=\"lazy\" decoding=\"async\" class=\"alignnone size-medium wp-image-11969\" src=\"http:\/\/blog.cancaonova.com\/peregrinacoes\/files\/2010\/08\/100_6066-300x225.jpg\" alt=\"\" width=\"222\" height=\"198\" \/><\/a><\/p>\n<p style=\"text-align: left\">\n<p style=\"text-align: center\"><span><strong><em>Peregrinar&#8230; s\u00f3 pode ser pela Obra de Maria!<br \/>\n<\/em><\/strong><\/span>\n<\/p>\n<p style=\"text-align: center\"><strong><a href=\"http:\/\/www.obrademaria.com.br\/\" target=\"_blank\"><img loading=\"lazy\" decoding=\"async\" class=\"alignnone size-medium wp-image-9271\" src=\"http:\/\/blog.cancaonova.com\/peregrinacoes\/files\/2009\/05\/barra_top1-300x54.jpg\" alt=\"\" width=\"350\" height=\"54\" \/><\/a><\/strong><\/p>\n<p style=\"text-align: center\"><strong>Mais que viagens\u2026 encontros com Deus! <\/strong><\/p>\n<p style=\"text-align: center\">Contatos (0xx12) 3186 2055<\/p>\n<p style=\"text-align: center\">ou pelo\u00a0e-mail <span style=\"color: #17397a\"><a href=\"mailto:peregrinacoes@cancaonova.com\"><span style=\"color: #17397a\">peregrinacoes@cancaonova.com<\/span><\/a><\/span><\/p>\n<p style=\"text-align: center\"><a href=\"http:\/\/blog.cancaonova.com\/peregrinacoes\/category\/cadastre-se-aqui\/\"><span style=\"color: #17397a\">CADASTRE-SE<\/span><\/a><\/p>\n<p style=\"text-align: left\"><em>Deixe seu coment\u00e1rio e seu pedido de ora\u00e7\u00e3o que estaremos rezando nas suas inten\u00e7oes pelos lugares santos\u2026<\/em><\/p>\n<p style=\"text-align: left\">\n<p style=\"text-align: left\">\n","protected":false},"excerpt":{"rendered":"<p>Sa\u00edda: 30 de novembro de 2010 Fazer a experi\u00eancia e aproximar-se de Jesus Cristo atrav\u00e9s desta linda viagem \u00e0 Terra Santa onde as ra\u00edzes da f\u00e9 crist\u00e3 est\u00e1 em cada lugar&#8230; A experi\u00eancia \u00e9 pessoal e o convite \u00e9 para&#8230;<\/p>\n","protected":false},"author":1,"featured_media":0,"comment_status":"open","ping_status":"closed","sticky":false,"template":"","format":"standard","meta":{"_mi_skip_tracking":false,"_monsterinsights_sitenote_active":false,"_monsterinsights_sitenote_note":"","_monsterinsights_sitenote_category":0,"footnotes":""},"categories":[5041],"tags":[8461,25089,34176,178723,34177,601],"_links":{"self":[{"href":"https:\/\/blog.cancaonova.com\/peregrinacoes\/wp-json\/wp\/v2\/posts\/11947"}],"collection":[{"href":"https:\/\/blog.cancaonova.com\/peregrinacoes\/wp-json\/wp\/v2\/posts"}],"about":[{"href":"https:\/\/blog.cancaonova.com\/peregrinacoes\/wp-json\/wp\/v2\/types\/post"}],"author":[{"embeddable":true,"href":"https:\/\/blog.cancaonova.com\/peregrinacoes\/wp-json\/wp\/v2\/users\/1"}],"replies":[{"embeddable":true,"href":"https:\/\/blog.cancaonova.com\/peregrinacoes\/wp-json\/wp\/v2\/comments?post=11947"}],"version-history":[{"count":13,"href":"https:\/\/blog.cancaonova.com\/peregrinacoes\/wp-json\/wp\/v2\/posts\/11947\/revisions"}],"predecessor-version":[{"id":11964,"href":"https:\/\/blog.cancaonova.com\/peregrinacoes\/wp-json\/wp\/v2\/posts\/11947\/revisions\/11964"}],"wp:attachment":[{"href":"https:\/\/blog.cancaonova.com\/peregrinacoes\/wp-json\/wp\/v2\/media?parent=11947"}],"wp:term":[{"taxonomy":"category","embeddable":true,"href":"https:\/\/blog.cancaonova.com\/peregrinacoes\/wp-json\/wp\/v2\/categories?post=11947"},{"taxonomy":"post_tag","embeddable":true,"href":"https:\/\/blog.cancaonova.com\/peregrinacoes\/wp-json\/wp\/v2\/tags?post=11947"}],"curies":[{"name":"wp","href":"https:\/\/api.w.org\/{rel}","templated":true}]}}