{"id":11974,"date":"2010-08-12T20:53:06","date_gmt":"2010-08-12T17:53:06","guid":{"rendered":"http:\/\/blog.cancaonova.com\/peregrinacoes\/?p=11974"},"modified":"2010-08-12T20:53:06","modified_gmt":"2010-08-12T17:53:06","slug":"voce-nos-caminhos-da-fe","status":"publish","type":"post","link":"https:\/\/blog.cancaonova.com\/peregrinacoes\/2010\/08\/12\/voce-nos-caminhos-da-fe\/","title":{"rendered":"Voc\u00ea nos caminhos da f\u00e9"},"content":{"rendered":"<p><strong>Peregrina\u00e7\u00e3o especial&#8230;<\/strong><\/p>\n<p style=\"text-align: center\"><a href=\"http:\/\/blog.cancaonova.com\/peregrinacoes\/files\/2010\/08\/fotos-terra-santa-001.jpg\"><img loading=\"lazy\" decoding=\"async\" class=\"size-medium wp-image-11975 aligncenter\" src=\"http:\/\/blog.cancaonova.com\/peregrinacoes\/files\/2010\/08\/fotos-terra-santa-001-300x199.jpg\" alt=\"\" width=\"265\" height=\"199\" \/><\/a><\/p>\n<p style=\"text-align: left\"><strong>\u00c9 um estudo B\u00edblico&#8230;<\/strong><\/p>\n<p style=\"text-align: left\"><a href=\"http:\/\/blog.cancaonova.com\/peregrinacoes\/files\/2010\/08\/fotos-terra-santa-048.jpg\"><img loading=\"lazy\" decoding=\"async\" class=\"alignnone size-medium wp-image-11976\" src=\"http:\/\/blog.cancaonova.com\/peregrinacoes\/files\/2010\/08\/fotos-terra-santa-048-300x199.jpg\" alt=\"\" width=\"245\" height=\"171\" \/><\/a><strong> Voc\u00ea far\u00e1 uma experi\u00eancia inesquec\u00edvel&#8230;<\/strong><\/p>\n<p style=\"text-align: left\"><strong>Quem vai conduzir o estudo B\u00edblico na Terra Santa?<\/strong><\/p>\n<p style=\"text-align: left\"><a href=\"http:\/\/blog.cancaonova.com\/peregrinacoes\/files\/2010\/08\/images.jpeg\"><img loading=\"lazy\" decoding=\"async\" class=\"alignnone size-medium wp-image-11979\" src=\"http:\/\/blog.cancaonova.com\/peregrinacoes\/files\/2010\/08\/images.jpeg\" alt=\"\" width=\"245\" height=\"184\" \/><\/a><\/p>\n<p class=\"western\" style=\"margin-bottom: 0cm\" align=\"JUSTIFY\"><span style=\"font-family: Arial,sans-serif\">Jos\u00e9 Prado Flores \u00e9 leigo cat\u00f3lico, professor do Instituto das Sagradas Escrituras, e desde o final da d\u00e9cada de 70 dedica-se exclusivamente \u00e0 prega\u00e7\u00e3o, no M\u00e9xico \u2013 seu pa\u00eds de origem \u2013 e em v\u00e1rios outros pa\u00edses. Conhecido como um atuante formador de evangelizadores, fundou, em 1994, a Escola de Evangeliza\u00e7\u00e3o Santo Andr\u00e9, origin\u00e1ria da Escola dos Ap\u00f3stolos. Tem cerca de 35 livros publicados sobre evangeliza\u00e7\u00e3o e Renova\u00e7\u00e3o Carism\u00e1tica, a maioria deles traduzidos para v\u00e1rias l\u00ednguas.<\/span><\/p>\n<p class=\"western\" style=\"margin-bottom: 0cm\" align=\"JUSTIFY\"><strong>Sa\u00edda dia 22 de novembro de 2010<\/strong><\/p>\n<p style=\"text-align: center\"><span><strong><em>Peregrinar&#8230; s\u00f3 pode ser pela Obra de Maria!<br \/>\n<\/em><\/strong><\/span>\n<\/p>\n<p style=\"text-align: center\"><strong><a href=\"http:\/\/www.obrademaria.com.br\/\" target=\"_blank\"><img loading=\"lazy\" decoding=\"async\" class=\"alignnone size-medium wp-image-9271\" src=\"http:\/\/blog.cancaonova.com\/peregrinacoes\/files\/2009\/05\/barra_top1-300x54.jpg\" alt=\"\" width=\"351\" height=\"60\" \/><\/a><\/strong><\/p>\n<p style=\"text-align: center\"><strong>Mais que viagens\u2026 encontros com Deus! <\/strong><\/p>\n<p style=\"text-align: center\">Contatos (0xx12) 3186 2055<\/p>\n<p style=\"text-align: center\">ou pelo\u00a0e-mail <span style=\"color: #17397a\"><a href=\"mailto:peregrinacoes@cancaonova.com\"><span style=\"color: #17397a\">peregrinacoes@cancaonova.com<\/span><\/a><\/span><\/p>\n<p style=\"text-align: center\"><a href=\"http:\/\/blog.cancaonova.com\/peregrinacoes\/category\/cadastre-se-aqui\/\"><span style=\"color: #17397a\">CADASTRE-SE<\/span><\/a><\/p>\n<p style=\"text-align: left\"><em><strong>Aten\u00e7\u00e3o confira a agenda de 2011 em nossa p\u00e1gina<\/strong><\/em><\/p>\n<p style=\"text-align: left\"><em>Deixe seu coment\u00e1rio e seu pedido de ora\u00e7\u00e3o que estaremos rezando nas suas inten\u00e7oes pelos lugares santos\u2026<\/em><\/p>\n<p class=\"western\" style=\"margin-bottom: 0cm\" align=\"JUSTIFY\">\n<p style=\"text-align: left\">\n","protected":false},"excerpt":{"rendered":"<p>Peregrina\u00e7\u00e3o especial&#8230; \u00c9 um estudo B\u00edblico&#8230; Voc\u00ea far\u00e1 uma experi\u00eancia inesquec\u00edvel&#8230; Quem vai conduzir o estudo B\u00edblico na Terra Santa? Jos\u00e9 Prado Flores \u00e9 leigo cat\u00f3lico, professor do Instituto das Sagradas Escrituras, e desde o final da d\u00e9cada de 70&#8230;<\/p>\n","protected":false},"author":1,"featured_media":0,"comment_status":"open","ping_status":"closed","sticky":false,"template":"","format":"standard","meta":{"_mi_skip_tracking":false,"_monsterinsights_sitenote_active":false,"_monsterinsights_sitenote_note":"","_monsterinsights_sitenote_category":0,"footnotes":""},"categories":[5041],"tags":[],"_links":{"self":[{"href":"https:\/\/blog.cancaonova.com\/peregrinacoes\/wp-json\/wp\/v2\/posts\/11974"}],"collection":[{"href":"https:\/\/blog.cancaonova.com\/peregrinacoes\/wp-json\/wp\/v2\/posts"}],"about":[{"href":"https:\/\/blog.cancaonova.com\/peregrinacoes\/wp-json\/wp\/v2\/types\/post"}],"author":[{"embeddable":true,"href":"https:\/\/blog.cancaonova.com\/peregrinacoes\/wp-json\/wp\/v2\/users\/1"}],"replies":[{"embeddable":true,"href":"https:\/\/blog.cancaonova.com\/peregrinacoes\/wp-json\/wp\/v2\/comments?post=11974"}],"version-history":[{"count":8,"href":"https:\/\/blog.cancaonova.com\/peregrinacoes\/wp-json\/wp\/v2\/posts\/11974\/revisions"}],"predecessor-version":[{"id":12010,"href":"https:\/\/blog.cancaonova.com\/peregrinacoes\/wp-json\/wp\/v2\/posts\/11974\/revisions\/12010"}],"wp:attachment":[{"href":"https:\/\/blog.cancaonova.com\/peregrinacoes\/wp-json\/wp\/v2\/media?parent=11974"}],"wp:term":[{"taxonomy":"category","embeddable":true,"href":"https:\/\/blog.cancaonova.com\/peregrinacoes\/wp-json\/wp\/v2\/categories?post=11974"},{"taxonomy":"post_tag","embeddable":true,"href":"https:\/\/blog.cancaonova.com\/peregrinacoes\/wp-json\/wp\/v2\/tags?post=11974"}],"curies":[{"name":"wp","href":"https:\/\/api.w.org\/{rel}","templated":true}]}}