{"id":12178,"date":"2010-11-09T20:47:06","date_gmt":"2010-11-09T17:47:06","guid":{"rendered":"http:\/\/blog.cancaonova.com\/peregrinacoes\/?p=12178"},"modified":"2010-11-19T17:30:56","modified_gmt":"2010-11-19T14:30:56","slug":"jerusalem-via-crucis","status":"publish","type":"post","link":"https:\/\/blog.cancaonova.com\/peregrinacoes\/2010\/11\/09\/jerusalem-via-crucis\/","title":{"rendered":"Jerusal\u00e9m: Via Cr\u00facis"},"content":{"rendered":"<p><span>O  objeto das Esta\u00e7\u00f5es \u00e9 ajudar os fi\u00e9is a fazerem uma peregrina\u00e7\u00e3o  espiritual de ora\u00e7\u00e3o, atrav\u00e9s da medita\u00e7\u00e3o sobre as fortes cenas de  sofrimento e morte de Cristo.<\/span> <span>Tornou-se uma das devo\u00e7\u00f5es mais populares para os crist\u00e3os cat\u00f3licos.<\/span><\/p>\n<p style=\"text-align: center;\"><a href=\"http:\/\/blog.cancaonova.com\/peregrinacoes\/files\/2010\/11\/imagesrrr.jpeg\"><img loading=\"lazy\" decoding=\"async\" class=\"alignnone size-medium wp-image-12179\" title=\"imagesrrr\" src=\"http:\/\/blog.cancaonova.com\/peregrinacoes\/files\/2010\/11\/imagesrrr.jpeg\" alt=\"\" width=\"166\" height=\"148\" \/> <\/a><a href=\"http:\/\/blog.cancaonova.com\/peregrinacoes\/files\/2010\/11\/images2inicio.jpeg\"><img loading=\"lazy\" decoding=\"async\" class=\"size-medium wp-image-12181 aligncenter\" title=\"images2inicio\" src=\"http:\/\/blog.cancaonova.com\/peregrinacoes\/files\/2010\/11\/images2inicio.jpeg\" alt=\"\" width=\"168\" height=\"147\" \/> <\/a><a href=\"http:\/\/blog.cancaonova.com\/peregrinacoes\/files\/2010\/11\/images2inicio.jpeg\"> <\/a><\/p>\n<p><span>Em sua enc\u00edclica carta, Miserentissimus Redemptor, de repara\u00e7\u00f5es o Papa Pio XI no chamado atos de repara\u00e7\u00e3o a Jesus Cristo diz ser um dever para os cat\u00f3licos e se refere a eles como <em>&#8220;uma esp\u00e9cie de compensa\u00e7\u00e3o a serem prestados pelo preju\u00edzo&#8221;<\/em> no que diz respeito ao sofrimento de Jesus.<a href=\"http:\/\/translate.googleusercontent.com\/translate_c?hl=pt-br&amp;sl=en&amp;u=http:\/\/en.wikipedia.org\/wiki\/Stations_of_the_Cross&amp;prev=\/search%3Fq%3Dvia%2Bcr%25C3%25BAcis%2Bem%2Bjerusalem%26hl%3Dpt-br%26client%3Dfirefox-a%26sa%3DN%26rls%3Dorg.mozilla:pt-BR:official%26biw%3D1006%26bih%3D516%26prmd%3Dmv&amp;rurl=translate.google.com.br&amp;usg=ALkJrhh5ioI0UuUH7nkEDr6e1OIgGzSJKw#cite_note-2\"><\/a> <\/span><\/p>\n<p><span>O Papa Jo\u00e3o Paulo II no referidos atos de reapara\u00e7\u00e3o como o <em>&#8220;esfor\u00e7o incessante para estar ao lado das infinitas cruzes em que o Filho de Deus continua a ser crucificado.&#8221;<\/em> <\/span><\/p>\n<p><a href=\"http:\/\/blog.cancaonova.com\/peregrinacoes\/files\/2010\/11\/images1.jpeg\"><img loading=\"lazy\" decoding=\"async\" class=\"alignnone size-medium wp-image-12186\" title=\"images1\" src=\"http:\/\/blog.cancaonova.com\/peregrinacoes\/files\/2010\/11\/images1.jpeg\" alt=\"\" width=\"151\" height=\"127\" \/> <\/a><a href=\"http:\/\/blog.cancaonova.com\/peregrinacoes\/files\/2010\/11\/imagesff.jpeg\"><img loading=\"lazy\" decoding=\"async\" class=\"alignnone size-medium wp-image-12188\" title=\"imagesff\" src=\"http:\/\/blog.cancaonova.com\/peregrinacoes\/files\/2010\/11\/imagesff.jpeg\" alt=\"\" width=\"157\" height=\"127\" \/> <\/a><\/p>\n<p><strong>1\u00aa<\/strong> <strong>esta\u00e7\u00e3o<\/strong> &#8211; Pilatos condena Jesus ( Fortaleza Antonia).<\/p>\n<p><strong>2\u00aa esta\u00e7\u00e3o<\/strong> &#8211; Jesus come\u00e7a a carregar a cruz ( A Capela da condena\u00e7\u00e3o).<\/p>\n<p><strong>3\u00aa esta\u00e7\u00e3o<\/strong> &#8211; Jesus cai pela primeira vez.<\/p>\n<p><strong>4\u00aa esta\u00e7\u00e3o<\/strong> &#8211; Jesus encontra a sua m\u00e3e.<\/p>\n<p><strong>5\u00aa esta\u00e7\u00e3o<\/strong> &#8211; Sim\u00e3o Cirineu ajuda Jesus a carregar a cruz.<\/p>\n<p><strong>6\u00aa esta\u00e7\u00e3o<\/strong> &#8211; Uma mulher de Jerusal\u00e9m seca o rosto de Jusus com um pano e o pano fica marcado com seu rosto. Vera Nika em grego significa &#8220;a veradeira imagem&#8221;, assim a mulher fica conhecida &#8220;Ver\u00f4nica.&#8221;<\/p>\n<p><strong>7\u00aa esta\u00e7\u00e3o<\/strong> &#8211; Jesus cai pela seunda vez.<\/p>\n<p><strong>8\u00aa esta\u00e7\u00e3o<\/strong> &#8211; Jesus consola as mulheres de Jerusal\u00e9m.<\/p>\n<p><strong>9\u00aa esta\u00e7\u00e3o<\/strong> &#8211; Jesus cai pela terceira vez.<\/p>\n<p><strong>10\u00aa esta\u00e7\u00e3o<\/strong> &#8211; Jesus \u00e9 despido.<\/p>\n<p><strong>11\u00aa esta\u00e7\u00e3o<\/strong> &#8211; Jesus \u00e9 pregado na cruz.<\/p>\n<p><strong>12\u00aa esta\u00e7\u00e3o<\/strong> &#8211; Jesus morre na cruz.<\/p>\n<p><strong>13\u00aa esta\u00e7\u00e3o<\/strong> &#8211; O corpo de Jesus \u00e9 retirado da cruz e levado ( a Pedra da Un\u00e7\u00e3o ).<\/p>\n<p><strong>14\u00aa esta\u00e7\u00e3o<\/strong> &#8211; O corpo de Jesus \u00e9 colocado na tumba de Jos\u00e9 de Arimat\u00e9ia.<\/p>\n<p><strong>*<\/strong> As cinco \u00faltimas esta\u00e7\u00e3o ficam dentro da Igreja do Santo Sepulcro.<\/p>\n<p style=\"text-align: left;\"><strong>Venha viajar conosco por estas estradas.<\/strong><\/p>\n<p style=\"text-align: left;\"><strong>FEVEREIRO<\/strong><\/p>\n<p style=\"text-align: left;\"><strong>Sa\u00edda dia 08\/02\/11 &#8211; Diretor espiritual<\/strong> &#8211; Pe. S\u00f3stenes<\/p>\n<p style=\"text-align: left;\"><strong>Sa\u00edda dia 15\/02\/11 &#8211; Diretores espirituais<\/strong> &#8211; Pe. Xavier e S\u00f4nia Venancio<\/p>\n<p style=\"text-align: left;\"><strong>MAR\u00c7O<\/strong><\/p>\n<p style=\"text-align: left;\"><strong>Sa\u00edda dia 08\/03\/11 &#8211; Diretor espiritual<\/strong> &#8211; Pe. Bruno<\/p>\n<p style=\"text-align: left;\"><strong>Sa\u00edda dia 15\/03\/11 &#8211; Diretores espirituais <\/strong>&#8211; Pe. Luizinho e Dunga<\/p>\n<p style=\"text-align: left;\"><strong>Sa\u00edda dia24\/03\/11 &#8211; Estudo B\u00edblico com Prado Flores<\/strong><\/p>\n<p class=\"western\" style=\"margin-bottom: 0cm; text-align: left;\">Estamos esperando por voc\u00ea.<\/p>\n<p align=\"center\"><em><span style=\"font-size: x-small;\">Deixe seu pedido de Ora\u00e7\u00e3o para que possamos estar enviando para a Terra Santa<strong>.<\/strong><\/span><\/em><\/p>\n<p style=\"text-align: center;\" align=\"center\"><a title=\"barra_top.jpg\" href=\"blog.cancaonova.com\/peregrinacoes\/files\/2007\/12\/barra_top.jpg\"><img loading=\"lazy\" decoding=\"async\" class=\"aligncenter\" src=\"..\/files\/2007\/12\/barra_top.jpg\" alt=\"barra_top.jpg\" width=\"280\" height=\"53\" \/><\/a><\/p>\n<p align=\"center\">Contatos (0xx12) 3186 2055<\/p>\n<p align=\"center\">ou pelo\u00a0e-mail <span style=\"color: #17397a;\">peregrinacoes@cancaonova.com<\/span><\/p>\n<p align=\"center\"><strong>Mais que viagens&#8230; encontros com Deus!<\/strong><\/p>\n<p align=\"center\">Informa\u00e7\u00f5es gerais<\/p>\n<p align=\"center\"><span style=\"font-size: x-small;\">(0\u00d712) 3186 2000 ramal 2451<\/span><\/p>\n","protected":false},"excerpt":{"rendered":"<p>O objeto das Esta\u00e7\u00f5es \u00e9 ajudar os fi\u00e9is a fazerem uma peregrina\u00e7\u00e3o espiritual de ora\u00e7\u00e3o, atrav\u00e9s da medita\u00e7\u00e3o sobre as fortes cenas de sofrimento e morte de Cristo. Tornou-se uma das devo\u00e7\u00f5es mais populares para os crist\u00e3os cat\u00f3licos. Em sua&#8230;<\/p>\n","protected":false},"author":4473,"featured_media":0,"comment_status":"open","ping_status":"closed","sticky":false,"template":"","format":"standard","meta":{"_mi_skip_tracking":false,"_monsterinsights_sitenote_active":false,"_monsterinsights_sitenote_note":"","_monsterinsights_sitenote_category":0,"footnotes":""},"categories":[5041],"tags":[36064,28590,29865,36066,36067,25818,36065,9211],"_links":{"self":[{"href":"https:\/\/blog.cancaonova.com\/peregrinacoes\/wp-json\/wp\/v2\/posts\/12178"}],"collection":[{"href":"https:\/\/blog.cancaonova.com\/peregrinacoes\/wp-json\/wp\/v2\/posts"}],"about":[{"href":"https:\/\/blog.cancaonova.com\/peregrinacoes\/wp-json\/wp\/v2\/types\/post"}],"author":[{"embeddable":true,"href":"https:\/\/blog.cancaonova.com\/peregrinacoes\/wp-json\/wp\/v2\/users\/4473"}],"replies":[{"embeddable":true,"href":"https:\/\/blog.cancaonova.com\/peregrinacoes\/wp-json\/wp\/v2\/comments?post=12178"}],"version-history":[{"count":17,"href":"https:\/\/blog.cancaonova.com\/peregrinacoes\/wp-json\/wp\/v2\/posts\/12178\/revisions"}],"predecessor-version":[{"id":12258,"href":"https:\/\/blog.cancaonova.com\/peregrinacoes\/wp-json\/wp\/v2\/posts\/12178\/revisions\/12258"}],"wp:attachment":[{"href":"https:\/\/blog.cancaonova.com\/peregrinacoes\/wp-json\/wp\/v2\/media?parent=12178"}],"wp:term":[{"taxonomy":"category","embeddable":true,"href":"https:\/\/blog.cancaonova.com\/peregrinacoes\/wp-json\/wp\/v2\/categories?post=12178"},{"taxonomy":"post_tag","embeddable":true,"href":"https:\/\/blog.cancaonova.com\/peregrinacoes\/wp-json\/wp\/v2\/tags?post=12178"}],"curies":[{"name":"wp","href":"https:\/\/api.w.org\/{rel}","templated":true}]}}