{"id":12328,"date":"2010-12-07T12:00:08","date_gmt":"2010-12-07T14:00:08","guid":{"rendered":"http:\/\/blog.cancaonova.com\/peregrinacoes\/?p=12328"},"modified":"2010-12-07T12:00:08","modified_gmt":"2010-12-07T14:00:08","slug":"quer-conhecer-o-rio-jordao","status":"publish","type":"post","link":"https:\/\/blog.cancaonova.com\/peregrinacoes\/2010\/12\/07\/quer-conhecer-o-rio-jordao\/","title":{"rendered":"Quer conhecer o Rio Jord\u00e3o?"},"content":{"rendered":"<p style=\"text-align: center\">\n<p class=\"western\" style=\"text-align: center;\"><a href=\"http:\/\/blog.cancaonova.com\/peregrinacoes\/files\/2010\/12\/images22.jpeg\"><img loading=\"lazy\" decoding=\"async\" class=\"size-medium wp-image-12330 aligncenter\" title=\"images22\" src=\"http:\/\/blog.cancaonova.com\/peregrinacoes\/files\/2010\/12\/images22.jpeg\" alt=\"\" width=\"203\" height=\"203\" \/><\/a><\/p>\n<p class=\"western\"><span style=\"font-family: Verdana, sans-serif;\"><span style=\"font-size: medium;\">O <\/span><\/span><span style=\"font-family: Verdana, sans-serif;\"><span style=\"font-size: medium;\"><strong>Rio Jord\u00e3o<\/strong><\/span><\/span><span style=\"font-family: Verdana, sans-serif;\"><span style=\"font-size: medium;\"> (hebraico: <\/span><\/span><span style=\"font-family: Tahoma;\"><span style=\"font-family: Verdana, sans-serif;\"><span style=\"font-size: medium;\">\u05e0\u05d4\u05e8 \u05d4\u05d9\u05e8\u05d3\u05df<\/span><\/span><\/span><span style=\"font-family: Verdana, sans-serif;\"><span style=\"font-size: medium;\">, <\/span><\/span><span style=\"font-family: Verdana, sans-serif;\"><span style=\"font-size: medium;\"><em>nehar hayarden<\/em><\/span><\/span><span style=\"font-family: Verdana, sans-serif;\"><span style=\"font-size: medium;\">;) \u00e9 um rio de grande import\u00e2ncia religiosa que se situa na Terra Santa,formando o talvegue do Vale do Jord\u00e3o, a fronteira natural entre Israel e a  Jord\u00e2nia. Jord\u00e3o significa <\/span><\/span><span style=\"font-family: Verdana, sans-serif;\"><span style=\"font-size: medium;\"><em>aquele que desce<\/em><\/span><\/span><span style=\"font-family: Verdana, sans-serif;\"><span style=\"font-size: medium;\"> ou tamb\u00e9m <\/span><\/span><span style=\"font-family: Verdana, sans-serif;\"><span style=\"font-size: medium;\"><em>lugar onde se desce<\/em><\/span><\/span><span style=\"font-family: Verdana, sans-serif;\"><span style=\"font-size: medium;\"> ( bebedouro).O rio des\u00e1gua no Mar Morto.<\/span><\/span><\/p>\n<p class=\"western\" style=\"text-align: center;\"><a href=\"http:\/\/blog.cancaonova.com\/peregrinacoes\/files\/2010\/12\/300px-bnotyaakovbridge.jpg\"><img loading=\"lazy\" decoding=\"async\" class=\"size-medium wp-image-12332 aligncenter\" title=\"300px-bnotyaakovbridge\" src=\"http:\/\/blog.cancaonova.com\/peregrinacoes\/files\/2010\/12\/300px-bnotyaakovbridge.jpg\" alt=\"\" width=\"270\" height=\"203\" \/><\/a><\/p>\n<p class=\"western\">\n<p class=\"western\"><span style=\"font-family: Verdana, sans-serif;\"><span style=\"font-size: medium;\">Nasce na encosta do monte H\u00e9rmon, atravessa os Lago Hul\u00e9 e segue depois at\u00e9 ao Mar da Galileia, para desaguar no Mar Morto. A nascente situa-se na Jord\u00e2nia e, a Jusante, a Samaria.<\/span><\/span><\/p>\n<p class=\"western\">\n<p class=\"western\"><span style=\"font-family: Verdana, sans-serif;\"><span style=\"font-size: medium;\">O povo de Israel atravessou o rio a seco segundo o Livro de Josu\u00e9 <\/span><\/span><span style=\"font-family: Verdana, sans-serif;\"><span style=\"font-size: medium;\"><em>(cap.3)<\/em><\/span><\/span><span style=\"font-family: Verdana, sans-serif;\"><span style=\"font-size: medium;\">, da. Tamb\u00e9m foi atravessado a seco por Elias e Eliseu.<\/span><\/span><\/p>\n<p class=\"western\"><span style=\"font-family: Verdana, sans-serif;\"><span style=\"font-size: medium;\">Por interm\u00e9dio de Eliseu, segundo a B\u00edblia , houve dois milagres no Jord\u00e3o: a cura de Naaman por ter mergulhado sete vezes no rio; e fez flutuar um machado <\/span><\/span><span style=\"font-family: Verdana, sans-serif;\"><span style=\"font-size: medium;\"><em>(II Reis 5:14, 6:6)<\/em><\/span><\/span><span style=\"font-family: Verdana, sans-serif;\"><span style=\"font-size: medium;\">.<\/span><\/span><\/p>\n<p class=\"western\"><span style=\"font-family: Verdana, sans-serif;\"><span style=\"font-size: medium;\">De acordo com os Evangelhos,Jo\u00e3o Batista desenvolveu a sua prega\u00e7\u00e3o nas proximidades do Jord\u00e3o, onde Jesus foi batizado e n\u00e3o ter\u00e1 sido longe da\u00ed que decorreu o per\u00edodo das suas tenta\u00e7\u00f5es.<\/span><\/span><\/p>\n<p class=\"western\"><a href=\"http:\/\/blog.cancaonova.com\/peregrinacoes\/files\/2010\/12\/imagesfff.jpeg\"><img loading=\"lazy\" decoding=\"async\" class=\"size-medium wp-image-12334  alignleft\" title=\"imagesfff\" src=\"http:\/\/blog.cancaonova.com\/peregrinacoes\/files\/2010\/12\/imagesfff.jpeg\" alt=\"\" width=\"233\" height=\"175\" \/><\/a><\/p>\n<p class=\"western\"><span style=\"font-family: Verdana, sans-serif;\"><span style=\"font-size: medium;\">Hoje em dia \u00e9 uma das maiores fontes de \u00e1gua de Israel.<\/span><\/span><\/p>\n<p class=\"western\">\n<p style=\"text-align: center\">\n<p style=\"text-align: center\">\n<p><a href=\"http:\/\/blog.cancaonova.com\/peregrinacoes\/files\/2010\/12\/imagespebruno.jpeg\"><img loading=\"lazy\" decoding=\"async\" class=\"alignnone size-medium wp-image-12335\" title=\"imagespebruno\" src=\"http:\/\/blog.cancaonova.com\/peregrinacoes\/files\/2010\/12\/imagespebruno.jpeg\" alt=\"\" width=\"248\" height=\"165\" \/><\/a><\/p>\n<p style=\"text-align: center\">\n<p style=\"text-align: center\">\n<p style=\"text-align: center\"><span><em>Venha conosco&#8230; peregrinar s\u00f3 pode ser pela Obra de Maria!<br \/>\n<\/em><\/span>\n<\/p>\n<p style=\"text-align: center\"><strong><a href=\"http:\/\/www.obrademaria.com.br\/\" target=\"_blank\"><img loading=\"lazy\" decoding=\"async\" class=\"alignnone size-medium wp-image-9271\" src=\"http:\/\/blog.cancaonova.com\/peregrinacoes\/files\/2009\/05\/barra_top1-300x54.jpg\" alt=\"\" width=\"300\" height=\"54\" \/><\/a><\/strong><\/p>\n<p style=\"text-align: center\"><strong>Mais que viagens\u2026 encontros com Deus! <\/strong><\/p>\n<p style=\"text-align: center\">Contatos (0xx12) 3186 2055<\/p>\n<p style=\"text-align: center\">ou pelo e-mail <span style=\"color: #17397a;\"><a href=\"mailto:peregrinacoes@cancaonova.com\"><span style=\"color: #17397a;\">peregrinacoes@cancaonova.com<\/span><\/a><\/span><\/p>\n<p style=\"text-align: center\">Informa\u00e7\u00f5es gerais<\/p>\n<p style=\"text-align: center\"><span style=\"font-size: x-small;\"><span style=\"font-size: xx-small;\">(0\u00d712) 3186 2000 ramal 2451<\/span><\/span><\/p>\n<p style=\"text-align: center\"><a href=\"http:\/\/blog.cancaonova.com\/peregrinacoes\/category\/cadastre-se-aqui\/\"><span style=\"color: #17397a;\">CADASTRE-SE<\/span><\/a><\/p>\n<p style=\"text-align: left\"><em>Deixe seu coment\u00e1rio e seu pedido de ora\u00e7\u00e3o que estaremos rezando nas suas inten\u00e7\u00f5es na Terra Santa\u2026<\/em><\/p>\n","protected":false},"excerpt":{"rendered":"<p>O Rio Jord\u00e3o (hebraico: \u05e0\u05d4\u05e8 \u05d4\u05d9\u05e8\u05d3\u05df, nehar hayarden;) \u00e9 um rio de grande import\u00e2ncia religiosa que se situa na Terra Santa,formando o talvegue do Vale do Jord\u00e3o, a fronteira natural entre Israel e a Jord\u00e2nia. Jord\u00e3o significa aquele que desce&#8230;<\/p>\n","protected":false},"author":4473,"featured_media":0,"comment_status":"open","ping_status":"closed","sticky":false,"template":"","format":"standard","meta":{"_mi_skip_tracking":false,"_monsterinsights_sitenote_active":false,"_monsterinsights_sitenote_note":"","_monsterinsights_sitenote_category":0,"footnotes":""},"categories":[5041],"tags":[36517,8641,221,23204,231,17724,8491],"_links":{"self":[{"href":"https:\/\/blog.cancaonova.com\/peregrinacoes\/wp-json\/wp\/v2\/posts\/12328"}],"collection":[{"href":"https:\/\/blog.cancaonova.com\/peregrinacoes\/wp-json\/wp\/v2\/posts"}],"about":[{"href":"https:\/\/blog.cancaonova.com\/peregrinacoes\/wp-json\/wp\/v2\/types\/post"}],"author":[{"embeddable":true,"href":"https:\/\/blog.cancaonova.com\/peregrinacoes\/wp-json\/wp\/v2\/users\/4473"}],"replies":[{"embeddable":true,"href":"https:\/\/blog.cancaonova.com\/peregrinacoes\/wp-json\/wp\/v2\/comments?post=12328"}],"version-history":[{"count":5,"href":"https:\/\/blog.cancaonova.com\/peregrinacoes\/wp-json\/wp\/v2\/posts\/12328\/revisions"}],"predecessor-version":[{"id":12337,"href":"https:\/\/blog.cancaonova.com\/peregrinacoes\/wp-json\/wp\/v2\/posts\/12328\/revisions\/12337"}],"wp:attachment":[{"href":"https:\/\/blog.cancaonova.com\/peregrinacoes\/wp-json\/wp\/v2\/media?parent=12328"}],"wp:term":[{"taxonomy":"category","embeddable":true,"href":"https:\/\/blog.cancaonova.com\/peregrinacoes\/wp-json\/wp\/v2\/categories?post=12328"},{"taxonomy":"post_tag","embeddable":true,"href":"https:\/\/blog.cancaonova.com\/peregrinacoes\/wp-json\/wp\/v2\/tags?post=12328"}],"curies":[{"name":"wp","href":"https:\/\/api.w.org\/{rel}","templated":true}]}}