{"id":12444,"date":"2016-01-28T13:59:20","date_gmt":"2016-01-28T15:59:20","guid":{"rendered":"http:\/\/blog.cancaonova.com\/peregrinacoes\/?p=12444"},"modified":"2016-10-07T10:35:51","modified_gmt":"2016-10-07T13:35:51","slug":"terra-santa","status":"publish","type":"post","link":"https:\/\/blog.cancaonova.com\/peregrinacoes\/2016\/01\/28\/terra-santa\/","title":{"rendered":"Peregrina\u00e7\u00e3o a Terra Santa"},"content":{"rendered":"<blockquote>\n<h1 style=\"text-align: center\"><span style=\"color: #000080\">Terra Santa<\/span><\/h1>\n<\/blockquote>\n<h3 style=\"text-align: center\"><span style=\"color: #0000ff\">Diretores Espirituais: Pe. Xavier, Di\u00e1cono Nelsinho e M\u00e1rcia Corr\u00eaa<\/span><\/h3>\n<h3 style=\"text-align: center\"><span style=\"color: #800000\">Sa\u00edda dia: 21 de novembro de 2016 (10 dias)<\/span><\/h3>\n<p><span style=\"color: #000000\"><span style=\"font-family: Verdana, sans-serif\"><span style=\"font-size: small\">Para os crist\u00e3os, Jerusal\u00e9m \u00e9 uma cidade de Lugares Santos associados a eventos da vida e minist\u00e9rio de Jesus e ao in\u00edcio da igreja apost\u00f3lica. Estes s\u00e3o locais de peregrina\u00e7\u00e3o, prece e devo\u00e7\u00e3o.<\/span><\/span><\/span><\/p>\n<p><a href=\"http:\/\/blog.cancaonova.com\/peregrinacoes\/files\/2015\/07\/jerusalem.jpg\"><img loading=\"lazy\" decoding=\"async\" class=\"aligncenter size-full wp-image-14691\" src=\"http:\/\/blog.cancaonova.com\/peregrinacoes\/files\/2015\/07\/jerusalem.jpg\" alt=\"jerusalem\" width=\"400\" height=\"266\" srcset=\"https:\/\/blog.cancaonova.com\/peregrinacoes\/files\/2015\/07\/jerusalem.jpg 400w, https:\/\/blog.cancaonova.com\/peregrinacoes\/files\/2015\/07\/jerusalem-300x200.jpg 300w\" sizes=\"(max-width: 400px) 100vw, 400px\" \/><\/a><\/p>\n<p><strong>Qui. 21\/11\/2016 &#8211; S\u00e3o Paulo \/ Tel-Aviv<\/strong><br \/>\nEmbarque para Tel-Aviv.<\/p>\n<p><strong>Sex. 22\/11 &#8211; Tel Aviv \/ Galil\u00e9ia<\/strong><br \/>\nChegada, traslado ao hotel na Galil\u00e9ia. Acomoda\u00e7\u00e3o no hotel. Pernoite.<\/p>\n<p><strong>Sab. 23\/11- Galil\u00e9ia<\/strong><br \/>\nAp\u00f3s o caf\u00e9 da Manh\u00e3: Monte Tabor (Bas\u00edlica da Transfigura\u00e7\u00e3o) e Can\u00e1 da Galil\u00e9ia. Tarde: Visita \u00e0 Bas\u00edlica da Anuncia\u00e7\u00e3o, onde Maria recebeu o an\u00fancio do Arcanjo Gabriel, Igreja de S. Jos\u00e9. Retorno ao hotel. Jantar e pernoite.<\/p>\n<p><strong>Dom. 24\/11 &#8211; Galil\u00e9ia<\/strong><br \/>\nAp\u00f3s o caf\u00e9 da Manh\u00e3: Cafarnaun (Casa de S. Pedro, ru\u00ednas da antiga Sinagoga), Tabgha (Primado de Pedro e multiplica\u00e7\u00e3o dos p\u00e3es), Travessia do Lago de Tiber\u00edades, Monte das Bem Aventuran\u00e7as, e o Rio Jord\u00e3o (Renova\u00e7\u00e3o das promessas do batismo). Jantar e pernoite.<\/p>\n<p><strong>Seg. 25\/11 &#8211; Galileia \/ Jeric\u00f3 \/ Mar Morto \/ Jud\u00e9ia<\/strong><br \/>\nAp\u00f3s o caf\u00e9 da Manh\u00e3: Sa\u00edda para Jeric\u00f3 (Visita Panor\u00e2mica do Monte das Tenta\u00e7\u00f5es e Sic\u00f4moro de Zaqueu), Banho no mar morto. Tarde: Continua\u00e7\u00e3o para Beth\u00e2nia, cidade de L\u00e1zaro, ressuscitado por Jesus e suas irm\u00e3s, Marta e Maria (Jo 11). Logo ap\u00f3s, sa\u00edda para o hotel em Belem. Acomoda\u00e7\u00e3o no hotel. Jantar e pernoite.<\/p>\n<p><strong>Ter. 26\/11 \u2013 Jud\u00e9ia<\/strong><br \/>\nAp\u00f3s o caf\u00e9 da Manh\u00e3: Visita \u00e0 Bas\u00edlica da Natividade, local onde Jesus nasceu (Santa Missa), Campos dos pastores. Tarde: Visitaremos Ein-Karem, l\u00e1 fica a casa de Isabel, local onde Maria cantou o Magnificat (Lc 1,46-55). Jantar e pernoite.<\/p>\n<p><a href=\"http:\/\/blog.cancaonova.com\/peregrinacoes\/files\/2015\/07\/jerusalem2.jpg\"><img loading=\"lazy\" decoding=\"async\" class=\" size-full wp-image-14692 alignright\" src=\"http:\/\/blog.cancaonova.com\/peregrinacoes\/files\/2015\/07\/jerusalem2.jpg\" alt=\"jerusalem2\" width=\"400\" height=\"268\" srcset=\"https:\/\/blog.cancaonova.com\/peregrinacoes\/files\/2015\/07\/jerusalem2.jpg 400w, https:\/\/blog.cancaonova.com\/peregrinacoes\/files\/2015\/07\/jerusalem2-300x201.jpg 300w\" sizes=\"(max-width: 400px) 100vw, 400px\" \/><\/a><\/p>\n<p>&nbsp;<\/p>\n<p><strong>Qua. 27\/11 &#8211; Jud\u00e9ia<\/strong><br \/>\nAp\u00f3s o caf\u00e9 da Manh\u00e3: Visita ao Monte das Oliveiras (local de sua Ascen\u00e7\u00e3o, Igreja de Pater Noster, Bas\u00edlica da Agonia). Tarde: Visita ao Monte Si\u00e3o, (Sl 124,1), ao Cen\u00e1culo, Igreja da Dormi\u00e7\u00e3o de Maria, Igreja de S\u00e3o Pedro onde o galo cantou (Mc 1,13). Jantar e pernoite em Bel\u00e9m.<\/p>\n<p><strong>Qui. 28\/11 &#8211; Jud\u00e9ia<\/strong><br \/>\nAp\u00f3s o caf\u00e9 da Manh\u00e3: Visita a Igreja de Sant&#8217;Ana, Capela da flagela\u00e7\u00e3o, Capela da Condena\u00e7\u00e3o, Via-Sacra percorrendo as ruas da via-dolorosa. Visita ao Santo Sepulcro.Tarde: Visita ao Muro das Lamenta\u00e7\u00f5es, Tempo livre. Jantar e pernoite.<\/p>\n<p><strong>Sex. 29\/11 \u2013 Jud\u00e9ia \/ Tel-Aviv \/ S\u00e3o Paulo<\/strong><br \/>\nTraslado ao aeroporto. Embarque para S\u00e3o Paulo, com as devidas conex\u00f5es.<\/p>\n<p><strong>Sab. 30\/11 &#8211; S\u00e3o Paulo<\/strong><br \/>\nChegada a S\u00e3o Paulo.<\/p>\n<p><em>Fim dos nossos servi\u00e7os.<\/em><\/p>\n<h1 style=\"text-align: center\"><\/h1>\n<h1 style=\"text-align: center\">Venha conhecer a Terra Santa!!!<\/h1>\n<h2 style=\"text-align: center\"><strong><span style=\"text-decoration: underline\"><span style=\"color: #0000ff;text-decoration: underline\">Na companhia dos diretores espirituais da \u00a0Comunidade Can\u00e7\u00e3o Nova<\/span><\/span><\/strong><\/h2>\n<h3 style=\"text-align: center\">Diretores espirituais: <span style=\"color: #800000\"><strong>Pe.\u00a0Xavier, Di\u00e1cono Nelsinho e M\u00e1rcia Corr\u00eaa<\/strong><\/span><\/h3>\n<h4 style=\"text-align: center\">Sa\u00edda: <strong>10 de novembro de 2016 (10 dias)<\/strong><\/h4>\n<h4 style=\"text-align: center\">Apenas por <span style=\"color: #800000\"><strong>US$ 3.980,00<\/strong><\/span><\/h4>\n<h4 style=\"text-align: center\">Pagamento facilitado atrav\u00e9s de\u00a0<span style=\"color: #800000\"><strong>Cheques\/ Boletos Banc\u00e1rios\/ Cart\u00f5es de cr\u00e9ditos<\/strong><\/span><\/h4>\n<h1 style=\"text-align: center\">\u00a0<span style=\"color: #0000ff\">Ligue agora!!!<\/span><\/h1>\n<p>&nbsp;<\/p>\n<p style=\"text-align: center\"><strong><em>Venha conosco&#8230; peregrinar s\u00f3 pode ser pela Obra de Maria!<br \/>\n<\/em><\/strong><\/p>\n<p style=\"text-align: center\"><a href=\"http:\/\/blog.cancaonova.com\/peregrinacoes\/files\/2014\/09\/Logo-Obra-de-Maria-Azul.png\"><img loading=\"lazy\" decoding=\"async\" class=\"aligncenter size-medium wp-image-14228\" src=\"http:\/\/blog.cancaonova.com\/peregrinacoes\/files\/2014\/09\/Logo-Obra-de-Maria-Azul-300x122.png\" alt=\"Logo-Obra-de-Maria-Azul\" width=\"300\" height=\"122\" \/><\/a><\/p>\n<p style=\"text-align: center\"><strong>Mais que viagens\u2026 encontros com Deus! <\/strong><\/p>\n<p style=\"text-align: center\">Contatos (0xx12) 3186 2055<\/p>\n<p style=\"text-align: center\">ou pelo e-mail <span style=\"color: #17397a\"><a href=\"mailto:peregrinacoes@cancaonova.com\"><span style=\"color: #17397a\">peregrinacoes@cancaonova.com<\/span><\/a><\/span><\/p>\n<p style=\"text-align: center\"><em>Deixe seu coment\u00e1rio e seu pedido de ora\u00e7\u00e3o que estaremos rezando nas suas inten\u00e7\u00f5es na Terra Santa\u2026<\/em><\/p>\n","protected":false},"excerpt":{"rendered":"<p>Para os crist\u00e3os, Jerusal\u00e9m \u00e9 uma cidade de Lugares Santos associados a eventos da vida e minist\u00e9rio de Jesus e ao in\u00edcio da igreja apost\u00f3lica. Estes s\u00e3o locais de peregrina\u00e7\u00e3o, prece e devo\u00e7\u00e3o. No correr dos s\u00e9culos, Jerusal\u00e9m foi conhecida por muitos nomes que expressam admira\u00e7\u00e3o e rever\u00eancia. O mais adequado \u00e9 &#8220;Cidade da Paz&#8221;.<br \/>\nSa\u00edda dia 03\/11\/2015. <a href=\"https:\/\/blog.cancaonova.com\/peregrinacoes\/2016\/01\/28\/terra-santa\/\">Continue lendo <span class=\"meta-nav\">&rarr;<\/span><\/a><\/p>\n","protected":false},"author":4472,"featured_media":14691,"comment_status":"open","ping_status":"closed","sticky":false,"template":"","format":"standard","meta":{"_mi_skip_tracking":false,"_monsterinsights_sitenote_active":false,"_monsterinsights_sitenote_note":"","_monsterinsights_sitenote_category":0,"footnotes":""},"categories":[15651,101440,5041],"tags":[],"_links":{"self":[{"href":"https:\/\/blog.cancaonova.com\/peregrinacoes\/wp-json\/wp\/v2\/posts\/12444"}],"collection":[{"href":"https:\/\/blog.cancaonova.com\/peregrinacoes\/wp-json\/wp\/v2\/posts"}],"about":[{"href":"https:\/\/blog.cancaonova.com\/peregrinacoes\/wp-json\/wp\/v2\/types\/post"}],"author":[{"embeddable":true,"href":"https:\/\/blog.cancaonova.com\/peregrinacoes\/wp-json\/wp\/v2\/users\/4472"}],"replies":[{"embeddable":true,"href":"https:\/\/blog.cancaonova.com\/peregrinacoes\/wp-json\/wp\/v2\/comments?post=12444"}],"version-history":[{"count":23,"href":"https:\/\/blog.cancaonova.com\/peregrinacoes\/wp-json\/wp\/v2\/posts\/12444\/revisions"}],"predecessor-version":[{"id":15142,"href":"https:\/\/blog.cancaonova.com\/peregrinacoes\/wp-json\/wp\/v2\/posts\/12444\/revisions\/15142"}],"wp:featuredmedia":[{"embeddable":true,"href":"https:\/\/blog.cancaonova.com\/peregrinacoes\/wp-json\/wp\/v2\/media\/14691"}],"wp:attachment":[{"href":"https:\/\/blog.cancaonova.com\/peregrinacoes\/wp-json\/wp\/v2\/media?parent=12444"}],"wp:term":[{"taxonomy":"category","embeddable":true,"href":"https:\/\/blog.cancaonova.com\/peregrinacoes\/wp-json\/wp\/v2\/categories?post=12444"},{"taxonomy":"post_tag","embeddable":true,"href":"https:\/\/blog.cancaonova.com\/peregrinacoes\/wp-json\/wp\/v2\/tags?post=12444"}],"curies":[{"name":"wp","href":"https:\/\/api.w.org\/{rel}","templated":true}]}}