{"id":12527,"date":"2014-06-18T13:24:48","date_gmt":"2014-06-18T15:24:48","guid":{"rendered":"http:\/\/blog.cancaonova.com\/peregrinacoes\/?p=12527"},"modified":"2014-09-17T10:12:56","modified_gmt":"2014-09-17T12:12:56","slug":"italia-e-medjugorje","status":"publish","type":"post","link":"https:\/\/blog.cancaonova.com\/peregrinacoes\/2014\/06\/18\/italia-e-medjugorje\/","title":{"rendered":"It\u00e1lia e Medjugorje"},"content":{"rendered":"<p style=\"text-align: center\"><strong><span style=\"text-decoration: underline\">Venha peregrinar com a dire\u00e7\u00e3o espiritual de:<\/span><\/strong><\/p>\n<p style=\"text-align: center\">\u00a0<a href=\"http:\/\/blog.cancaonova.com\/peregrinacoes\/files\/2014\/06\/An\u00fancio-Revista-CN-Setembro-2014.jpg\"><img loading=\"lazy\" decoding=\"async\" class=\"alignnone wp-image-14121 size-large\" src=\"http:\/\/blog.cancaonova.com\/peregrinacoes\/files\/2014\/06\/An\u00fancio-Revista-CN-Setembro-2014-600x300.jpg\" alt=\"Pe. Roger Luis e Leticia Sauthier\" width=\"600\" height=\"300\" \/><\/a><\/p>\n<p><span style=\"line-height: 1.5em\">**\u00a0<\/span><strong style=\"line-height: 1.5em\"><span style=\"color: #000000\">Pe. Roger Luis\u00a0e Leticia Sauthier (Comunidade Can\u00e7\u00e3o Nov<\/span><\/strong><strong><span style=\"color: #000000\">a<\/span><\/strong><span style=\"line-height: 1.5em\"><strong>)<\/strong><\/span><\/p>\n<p>&nbsp;<\/p>\n<p><span style=\"text-decoration: underline\"><span style=\"color: #800000\"><strong>Sa\u00edda dia 10 de novembro<\/strong><\/span><\/span><\/p>\n<p>&nbsp;<\/p>\n<p style=\"text-align: center\"><strong>Uma experi\u00eancia pessoal que levar\u00e1 voc\u00ea a um encontro com Deus<\/strong>.<\/p>\n<p><strong><span style=\"text-decoration: underline\"><span style=\"color: #0000ff;text-decoration: underline\">Saiba um pouco mais sobre Medjugorje<\/span><\/span><\/strong><br \/>\nMe\u0111ugorje (Medjugorie, que significa &#8220;no m<span style=\"font-family: Verdana, sans-serif\">eio dos montes&#8221;) \u00e9 uma pequena regi\u00e3o na B\u00f3snia e Herzegovina, composta por cinco vilas (Me\u0111ugorje, Bijakovi\u0107i, Vionica, Miletina e \u0160urmanci), onde est\u00e3o a ocorrer as mais recentes apari\u00e7\u00f5es da Virgem Maria.<\/span><\/p>\n<p><span style=\"font-family: Verdana, sans-serif\"><span style=\"font-size: medium\"><a href=\"http:\/\/blog.cancaonova.com\/peregrinacoes\/files\/2011\/02\/medjugorje_PIC.jpg\"><img loading=\"lazy\" decoding=\"async\" class=\"aligncenter size-thumbnail wp-image-12530\" src=\"http:\/\/blog.cancaonova.com\/peregrinacoes\/files\/2011\/02\/medjugorje_PIC-150x150.jpg\" alt=\"\" width=\"150\" height=\"150\" \/><\/a><\/span><\/span><\/p>\n<p>&nbsp;<\/p>\n<p>Estas apari\u00e7\u00f5es tiveram in\u00edcio a 24 de Junho de 1981, tendo tido, nos primeiros meses, uma frequ\u00eancia di\u00e1ria, e posteriormente passado a apari\u00e7\u00f5es mensais ou anuais (dependendo dos videntes). Entre os videntes, encontram-se seis pessoas nascidas nos arredores da localidade e a quem a Virgem se ter\u00e1 apresentado como &#8220;Rainha da Paz&#8221;.<span style=\"font-family: Verdana, sans-serif\"><span style=\"font-size: medium\"><strong><a href=\"http:\/\/blog.cancaonova.com\/peregrinacoes\/files\/2011\/02\/images1.jpg\"><img loading=\"lazy\" decoding=\"async\" class=\"aligncenter size-thumbnail wp-image-12531\" src=\"http:\/\/blog.cancaonova.com\/peregrinacoes\/files\/2011\/02\/images1-150x150.jpg\" alt=\"\" width=\"150\" height=\"150\" \/><\/a><\/strong><\/span><\/span><\/p>\n<p>As mensagens que Nossa Senhora dirige a todos os fi\u00e9is encorajam-nos a ter f\u00e9, perseverar na ora\u00e7\u00e3o, a se reconciliarem entre si e com Deus, a fazerem penit\u00eancia, a lerem e meditarem a Palavra de Deus, enfim, a se converterem, neste &#8220;tempo de gra\u00e7a&#8221;; s\u00e3o mensagens simples, como os conselhos dados por nossas m\u00e3es e que devem ser colocadas em pr\u00e1tica, pois \u00e9 Ela mesma que nos pede: &#8220;Vivam as minhas mensagens!&#8221;<\/p>\n<p><span style=\"font-family: Verdana, sans-serif\"><span style=\"font-size: medium\"><a href=\"http:\/\/blog.cancaonova.com\/peregrinacoes\/files\/2011\/02\/images-1.jpg\"><img loading=\"lazy\" decoding=\"async\" class=\"aligncenter size-thumbnail wp-image-12532\" src=\"http:\/\/blog.cancaonova.com\/peregrinacoes\/files\/2011\/02\/images-1-150x150.jpg\" alt=\"\" width=\"150\" height=\"150\" \/><\/a><\/span><\/span><\/p>\n<p>&nbsp;<\/p>\n<p><span style=\"font-family: Verdana, sans-serif\"><span style=\"font-size: medium\"><strong>As mensagens podem ser apresentadas, a partir de cinco temas espec\u00edficos:<\/strong><\/span><\/span><\/p>\n<p>O Ros\u00e1rio completo (mist\u00e9rios gozosos, luminosos, dolorosos e gloriosos)<\/p>\n<p>Confiss\u00e3o auricular mensal<\/p>\n<p>Santa Missa e Adora\u00e7\u00e3o ao Sant\u00edssimo<\/p>\n<p>Jejum \u00e0s quartas e sextas-feira<\/p>\n<p>Leitura da B\u00edblia \u2013 lectio divina<\/p>\n<p>&nbsp;<\/p>\n<p><span style=\"color: #0000ff\"><strong><em>Venha conosco&#8230; Peregrinar s\u00f3 pode ser pela Obra de Maria!<\/em><\/strong><\/span><\/p>\n<p style=\"text-align: center\"><a href=\"http:\/\/blog.cancaonova.com\/peregrinacoes\/files\/2014\/09\/Logo-Obra-de-Maria-Azul.png\"><img loading=\"lazy\" decoding=\"async\" class=\"aligncenter size-medium wp-image-14228\" src=\"http:\/\/blog.cancaonova.com\/peregrinacoes\/files\/2014\/09\/Logo-Obra-de-Maria-Azul-300x122.png\" alt=\"Logo-Obra-de-Maria-Azul\" width=\"300\" height=\"122\" \/><\/a><\/p>\n<p style=\"text-align: center\"><strong>Mais que viagens\u2026 encontros com Deus! <\/strong><\/p>\n<p style=\"text-align: center\">Contatos (0xx12) 3186 2055<\/p>\n<p style=\"text-align: center\">ou pelo e-mail <span style=\"color: #17397a\"><a href=\"mailto:peregrinacoes@cancaonova.com\"><span style=\"color: #17397a\">peregrinacoes@cancaonova.com<\/span><\/a><\/span><\/p>\n<p style=\"text-align: center\">Informa\u00e7\u00f5es gerais<\/p>\n<p style=\"text-align: center\"><span style=\"font-size: x-small\"><span style=\"font-size: xx-small\">(0\u00d712) 3186 2000 ramal 2451<\/span><\/span><\/p>\n<p style=\"text-align: center\"><a href=\"http:\/\/blog.cancaonova.com\/peregrinacoes\/category\/cadastre-se-aqui\/\"><span style=\"color: #17397a\">CADASTRE-SE<\/span><\/a><\/p>\n<p style=\"text-align: left\"><em>Deixe seu coment\u00e1rio e seu pedido de ora\u00e7\u00e3o que estaremos rezando nas suas inten\u00e7\u00f5es na Terra Santa\u2026<\/em><\/p>\n","protected":false},"excerpt":{"rendered":"<p>Venha peregrinar com a dire\u00e7\u00e3o espiritual de: \u00a0 **\u00a0Pe. Roger Luis\u00a0e Leticia Sauthier (Comunidade Can\u00e7\u00e3o Nova) &nbsp; Sa\u00edda dia 10 de novembro &nbsp; Uma experi\u00eancia pessoal que levar\u00e1 voc\u00ea a um encontro com Deus. Saiba um pouco mais sobre Medjugorje&#8230;<\/p>\n","protected":false},"author":4472,"featured_media":0,"comment_status":"open","ping_status":"closed","sticky":false,"template":"","format":"standard","meta":{"_mi_skip_tracking":false,"_monsterinsights_sitenote_active":false,"_monsterinsights_sitenote_note":"","_monsterinsights_sitenote_category":0,"footnotes":""},"categories":[16832],"tags":[],"_links":{"self":[{"href":"https:\/\/blog.cancaonova.com\/peregrinacoes\/wp-json\/wp\/v2\/posts\/12527"}],"collection":[{"href":"https:\/\/blog.cancaonova.com\/peregrinacoes\/wp-json\/wp\/v2\/posts"}],"about":[{"href":"https:\/\/blog.cancaonova.com\/peregrinacoes\/wp-json\/wp\/v2\/types\/post"}],"author":[{"embeddable":true,"href":"https:\/\/blog.cancaonova.com\/peregrinacoes\/wp-json\/wp\/v2\/users\/4472"}],"replies":[{"embeddable":true,"href":"https:\/\/blog.cancaonova.com\/peregrinacoes\/wp-json\/wp\/v2\/comments?post=12527"}],"version-history":[{"count":16,"href":"https:\/\/blog.cancaonova.com\/peregrinacoes\/wp-json\/wp\/v2\/posts\/12527\/revisions"}],"predecessor-version":[{"id":14244,"href":"https:\/\/blog.cancaonova.com\/peregrinacoes\/wp-json\/wp\/v2\/posts\/12527\/revisions\/14244"}],"wp:attachment":[{"href":"https:\/\/blog.cancaonova.com\/peregrinacoes\/wp-json\/wp\/v2\/media?parent=12527"}],"wp:term":[{"taxonomy":"category","embeddable":true,"href":"https:\/\/blog.cancaonova.com\/peregrinacoes\/wp-json\/wp\/v2\/categories?post=12527"},{"taxonomy":"post_tag","embeddable":true,"href":"https:\/\/blog.cancaonova.com\/peregrinacoes\/wp-json\/wp\/v2\/tags?post=12527"}],"curies":[{"name":"wp","href":"https:\/\/api.w.org\/{rel}","templated":true}]}}