{"id":12610,"date":"2013-03-13T08:30:34","date_gmt":"2013-03-13T10:30:34","guid":{"rendered":"http:\/\/blog.cancaonova.com\/peregrinacoes\/?p=12610"},"modified":"2013-03-12T16:20:24","modified_gmt":"2013-03-12T18:20:24","slug":"aflordagalileia","status":"publish","type":"post","link":"https:\/\/blog.cancaonova.com\/peregrinacoes\/2013\/03\/13\/aflordagalileia\/","title":{"rendered":"A FLOR DA GALILEIA!"},"content":{"rendered":"<p style=\"text-align: center\"><em><span style=\"color: #000080\">A cidade de Nazareth ficou conhecida pelo fato de que foi l\u00e1 onde Nossa M\u00e3e, Maria Sant\u00edssima deu seu FIAT!<\/span><\/em><\/p>\n<p style=\"text-align: center\"><em><span style=\"color: #000080\"><a href=\"http:\/\/blog.cancaonova.com\/peregrinacoes\/files\/2011\/04\/12_03_2013_15_19_05.jpg\"><img loading=\"lazy\" decoding=\"async\" class=\"aligncenter size-medium wp-image-13339\" src=\"http:\/\/blog.cancaonova.com\/peregrinacoes\/files\/2011\/04\/12_03_2013_15_19_05-300x212.jpg\" alt=\"\" width=\"300\" height=\"212\" \/><\/a><br \/>\n<\/span><\/em><\/p>\n<p style=\"text-align: center\"><span style=\"color: #000080\"> <\/span><\/p>\n<p style=\"text-align: center\"><span style=\"color: #000080\">\u00c9 conhecida como a \u201cflor da Galileia\u201d, afirmado por \u00a0S\u00e3o Jer\u00f4nimo. Localizada sobre uma colina a 350 metros em rela\u00e7\u00e3o ao mar, \u00e9 rodeada por outros montes mais altos. Ao sul da cidade est\u00e1 a plan\u00edcie de Esdrelon,<\/span><\/p>\n<p style=\"text-align: center\"><span style=\"color: #000080\">Nazar\u00e9 era, no tempo de Jesus, um povoado de n\u00e3o mais de 30.000 M\u00b2 .As casas tinham normalmente uma \u00fanica sala, ligadas a grutas escavadas \u00e0 m\u00e3o pois as rochas do local eram muito fr\u00e1geis.<\/span><\/p>\n<p style=\"text-align: center\"><span style=\"color: #000080\">Foi nesta cidade onde o anjo anunciou a Maria a encarna\u00e7\u00e3o do Filho de Deus (cf. Lc 1,27), prometida em casamento com Jos\u00e9, a Virgem n\u00e3o pensou no que poderia acontecer com ela, com seu compromisso, e disse seu sim a Deus.<\/span><\/p>\n<p style=\"text-align: center\"><span style=\"color: #000080\">Nazareth foi tamb\u00e9m onde a Sagrada Fam\u00edlia (Jesus, Maria e Jos\u00e9) viveu. Foi aqui que Jesus Cristo viveu oculto at\u00e9 que desse in\u00edcio \u00e0 vida p\u00fablica.<\/span><\/p>\n<p style=\"text-align: center\"><span style=\"color: #000080\">Aqui algumas passagens do Evangelho onde voc\u00ea poder\u00e1 saber um pouco mais..<\/span><\/p>\n<p style=\"text-align: center\"><span style=\"color: #000080\">Anuncia\u00e7\u00e3o (Lc 1,26ss), Jos\u00e9 tomou Maria por esposa e a levou para sua casa (Mt 1,24). Sagrada Fam\u00edlia volta para Nazar\u00e9 (Lc 2,39-51).<\/span><\/p>\n<p style=\"text-align: center\"><span style=\"color: #000080\">Nazar\u00e9 est\u00e1 sob a administra\u00e7\u00e3o da Cust\u00f3dia dos franciscanos da Terra Santa,est\u00e1 sob a Bas\u00edlica da Anuncia\u00e7\u00e3o e de S\u00e3o Jos\u00e9.<\/span><\/p>\n<p style=\"text-align: center\"><span style=\"color: #000080\">Hoje a cidade tem cerca de 71.500 habitantes: 25.000 \u00e1rabes mu\u00e7ulmanos, 22.500 \u00e1rabes crist\u00e3os e 24.000 hebreus.<\/span><\/p>\n<p style=\"text-align: center\"><span style=\"color: #000080\"><a title=\"VAMOS?\" href=\"http:\/\/www.rdpperegrinacoes.com\" target=\"_blank\"> Venha conosco, peregrinar s\u00f3 pode ser pela Obra de Maria!<\/a><\/span><\/p>\n","protected":false},"excerpt":{"rendered":"<p>A cidade de Nazareth ficou conhecida pelo fato de que foi l\u00e1 onde Nossa M\u00e3e, Maria Sant\u00edssima deu seu FIAT! \u00c9 conhecida como a \u201cflor da Galileia\u201d, afirmado por \u00a0S\u00e3o Jer\u00f4nimo. Localizada sobre uma colina a 350 metros em rela\u00e7\u00e3o&#8230;<\/p>\n","protected":false},"author":4472,"featured_media":0,"comment_status":"open","ping_status":"closed","sticky":false,"template":"","format":"standard","meta":{"_mi_skip_tracking":false,"_monsterinsights_sitenote_active":false,"_monsterinsights_sitenote_note":"","_monsterinsights_sitenote_category":0,"footnotes":""},"categories":[5041],"tags":[],"_links":{"self":[{"href":"https:\/\/blog.cancaonova.com\/peregrinacoes\/wp-json\/wp\/v2\/posts\/12610"}],"collection":[{"href":"https:\/\/blog.cancaonova.com\/peregrinacoes\/wp-json\/wp\/v2\/posts"}],"about":[{"href":"https:\/\/blog.cancaonova.com\/peregrinacoes\/wp-json\/wp\/v2\/types\/post"}],"author":[{"embeddable":true,"href":"https:\/\/blog.cancaonova.com\/peregrinacoes\/wp-json\/wp\/v2\/users\/4472"}],"replies":[{"embeddable":true,"href":"https:\/\/blog.cancaonova.com\/peregrinacoes\/wp-json\/wp\/v2\/comments?post=12610"}],"version-history":[{"count":10,"href":"https:\/\/blog.cancaonova.com\/peregrinacoes\/wp-json\/wp\/v2\/posts\/12610\/revisions"}],"predecessor-version":[{"id":13338,"href":"https:\/\/blog.cancaonova.com\/peregrinacoes\/wp-json\/wp\/v2\/posts\/12610\/revisions\/13338"}],"wp:attachment":[{"href":"https:\/\/blog.cancaonova.com\/peregrinacoes\/wp-json\/wp\/v2\/media?parent=12610"}],"wp:term":[{"taxonomy":"category","embeddable":true,"href":"https:\/\/blog.cancaonova.com\/peregrinacoes\/wp-json\/wp\/v2\/categories?post=12610"},{"taxonomy":"post_tag","embeddable":true,"href":"https:\/\/blog.cancaonova.com\/peregrinacoes\/wp-json\/wp\/v2\/tags?post=12610"}],"curies":[{"name":"wp","href":"https:\/\/api.w.org\/{rel}","templated":true}]}}