{"id":12917,"date":"2011-12-30T10:03:29","date_gmt":"2011-12-30T12:03:29","guid":{"rendered":"http:\/\/blog.cancaonova.com\/peregrinacoes\/?p=12917"},"modified":"2011-12-30T10:03:29","modified_gmt":"2011-12-30T12:03:29","slug":"viver-o-quinto-evangelho","status":"publish","type":"post","link":"https:\/\/blog.cancaonova.com\/peregrinacoes\/2011\/12\/30\/viver-o-quinto-evangelho\/","title":{"rendered":"Viver o quinto evangelho"},"content":{"rendered":"<p style=\"text-align: left\"><strong>Testemunho de <\/strong><span style=\"font-family: Verdana, sans-serif\"><strong>Cecilia Santoro Trigueiro Fontes<\/strong><\/span><\/p>\n<p style=\"text-align: center\"><span style=\"font-family: Verdana, sans-serif\"><strong><a href=\"http:\/\/blog.cancaonova.com\/peregrinacoes\/files\/2011\/12\/328878_2700185432711_1498928325_2740529_353101776_o.jpg\"><img loading=\"lazy\" decoding=\"async\" class=\"aligncenter size-thumbnail wp-image-12918\" src=\"http:\/\/blog.cancaonova.com\/peregrinacoes\/files\/2011\/12\/328878_2700185432711_1498928325_2740529_353101776_o-150x150.jpg\" alt=\"Cecilia Santoro Trigueiro Fontes\" width=\"150\" height=\"150\" \/><\/a><\/strong><\/span><\/p>\n<p><span style=\"font-family: Verdana, sans-serif\">Em novembro de 2010 num retiro espiritual pude experimentar um amor enorme por Deus Pai Criador e numa madrugada diante de Jesus Eucaristia escutei claramente que meu amor por Ele cresceria se eu buscasse esse encontro com Deus contemplando e subindo os montes sagrados . Comecei a ler nas escrituras as diversas passagens que nossos patriarcas , profetas e Cristo se encontravam com Deus .<\/span><\/p>\n<p><a href=\"http:\/\/blog.cancaonova.com\/peregrinacoes\/files\/2011\/12\/331118_2889285040083_1498928325_2819469_145572293_o.jpg\"><img loading=\"lazy\" decoding=\"async\" class=\"aligncenter size-thumbnail wp-image-12919\" src=\"http:\/\/blog.cancaonova.com\/peregrinacoes\/files\/2011\/12\/331118_2889285040083_1498928325_2819469_145572293_o-150x150.jpg\" alt=\"cec\u00edlia na gruta de S\u00e3o Jeronimo\" width=\"150\" height=\"150\" \/><\/a><\/p>\n<p><span style=\"font-family: Verdana, sans-serif\">Ao compartilhar com uma amiga no final desse retiro sobre minhas medita\u00e7\u00f5es ela comentou que tinha acabado de chegar da Terra Santa e ficava imaginando o quanto seria bom eu conhecer os Montes sagrados pessoalmente. Comentei que seria um sonho mas muito longe de ser alcan\u00e7ado por minhas condi\u00e7\u00f5es financeiras. <\/span><\/p>\n<p><span style=\"font-family: Verdana, sans-serif\">Na \u00e9poca compartilhei com meu diretor espiritual que muito me incentivou continuar escrevendo . Desde ent\u00e3o comecei a fazer medita\u00e7\u00f5es e contempla\u00e7\u00f5es dos Montes, e crescia em mim uma intimidade com Deus e um profundo amor . <\/span><\/p>\n<p><span style=\"font-family: Verdana, sans-serif\"><strong>Deus \u00e9 amor e nada \u00e9 imposs\u00edvel para Ele.<\/strong><\/span><\/p>\n<p><span style=\"font-family: Verdana, sans-serif\">No inicio de 2011, no per\u00edodo do carnaval , fui para os Exerc\u00edcios Espirituais e essa minha amiga tamb\u00e9m . Na verdade hoje posso falar que ela foi usada por Deus como um anjo para minha vida. H\u00e1 muitos anos j\u00e1 reservo essa data para viver esse momento t\u00e3o forte de Encontro com Deus Pai , Deus Filho e Deus Espirito Santo, nesse ultimo ano tivemos todos os dias a exposi\u00e7\u00e3o do Sant\u00edssimo de forma mais intensa e longa. Esse meu anjo ouviu de Deus um pedido que ela pudesse facilitar a minha ida para a Terra Santa pois Deus queria se encontrar comigo nos Montes Sagrados e que eu pudesse experimentar cada lugar que seu filho amado passou. Ela fez como Maria , guardou aquele pedido em seu cora\u00e7\u00e3o e tentou discernir como faria isso .<\/span><\/p>\n<p><span style=\"font-family: Verdana, sans-serif\">Ap\u00f3s 1 m\u00eas que t\u00ednhamos voltado ela me procurou e me contou esse pedido de Deus para ela e logo no inicio n\u00e3o quis aceitar pois eu n\u00e3o teria recursos para levar e fiquei envergonhada de tamanho presente ! \u00c9ramos amigas mas n\u00e3o t\u00ednhamos tanta intimidade ate porque ela tem idade de ser minha filha mas ali crescia um amor espiritual , um amor em Deus e essas amizades s\u00e3o mais fortes que qualquer tempo de conviv\u00eancia ou idade . Tamb\u00e9m ela queria ser d\u00f3cil ao Espirito Santo que soprava forte esse pedido . <\/span><\/p>\n<p><span style=\"font-family: Verdana, sans-serif\">Meu anjo deixou de fazer tantas coisas, se sacrificou , buscou condi\u00e7\u00f5es de parcelar minha viagem e ap\u00f3s algumas prova\u00e7\u00f5es , aconteceu conforme a Vontade de Deus. A realiza\u00e7\u00e3o de um Sonho que nunca eu poderia imaginar alcan\u00e7ar de forma t\u00e3o r\u00e1pida e plena porque Deus \u00e9 Amor e para Ele nada \u00e9 Imposs\u00edvel !<\/span><\/p>\n<p><span style=\"font-family: Verdana, sans-serif\">Vivi os passos de Jesus na Terra Santa agora no inicio de Novembro , exatamente 1 ano ap\u00f3s aquele retiro que senti um desejo enorme de crescer no meu amor a Deus Pai . Fui para Israel no dia 01 \/11 , dia de todos os Santos ! Durante o voo de ida uma turbul\u00eancia incr\u00edvel , fort\u00edssima , na hora pensei :- Senhor ser\u00e1 que conhecerei a Jerusal\u00e9m Celeste antes da Jerusal\u00e9m Terrestre ? n\u00e3o tive medo , estava em paz e se assim acontecesse meu Encontro com Deus seria maior ainda \u00a0F\u00e9 ! abandono ! Entrega ! <\/span><\/p>\n<p><span style=\"font-family: Verdana, sans-serif\">Mas Deus Planejou tudo e queria que eu experimentasse tudo aquilo que eu escrevia sem conhecer, que eu j\u00e1 contemplava com os olhos da f\u00e9 .<\/span><\/p>\n<p><span style=\"font-family: Verdana, sans-serif\">N\u00e3o vou aqui relatar toda minha experi\u00eancia na Terra Santa porque estou escrevendo um livro sobre os relatos de uma Peregrina e espero um dia compartilhar cada detalhe de Amor vivido e experimentado , cada momento de encontro com a Trindade Santa, com Jos\u00e9 , com Maria , com os Anjos e ate personagens do antigo Testamento como Rute, Abra\u00e3o, Moises&#8230;.<\/span><\/p>\n<p><span style=\"font-family: Verdana, sans-serif\">Apenas cito algumas experi\u00eancias muito fortes : Subir o Monte Tabor andando e parando para contemplar a gloria do Senhor; ter contemplado o c\u00e9u \u2013 minha terra prometida ao avistar o Monte Nebo ao inv\u00e9s de ficar boiando no mar morto, ter experimentado onde tudo come\u00e7ou com o Sim de Maria na bas\u00edlica da Anuncia\u00e7\u00e3o , ter sentido o vento forte na barca do Mar da Galileia e ter ficado no colo de Jesus, ter sentido a solid\u00e3o com Cristo no buraco que ele ficou aguardando at\u00e9 seu maior mart\u00edrio \u2013 caminho para a morte, ter colocado o rosto na pedra da agonia onde Jesus suou sangue no Getsemani, ter chorado onde Jesus chorou vendo a Jerusal\u00e9m que seria destru\u00edda , ter vivido um novo Pentecoste no Cen\u00e1culo , ter me lavado com as \u00e1guas do Rio Jord\u00e3o no mesmo local que Jesus foi batizado , ter rezado no Primado de Pedro por nossa igreja e diante da Imagem da Virgem de Guadalupe por tantos sacerdotes e consagradas , ter rezado muito na gruta do leite por minha m\u00e3e , meus filhos, minhas filhas espirituais , minhas (meus) afilhados , por toda minha fam\u00edlia., aquele leite que Maria alimentou seu filho foi o alimento de Jesus , aquele que se fez alimento por n\u00f3s e para nossa salva\u00e7\u00e3o . No bosque dos pastores rezei muito por meu anjo e toda a sua fam\u00edlia , ali os anjos anunciaram aos pastores a Vinda de Jesus , a Bas\u00edlica da Natividade, a visita de Maria a sua prima Isabel na Igreja da Visita\u00e7\u00e3o \u2013rezar o Magnificat no lugar que foi feita a primeira vez essa ora\u00e7\u00e3o. A renova\u00e7\u00e3o de meu matrimonio em Cana da Galileia. A vida publica de Jesus em Cafarnaum , Monte das Bem Aventuran\u00e7as, Tabgah . Contemplar o deserto , o monte das tenta\u00e7\u00f5es, Viver a Semana Santa em Jerusal\u00e9m &#8230; desde o domingo de ramos descendo a ladeira na sa\u00edda do Horto caminhando cada passo de Jesus , a dor de Cristo no Getsemani, Via Dolorosa , Calvario, Santo Sepulcro&#8230; vivemos o Natal, Semana santa e Pascoa e por fim o Encontro de Jesus em Emaus . Ali clamei muito : Fica Comigo Senhor !<\/span><\/p>\n<p><span style=\"font-family: Verdana, sans-serif\">Tudo isso com muita ora\u00e7\u00e3o em cada local com as profundas e tao ungidas prega\u00e7\u00f5es do <strong><em>Pe. Jose Augusto da Canc\u00e3o Nova<\/em><\/strong>, as ora\u00e7\u00f5es da Antonieta enriquecendo nosso inicio de dia e sempre cantando lindamente em nossas missas di\u00e1rias , toda dedica\u00e7\u00e3o da <em><strong>Obra de Maria<\/strong><\/em> , guias experientes, dedicados, educados e acima de tudo cheios de un\u00e7\u00e3o . Como aprendemos com cada um . Sem duvida que foi uma das experi\u00eancias mais lindas que vivi de amor ao pr\u00f3ximo .<\/span><\/p>\n<p><span style=\"font-family: Verdana, sans-serif\"><a href=\"http:\/\/blog.cancaonova.com\/peregrinacoes\/files\/2011\/12\/341428_2751143746637_1498928325_2760718_1632076802_o.jpg\"><img loading=\"lazy\" decoding=\"async\" class=\"aligncenter size-thumbnail wp-image-12921\" src=\"http:\/\/blog.cancaonova.com\/peregrinacoes\/files\/2011\/12\/341428_2751143746637_1498928325_2760718_1632076802_o-150x150.jpg\" alt=\"\" width=\"150\" height=\"150\" \/><\/a><\/span><\/p>\n<p><span style=\"font-family: Verdana, sans-serif\"><em>O Papa tem pedido muito que cada Crist\u00e3o possa viver o Quinto Evangelho , seguir os passos de Jesus na Terra Santa e eu queria poder transmitir no dia do Natal esse convite a cada um de voc\u00eas e dar o meu testemunho de amor e de f\u00e9 como presente para Jesus .<\/em> No natal Jesus faz aniversario mas todos os dias podemos viver o Natal recebendo-o e fazendo-o nascer em sua vida pela Eucaristia que nos foi dada como o maior presente de Deus para nossas vidas!<\/span><\/p>\n<p><span style=\"font-family: Verdana, sans-serif\">Feliz Natal ! e um Ano de 2012 muito Eucar\u00edstico ! <\/span><\/p>\n<p><span style=\"font-family: Verdana, sans-serif\">Com amor , <\/span><span style=\"font-family: Verdana, sans-serif\">Cecilia Fontes<\/span><\/p>\n<p style=\"text-align: center\">\n<p style=\"text-align: center\"><span><strong><em>Venha conosco&#8230; peregrinar s\u00f3 pode ser pela Obra de Maria!<br \/>\n<\/em><\/strong><\/span><\/p>\n<p style=\"text-align: center\"><strong><a href=\"http:\/\/www.obrademaria.com.br\/\" target=\"_blank\"><img loading=\"lazy\" decoding=\"async\" class=\"alignnone size-medium wp-image-9271\" src=\"http:\/\/blog.cancaonova.com\/peregrinacoes\/files\/2009\/05\/barra_top1-300x54.jpg\" alt=\"\" width=\"300\" height=\"54\" \/><\/a><\/strong><\/p>\n<p style=\"text-align: center\"><strong>Mais que viagens\u2026 encontros com Deus! <\/strong><\/p>\n<p style=\"text-align: center\">Contatos (0xx12) 3186 2055<\/p>\n<p style=\"text-align: center\">ou pelo e-mail <span style=\"color: #17397a\"><a href=\"mailto:peregrinacoes@cancaonova.com\"><span style=\"color: #17397a\">peregrinacoes@cancaonova.com<\/span><\/a><\/span><\/p>\n<p style=\"text-align: center\">Informa\u00e7\u00f5es gerais<\/p>\n<p style=\"text-align: center\"><span style=\"font-size: x-small\"><span style=\"font-size: xx-small\">(0\u00d712) 3186 2000 ramal 2451<\/span><\/span><\/p>\n<p style=\"text-align: center\"><a href=\"http:\/\/blog.cancaonova.com\/peregrinacoes\/category\/cadastre-se-aqui\/\"><span style=\"color: #17397a\">CADASTRE-SE<\/span><\/a><\/p>\n<p style=\"text-align: left\"><em>Deixe seu coment\u00e1rio e seu pedido de ora\u00e7\u00e3o que estaremos rezando nas suas inten\u00e7\u00f5es na Terra Santa\u2026<\/em><\/p>\n","protected":false},"excerpt":{"rendered":"<p>Testemunho de Cec\u00edlia Santoro Trigueiro Fontes na peregrina\u00e7\u00e3o a Terra Santa <a href=\"https:\/\/blog.cancaonova.com\/peregrinacoes\/2011\/12\/30\/viver-o-quinto-evangelho\/\">Continue lendo <span class=\"meta-nav\">&rarr;<\/span><\/a><\/p>\n","protected":false},"author":4472,"featured_media":0,"comment_status":"open","ping_status":"closed","sticky":false,"template":"","format":"standard","meta":{"_mi_skip_tracking":false,"_monsterinsights_sitenote_active":false,"_monsterinsights_sitenote_note":"","_monsterinsights_sitenote_category":0,"footnotes":""},"categories":[101],"tags":[5011,18196,8641,53,45026,1151,17780,178723,97],"_links":{"self":[{"href":"https:\/\/blog.cancaonova.com\/peregrinacoes\/wp-json\/wp\/v2\/posts\/12917"}],"collection":[{"href":"https:\/\/blog.cancaonova.com\/peregrinacoes\/wp-json\/wp\/v2\/posts"}],"about":[{"href":"https:\/\/blog.cancaonova.com\/peregrinacoes\/wp-json\/wp\/v2\/types\/post"}],"author":[{"embeddable":true,"href":"https:\/\/blog.cancaonova.com\/peregrinacoes\/wp-json\/wp\/v2\/users\/4472"}],"replies":[{"embeddable":true,"href":"https:\/\/blog.cancaonova.com\/peregrinacoes\/wp-json\/wp\/v2\/comments?post=12917"}],"version-history":[{"count":5,"href":"https:\/\/blog.cancaonova.com\/peregrinacoes\/wp-json\/wp\/v2\/posts\/12917\/revisions"}],"predecessor-version":[{"id":12925,"href":"https:\/\/blog.cancaonova.com\/peregrinacoes\/wp-json\/wp\/v2\/posts\/12917\/revisions\/12925"}],"wp:attachment":[{"href":"https:\/\/blog.cancaonova.com\/peregrinacoes\/wp-json\/wp\/v2\/media?parent=12917"}],"wp:term":[{"taxonomy":"category","embeddable":true,"href":"https:\/\/blog.cancaonova.com\/peregrinacoes\/wp-json\/wp\/v2\/categories?post=12917"},{"taxonomy":"post_tag","embeddable":true,"href":"https:\/\/blog.cancaonova.com\/peregrinacoes\/wp-json\/wp\/v2\/tags?post=12917"}],"curies":[{"name":"wp","href":"https:\/\/api.w.org\/{rel}","templated":true}]}}