{"id":12928,"date":"2012-01-23T10:39:09","date_gmt":"2012-01-23T12:39:09","guid":{"rendered":"http:\/\/blog.cancaonova.com\/peregrinacoes\/?p=12928"},"modified":"2012-01-23T10:39:09","modified_gmt":"2012-01-23T12:39:09","slug":"local-real-do-batismo-de-jesus-e-reaberto-apos-44-anos","status":"publish","type":"post","link":"https:\/\/blog.cancaonova.com\/peregrinacoes\/2012\/01\/23\/local-real-do-batismo-de-jesus-e-reaberto-apos-44-anos\/","title":{"rendered":"Local Real do Batismo de Jesus \u00e9 reaberto ap\u00f3s 44 anos"},"content":{"rendered":"<p style=\"text-align: left\"><strong>Localiza\u00e7\u00e3o exata onde Jo\u00e3o Batista batizava no Rio Jord\u00e3o e l\u00e1 batizou Jesus o filho de Deus.<\/strong><\/p>\n<p style=\"text-align: center\"><a href=\"http:\/\/blog.cancaonova.com\/peregrinacoes\/files\/2012\/01\/terra_santa.png\"><img loading=\"lazy\" decoding=\"async\" class=\"aligncenter size-medium wp-image-12929\" src=\"http:\/\/blog.cancaonova.com\/peregrinacoes\/files\/2012\/01\/terra_santa-300x148.png\" alt=\"rio jord\u00e3o\" width=\"300\" height=\"148\" \/><\/a><\/p>\n<p><span style=\"color: #000000\"><span style=\"font-family: Verdana, sans-serif\"><span style=\"font-size: small\">A comunidade cat\u00f3lica na Terra Santa voltou a celebrar, ap\u00f3s 44 anos, na localidade de Qassir El Yehud&#8230; Lugar que segundo a tradi\u00e7\u00e3o teria sido cen\u00e1rio do encontro entre Jo\u00e3o Batista e Jesus no rio Jord\u00e3o \u2013, a festa do Batismo do Senhor.<\/span><\/span><\/span><\/p>\n<p><span style=\"color: #000000\"><span style=\"font-family: Verdana, sans-serif\"><span style=\"font-size: small\">O terreno de Qassir El Yehud encontra-se de frente a Jeric\u00f3 e foi reaberto no segundo semestre do ano passado para a visita\u00e7\u00e3o dos peregrinos. De fato, reconhecido pela tradi\u00e7\u00e3o crist\u00e3 desde os primeiros s\u00e9culos como o lugar do Batismo de Jesus, o lugar foi fechado ap\u00f3s a &#8220;Guerra dos Seis Dias&#8221; (1967), porque se tornou uma zona militar e minada, oferecendo riscos aos visitantes.<\/span><\/span><\/span><\/p>\n<p><span style=\"color: #000000\"><span style=\"font-family: Verdana, sans-serif\"><span style=\"font-size: small\">Os peregrinos podiam visit\u00e1-lo somente em datas prefixadas e com uma permiss\u00e3o do ex\u00e9rcito. A reabertura das margens do Jord\u00e3o \u2013 refere o portal do Patriarcado Latino de Jerusal\u00e9m \u2013 permite agora a todos visitar o lugar livremente e, \u00e0 Cust\u00f3dia da Terra Santa, fazer a sua tradicional peregrina\u00e7\u00e3o no dia da festa do Batismo do Senhor. Neste ano, na festa do Batismo do Senhor, centenas de pessoas participaram da peregrina\u00e7\u00e3o.<\/span><\/span><\/span><\/p>\n<p><span style=\"color: #000000\"><span style=\"font-family: Verdana, sans-serif\"><span style=\"font-size: small\">A celebra\u00e7\u00e3o foi aberta com uma prociss\u00e3o que partiu do mosteiro ortodoxo, que se encontra justamente \u00e0s margens do Jord\u00e3o. O guardi\u00e3o da Terra Santa, Frei Pierbattista Pizzaballa, presidiu a santa missa \u00e0s 10h locais. Durante a cerim\u00f4nia v\u00e1rias crian\u00e7as foram batizadas com a \u00e1gua do rio Jord\u00e3o, pr\u00f3ximo ao qual foi colocado o altar.<\/span><\/span><\/span><\/p>\n<p><span style=\"color: #000000\"><span style=\"font-family: Verdana, sans-serif\"><span style=\"font-size: small\">A Comunidade Obra de Maria ainda no semestre passado levou alguns de seus grupos de peregrinos para este lugar santo que agora aos poucos ser\u00e1 introduzido nas principais programa\u00e7\u00f5es de visita \u00e0 Terra Santa.<\/span><\/span><\/span><\/p>\n<p><em><span style=\"color: #000000\"><span style=\"font-family: Verdana, sans-serif\"><span style=\"font-size: small\">Com Informa\u00e7\u00f5es da Radio Vaticano<\/span><\/span><\/span><\/em><\/p>\n<p style=\"text-align: center\">\n<p style=\"text-align: center\"><span><strong><em>Venha conosco&#8230; peregrinar s\u00f3 pode ser pela Obra de Maria!<br \/>\n<\/em><\/strong><\/span><\/p>\n<p style=\"text-align: center\"><strong><a href=\"http:\/\/www.obrademaria.com.br\/\" target=\"_blank\"><img loading=\"lazy\" decoding=\"async\" class=\"alignnone size-medium wp-image-9271\" src=\"http:\/\/blog.cancaonova.com\/peregrinacoes\/files\/2009\/05\/barra_top1-300x54.jpg\" alt=\"\" width=\"300\" height=\"54\" \/><\/a><\/strong><\/p>\n<p style=\"text-align: center\"><strong>Mais que viagens\u2026 encontros com Deus! <\/strong><\/p>\n<p style=\"text-align: center\">Contatos (0xx12) 3186 2055<\/p>\n<p style=\"text-align: center\">ou pelo e-mail <span style=\"color: #17397a\"><a href=\"mailto:peregrinacoes@cancaonova.com\"><span style=\"color: #17397a\">peregrinacoes@cancaonova.com<\/span><\/a><\/span><\/p>\n<p style=\"text-align: center\">Informa\u00e7\u00f5es gerais<\/p>\n<p style=\"text-align: center\"><span style=\"font-size: x-small\"><span style=\"font-size: xx-small\">(0\u00d712) 3186 2000 ramal 2451<\/span><\/span><\/p>\n<p style=\"text-align: center\"><a href=\"http:\/\/blog.cancaonova.com\/peregrinacoes\/category\/cadastre-se-aqui\/\"><span style=\"color: #17397a\">CADASTRE-SE<\/span><\/a><\/p>\n<p style=\"text-align: left\"><em>Deixe seu coment\u00e1rio e seu pedido de ora\u00e7\u00e3o que estaremos rezando nas suas inten\u00e7\u00f5es na Terra Santa\u2026<\/em><\/p>\n","protected":false},"excerpt":{"rendered":"<p>A comunidade cat\u00f3lica na Terra Santa voltou a celebrar, ap\u00f3s 44 anos, na localidade de Qassir El Yehud <a href=\"https:\/\/blog.cancaonova.com\/peregrinacoes\/2012\/01\/23\/local-real-do-batismo-de-jesus-e-reaberto-apos-44-anos\/\">Continue lendo <span class=\"meta-nav\">&rarr;<\/span><\/a><\/p>\n","protected":false},"author":4472,"featured_media":0,"comment_status":"open","ping_status":"closed","sticky":false,"template":"","format":"standard","meta":{"_mi_skip_tracking":false,"_monsterinsights_sitenote_active":false,"_monsterinsights_sitenote_note":"","_monsterinsights_sitenote_category":0,"footnotes":""},"categories":[5041],"tags":[16060,19280,16468,221,23204,101406,8491,178723],"_links":{"self":[{"href":"https:\/\/blog.cancaonova.com\/peregrinacoes\/wp-json\/wp\/v2\/posts\/12928"}],"collection":[{"href":"https:\/\/blog.cancaonova.com\/peregrinacoes\/wp-json\/wp\/v2\/posts"}],"about":[{"href":"https:\/\/blog.cancaonova.com\/peregrinacoes\/wp-json\/wp\/v2\/types\/post"}],"author":[{"embeddable":true,"href":"https:\/\/blog.cancaonova.com\/peregrinacoes\/wp-json\/wp\/v2\/users\/4472"}],"replies":[{"embeddable":true,"href":"https:\/\/blog.cancaonova.com\/peregrinacoes\/wp-json\/wp\/v2\/comments?post=12928"}],"version-history":[{"count":5,"href":"https:\/\/blog.cancaonova.com\/peregrinacoes\/wp-json\/wp\/v2\/posts\/12928\/revisions"}],"predecessor-version":[{"id":12934,"href":"https:\/\/blog.cancaonova.com\/peregrinacoes\/wp-json\/wp\/v2\/posts\/12928\/revisions\/12934"}],"wp:attachment":[{"href":"https:\/\/blog.cancaonova.com\/peregrinacoes\/wp-json\/wp\/v2\/media?parent=12928"}],"wp:term":[{"taxonomy":"category","embeddable":true,"href":"https:\/\/blog.cancaonova.com\/peregrinacoes\/wp-json\/wp\/v2\/categories?post=12928"},{"taxonomy":"post_tag","embeddable":true,"href":"https:\/\/blog.cancaonova.com\/peregrinacoes\/wp-json\/wp\/v2\/tags?post=12928"}],"curies":[{"name":"wp","href":"https:\/\/api.w.org\/{rel}","templated":true}]}}