{"id":12936,"date":"2014-10-08T09:09:48","date_gmt":"2014-10-08T11:09:48","guid":{"rendered":"http:\/\/blog.cancaonova.com\/peregrinacoes\/?p=12936"},"modified":"2014-10-08T10:26:33","modified_gmt":"2014-10-08T12:26:33","slug":"na-terra-santa-tive-uma-experiencia-pessoal-com-jesus","status":"publish","type":"post","link":"https:\/\/blog.cancaonova.com\/peregrinacoes\/2014\/10\/08\/na-terra-santa-tive-uma-experiencia-pessoal-com-jesus\/","title":{"rendered":"Na Terra Santa tive uma experiencia pessoal com Jesus"},"content":{"rendered":"<blockquote>\n<h2><span style=\"color: #0000ff\"><strong>Testemunho do encontro pessoal com Jesus &#8211; peregrina\u00e7\u00e3o a Terra Santa<\/strong><\/span><\/h2>\n<\/blockquote>\n<p style=\"text-align: left\"><strong><a href=\"http:\/\/blog.cancaonova.com\/peregrinacoes\/files\/2012\/01\/Fotos-Terra-Santa-293.jpg\"><img loading=\"lazy\" decoding=\"async\" class=\"aligncenter size-medium wp-image-12937\" src=\"http:\/\/blog.cancaonova.com\/peregrinacoes\/files\/2012\/01\/Fotos-Terra-Santa-293-300x197.jpg\" alt=\"Cesareia mar\u00edtima\" width=\"300\" height=\"197\" srcset=\"https:\/\/blog.cancaonova.com\/peregrinacoes\/files\/2012\/01\/Fotos-Terra-Santa-293-300x197.jpg 300w, https:\/\/blog.cancaonova.com\/peregrinacoes\/files\/2012\/01\/Fotos-Terra-Santa-293-1024x673.jpg 1024w, https:\/\/blog.cancaonova.com\/peregrinacoes\/files\/2012\/01\/Fotos-Terra-Santa-293.jpg 1504w\" sizes=\"(max-width: 300px) 100vw, 300px\" \/><\/a><\/strong><span style=\"font-family: Verdana, sans-serif\">Realmente foi uma experi\u00eancia maravilhosa e isso deve-se a dois fatores: organiza\u00e7\u00e3o impec\u00e1vel da Obra de Maria e a dire\u00e7\u00e3o espiritual iluminada do Pe Jos\u00e9 Augusto, um homem santo, verdadeiro disc\u00edpulo de Deus, que fez a diferen\u00e7a pregando apaixonadamente e com propriedade pois conhece cada lugar visitado e soube nos envolver no clima da Terra Santa.<\/span><\/p>\n<p><a href=\"http:\/\/blog.cancaonova.com\/peregrinacoes\/files\/2012\/01\/ISRAEL-450.jpg\"><img loading=\"lazy\" decoding=\"async\" class=\"aligncenter size-medium wp-image-12938\" src=\"http:\/\/blog.cancaonova.com\/peregrinacoes\/files\/2012\/01\/ISRAEL-450-225x300.jpg\" alt=\"descida do monte das oliveiras\" width=\"225\" height=\"300\" srcset=\"https:\/\/blog.cancaonova.com\/peregrinacoes\/files\/2012\/01\/ISRAEL-450-225x300.jpg 225w, https:\/\/blog.cancaonova.com\/peregrinacoes\/files\/2012\/01\/ISRAEL-450-768x1024.jpg 768w, https:\/\/blog.cancaonova.com\/peregrinacoes\/files\/2012\/01\/ISRAEL-450.jpg 1536w\" sizes=\"(max-width: 225px) 100vw, 225px\" \/><\/a><span style=\"font-family: Verdana, sans-serif\">Esta foto marca o momento em que descemos o Monte das Oliveiras no caminho da Prociss\u00e3o de Ramos, guiados pelo Pe Jos\u00e9 Augusto (eu estou logo atr\u00e1s dele de blus\u00e3o bege).<\/span><\/p>\n<p><span style=\"font-family: Verdana, sans-serif\">Destaco tamb\u00e9m um encontro pessoal com Deus, que tive ao subir a p\u00e9 o Monte Tabor num pequeno grupo rezando os Mist\u00e9rios da Luz (do meu amado Beato Jo\u00e3o Paulo II), a subida era acentuada e faltava o f\u00f4lego para rezar, mas perseveramos e rezamos todo o ter\u00e7o. Depois, veio uma chuva de mais ou menos 10 minutos, ap\u00f3s fomos nos distanciando uns dos outros, cada um imprimiu seu ritmo de caminhada e me veio a m\u00fasica &#8230; renova-me Senhor Jesus, j\u00e1 n\u00e3o quero ser igual&#8230; e continuei a subida cantando e chorando, fui deixando aquela mulher para tr\u00e1s e fui me renovando, cheguei l\u00e1 em cima e avistei o portal muito feliz e renovada. <\/span><\/p>\n<p><a href=\"http:\/\/blog.cancaonova.com\/peregrinacoes\/files\/2012\/01\/Monte-Tabor.jpg\"><img loading=\"lazy\" decoding=\"async\" class=\"aligncenter size-full wp-image-12939\" src=\"http:\/\/blog.cancaonova.com\/peregrinacoes\/files\/2012\/01\/Monte-Tabor.jpg\" alt=\"monte tabor em israel\" width=\"300\" height=\"225\" \/><\/a><\/p>\n<p><span style=\"font-family: Verdana, sans-serif\">Hoje depois da peregrina\u00e7\u00e3o sou uma pessoa mais feliz pois realizei o meu grande sonho e me renovei espiritualmente. Outros momentos foram maravilhosos como navegar no mar da Galil\u00e9ia, entrar na cisterna do Galicanttu, tocar na pedra onde ungiram o corpo de Jesus, visitar os locais Marianos e ouvir a prega\u00e7\u00e3o do Pe Jos\u00e9 Augusto sentada pr\u00f3xima a igreja Dominus Flevit, tendo como vista as muralhas de Jerusal\u00e9m.<\/span><\/p>\n<p><span style=\"font-family: Verdana, sans-serif\">Parab\u00e9ns a Obra de Maria e obrigada Pe Jos\u00e9 Augusto disc\u00edpulo amado de Deus, a sua ben\u00e7\u00e3o!<\/span><\/p>\n<p><strong><span style=\"color: #0000ff\"><em><span style=\"font-family: Verdana, sans-serif\">Rosil\u00e9ia Correia de Morais Silva (L\u00e9ia) <\/span><span style=\"font-family: Verdana, sans-serif\">Araras\/SP <\/span><\/em><\/span><\/strong><\/p>\n<p>&nbsp;<\/p>\n<h1 style=\"text-align: center\">Venha peregrinar conosco em 2015!<\/h1>\n<p style=\"text-align: center\"><a title=\"Agenda 2015\" href=\"http:\/\/blog.cancaonova.com\/peregrinacoes\/agenda-2015\/\"><img loading=\"lazy\" decoding=\"async\" class=\"aligncenter size-medium wp-image-13757\" src=\"http:\/\/blog.cancaonova.com\/peregrinacoes\/files\/2013\/10\/para-o-blog-agenda-2015-300x69.jpg\" alt=\"Obra de Maria Peregrina\u00e7\u00f5es - agenda 2015\" width=\"300\" height=\"69\" \/><\/a><\/p>\n<p style=\"text-align: center\"><a title=\"Agenda 2015\" href=\"http:\/\/blog.cancaonova.com\/peregrinacoes\/agenda-2015\/\"><span style=\"text-decoration: underline\"><span style=\"color: #0000ff;text-decoration: underline\">Acesse nossa agenda clicando aqui&#8230;<\/span><\/span><\/a><\/p>\n<h2 style=\"text-align: center\">\u00a0<span style=\"color: #800000\">Terra Santa &#8211; Israel: temos roteiros em todos os meses do ano!!!<\/span><\/h2>\n<h2 style=\"text-align: center\"><em>Venha conosco&#8230; <\/em><\/h2>\n<h2 style=\"text-align: center\"><a href=\"http:\/\/blog.cancaonova.com\/peregrinacoes\/files\/2014\/09\/Logo-Obra-de-Maria-Azul.png\"><img loading=\"lazy\" decoding=\"async\" class=\"aligncenter size-medium wp-image-14228\" src=\"http:\/\/blog.cancaonova.com\/peregrinacoes\/files\/2014\/09\/Logo-Obra-de-Maria-Azul-300x122.png\" alt=\"Logo-Obra-de-Maria-Azul\" width=\"300\" height=\"122\" \/><\/a><\/h2>\n<p style=\"text-align: center\"><strong>Mais que viagens\u2026 encontros com Deus! <\/strong><\/p>\n<p style=\"text-align: center\">Contatos (0xx12) 3186 2055<\/p>\n<p style=\"text-align: center\">ou pelo e-mail <span style=\"color: #17397a\"><a href=\"mailto:peregrinacoes@cancaonova.com\"><span style=\"color: #17397a\">peregrinacoes@cancaonova.com<\/span><\/a><\/span><\/p>\n<p style=\"text-align: center\">Informa\u00e7\u00f5es gerais<\/p>\n<p style=\"text-align: center\"><span style=\"font-size: x-small\"><span style=\"font-size: xx-small\">(0\u00d712) 3186 2000 ramal 2055<\/span><\/span><\/p>\n<p style=\"text-align: center\"><a href=\"http:\/\/blog.cancaonova.com\/peregrinacoes\/category\/cadastre-se-aqui\/\"><span style=\"color: #17397a\">CADASTRE-SE<\/span><\/a><\/p>\n<p style=\"text-align: left\"><em>Deixe seu coment\u00e1rio e seu pedido de ora\u00e7\u00e3o que estaremos rezando nas suas inten\u00e7\u00f5es na Terra Santa\u2026<\/em><\/p>\n","protected":false},"excerpt":{"rendered":"<p>Testemunho do encontro pessoal com Jesus numa peregrina\u00e7\u00e3o a Terra Santa <a href=\"https:\/\/blog.cancaonova.com\/peregrinacoes\/2014\/10\/08\/na-terra-santa-tive-uma-experiencia-pessoal-com-jesus\/\">Continue lendo <span class=\"meta-nav\">&rarr;<\/span><\/a><\/p>\n","protected":false},"author":4472,"featured_media":12885,"comment_status":"open","ping_status":"closed","sticky":false,"template":"","format":"standard","meta":{"_mi_skip_tracking":false,"_monsterinsights_sitenote_active":false,"_monsterinsights_sitenote_note":"","_monsterinsights_sitenote_category":0,"footnotes":""},"categories":[5041,101],"tags":[16791,23945,17409,17726,16468,221,24637,19542,8451,28176],"_links":{"self":[{"href":"https:\/\/blog.cancaonova.com\/peregrinacoes\/wp-json\/wp\/v2\/posts\/12936"}],"collection":[{"href":"https:\/\/blog.cancaonova.com\/peregrinacoes\/wp-json\/wp\/v2\/posts"}],"about":[{"href":"https:\/\/blog.cancaonova.com\/peregrinacoes\/wp-json\/wp\/v2\/types\/post"}],"author":[{"embeddable":true,"href":"https:\/\/blog.cancaonova.com\/peregrinacoes\/wp-json\/wp\/v2\/users\/4472"}],"replies":[{"embeddable":true,"href":"https:\/\/blog.cancaonova.com\/peregrinacoes\/wp-json\/wp\/v2\/comments?post=12936"}],"version-history":[{"count":12,"href":"https:\/\/blog.cancaonova.com\/peregrinacoes\/wp-json\/wp\/v2\/posts\/12936\/revisions"}],"predecessor-version":[{"id":14340,"href":"https:\/\/blog.cancaonova.com\/peregrinacoes\/wp-json\/wp\/v2\/posts\/12936\/revisions\/14340"}],"wp:featuredmedia":[{"embeddable":true,"href":"https:\/\/blog.cancaonova.com\/peregrinacoes\/wp-json\/wp\/v2\/media\/12885"}],"wp:attachment":[{"href":"https:\/\/blog.cancaonova.com\/peregrinacoes\/wp-json\/wp\/v2\/media?parent=12936"}],"wp:term":[{"taxonomy":"category","embeddable":true,"href":"https:\/\/blog.cancaonova.com\/peregrinacoes\/wp-json\/wp\/v2\/categories?post=12936"},{"taxonomy":"post_tag","embeddable":true,"href":"https:\/\/blog.cancaonova.com\/peregrinacoes\/wp-json\/wp\/v2\/tags?post=12936"}],"curies":[{"name":"wp","href":"https:\/\/api.w.org\/{rel}","templated":true}]}}