{"id":13017,"date":"2013-02-28T08:00:36","date_gmt":"2013-02-28T10:00:36","guid":{"rendered":"http:\/\/blog.cancaonova.com\/peregrinacoes\/?p=13017"},"modified":"2013-02-27T17:06:13","modified_gmt":"2013-02-27T19:06:13","slug":"vinde-e-vede-o-que-jesus-viu","status":"publish","type":"post","link":"https:\/\/blog.cancaonova.com\/peregrinacoes\/2013\/02\/28\/vinde-e-vede-o-que-jesus-viu\/","title":{"rendered":"Em Julho de 2013 -  Terra Santa e Turquia - Vinde e vede"},"content":{"rendered":"<p style=\"text-align: left\"><strong>Lugares onde a hist\u00f3ria se faz viva atrav\u00e9s de igrejas e montes.<\/strong><\/p>\n<p style=\"text-align: left\">\n<p style=\"text-align: left\"><span style=\"color: #0000ff\"><strong>Julho m\u00eas de f\u00e9rias&#8230;<\/strong><\/span><\/p>\n<p style=\"text-align: left\"><strong>Se voc\u00ea est\u00e1 em duvida quanto ao seu roteiro temos uma dica para voc\u00ea:<\/strong><\/p>\n<p style=\"text-align: center\">*** Venha Peregrinar \u00a0pela Terra Santa e Turquia com a dire\u00e7\u00e3o Espiritual de Pe. Ivan Paix\u00e3o da Comunidade Can\u00e7\u00e3o Nova.<\/p>\n<p style=\"text-align: center\">\n<div class=\"mceTemp mceIEcenter\" style=\"text-align: center\">\n<dl>\n<dt><span style=\"font-size: 11px;line-height: 17px\"><a href=\"http:\/\/blog.cancaonova.com\/peregrinacoes\/files\/2012\/06\/Pe-Ivan.jpg\"><img loading=\"lazy\" decoding=\"async\" class=\"aligncenter size-full wp-image-13247\" src=\"http:\/\/blog.cancaonova.com\/peregrinacoes\/files\/2012\/06\/Pe-Ivan.jpg\" alt=\"\" width=\"167\" height=\"365\" srcset=\"https:\/\/blog.cancaonova.com\/peregrinacoes\/files\/2012\/06\/Pe-Ivan.jpg 167w, https:\/\/blog.cancaonova.com\/peregrinacoes\/files\/2012\/06\/Pe-Ivan-137x300.jpg 137w\" sizes=\"(max-width: 167px) 100vw, 167px\" \/><\/a>Pe Ivan Paix\u00e3o &#8211; Comunidade Can\u00e7\u00e3o Nova<\/span><\/dt>\n<\/dl>\n<\/div>\n<p style=\"text-align: center\">Testemunhar com os seus olhos os caminhos que Jesus percorreu na Jud\u00e9ia e na Galil\u00e9ia&#8230;<\/p>\n<div class=\"mceTemp mceIEcenter\" style=\"text-align: left\">\n<dl>\n<dt>\n<div id=\"attachment_13249\" style=\"width: 310px\" class=\"wp-caption aligncenter\"><a href=\"http:\/\/blog.cancaonova.com\/peregrinacoes\/files\/2012\/06\/084MAR.jpg\"><img loading=\"lazy\" decoding=\"async\" aria-describedby=\"caption-attachment-13249\" class=\"size-medium wp-image-13249\" src=\"http:\/\/blog.cancaonova.com\/peregrinacoes\/files\/2012\/06\/084MAR-300x198.jpg\" alt=\"Mar da Galileia\" width=\"300\" height=\"198\" \/><\/a><p id=\"caption-attachment-13249\" class=\"wp-caption-text\">Mar da Galileia<\/p><\/div>\n<\/dt>\n<dd>\n<div id=\"attachment_13250\" style=\"width: 310px\" class=\"wp-caption aligncenter\"><a href=\"http:\/\/blog.cancaonova.com\/peregrinacoes\/files\/2012\/06\/153DOMINUS.jpg\"><img loading=\"lazy\" decoding=\"async\" aria-describedby=\"caption-attachment-13250\" class=\"size-medium wp-image-13250\" src=\"http:\/\/blog.cancaonova.com\/peregrinacoes\/files\/2012\/06\/153DOMINUS-300x196.jpg\" alt=\"\" width=\"300\" height=\"196\" srcset=\"https:\/\/blog.cancaonova.com\/peregrinacoes\/files\/2012\/06\/153DOMINUS-300x196.jpg 300w, https:\/\/blog.cancaonova.com\/peregrinacoes\/files\/2012\/06\/153DOMINUS.jpg 448w\" sizes=\"(max-width: 300px) 100vw, 300px\" \/><\/a><p id=\"caption-attachment-13250\" class=\"wp-caption-text\">Jerusal\u00e9m - vista de Dominus Flevit<\/p><\/div>\n<div id=\"attachment_13251\" style=\"width: 310px\" class=\"wp-caption aligncenter\"><a href=\"http:\/\/blog.cancaonova.com\/peregrinacoes\/files\/2012\/06\/057CAFARNAUM.jpg\"><img loading=\"lazy\" decoding=\"async\" aria-describedby=\"caption-attachment-13251\" class=\"size-medium wp-image-13251\" src=\"http:\/\/blog.cancaonova.com\/peregrinacoes\/files\/2012\/06\/057CAFARNAUM-300x199.jpg\" alt=\"\" width=\"300\" height=\"199\" \/><\/a><p id=\"caption-attachment-13251\" class=\"wp-caption-text\">CAFARNAUM<\/p><\/div>\n<p><span style=\"font-size: 14px;line-height: 19px\"> <\/span><\/p>\n<\/dd>\n<\/dl>\n<\/div>\n<p style=\"text-align: left\">E al\u00e9m trilhar os caminhos onde Jesus passou na Terra Santa iremos tamb\u00e9m a Ef\u00e9so &#8211; Esmirna e Istambul na Turquia onde trilharemos o caminho de Jo\u00e3o Ap\u00f3stolo e Nossa Senhora e vivenciaremos a riqueza cultural destes lugares.<\/p>\n<p style=\"text-align: left\"><span style=\"color: #0000ff\"><strong>Iremos:<\/strong><\/span><\/p>\n<p style=\"text-align: left\"><strong><span style=\"color: #0000ff\"><span style=\"color: #0000ff\">A cidade antiga de\u00a0\u00c9feso:<\/span><\/span><\/strong> Visitas ao Odeon, a Agor\u00e1, o Portal de H\u00e9rcules, a Biblio Celsius, a Avenida de M\u00e1more, o grande Teatro onde S\u00e3o Paulo pregava, casa de S\u00e3o Jo\u00e3o e a casa da Virgem Maria em Efeso.<\/p>\n<p style=\"text-align: left\"><span style=\"color: #0000ff\"><strong>Istambul:<\/strong><\/span> Excurs\u00e3o em navio privativo pelo Bosforo, Gran Bazar, City Tour &#8211; Mesquita Azul, Hip\u00f3dromo Romano com o Obelisco do Fara\u00f3 Thutmos III, transportado do Egito, Bas\u00edlica de Santa Sofia, Cisterna de 366 colunas Submersas&#8230; Visita ao Pal\u00e1cio Topkapi<\/p>\n<div class=\"mceTemp mceIEcenter\" style=\"text-align: left\">\n<dl>\n<dt>\n<div id=\"attachment_13252\" style=\"width: 310px\" class=\"wp-caption aligncenter\"><a href=\"http:\/\/blog.cancaonova.com\/peregrinacoes\/files\/2012\/06\/2012-10-25-16.51.48.jpg\"><img loading=\"lazy\" decoding=\"async\" aria-describedby=\"caption-attachment-13252\" class=\"size-medium wp-image-13252\" src=\"http:\/\/blog.cancaonova.com\/peregrinacoes\/files\/2012\/06\/2012-10-25-16.51.48-300x225.jpg\" alt=\"\" width=\"300\" height=\"225\" srcset=\"https:\/\/blog.cancaonova.com\/peregrinacoes\/files\/2012\/06\/2012-10-25-16.51.48-300x225.jpg 300w, https:\/\/blog.cancaonova.com\/peregrinacoes\/files\/2012\/06\/2012-10-25-16.51.48-1024x768.jpg 1024w, https:\/\/blog.cancaonova.com\/peregrinacoes\/files\/2012\/06\/2012-10-25-16.51.48.jpg 1600w\" sizes=\"(max-width: 300px) 100vw, 300px\" \/><\/a><p id=\"caption-attachment-13252\" class=\"wp-caption-text\">\u00c9feso - Turquia<\/p><\/div>\n<\/dt>\n<\/dl>\n<\/div>\n<p style=\"text-align: center\">\n<p style=\"text-align: center\"><span style=\"color: #0000ff\"><strong><span style=\"color: #0000ff\">Uma peregrina\u00e7\u00e3o com uma viagem\u00a0inesquec\u00edvel!!!<\/span><\/strong><\/span><\/p>\n<p style=\"text-align: center\"><span style=\"color: #0000ff\"><strong>Vamos juntos s\u00f3 falta voc\u00ea!!!<\/strong><\/span><\/p>\n<p style=\"text-align: center\"><span style=\"color: #0000ff\"><strong><br \/>\n<\/strong><\/span><\/p>\n<p style=\"text-align: center\"><strong><span style=\"text-decoration: underline\">Sa\u00edda dia 01 de julho de 2013.<\/span><\/strong><\/p>\n<p style=\"text-align: center\">\n<p style=\"text-align: center\"><strong><em>Venha conosco&#8230; peregrinar s\u00f3 pode ser pela Obra de Maria!<br \/>\n<\/em><\/strong><\/p>\n<p style=\"text-align: center\"><strong><a href=\"http:\/\/www.obrademaria.com.br\/\" target=\"_blank\"><img loading=\"lazy\" decoding=\"async\" class=\"alignnone size-medium wp-image-9271\" src=\"http:\/\/blog.cancaonova.com\/peregrinacoes\/files\/2009\/05\/barra_top1-300x54.jpg\" alt=\"\" width=\"300\" height=\"54\" \/><\/a><\/strong><\/p>\n<p style=\"text-align: center\"><strong>Mais que viagens\u2026 encontros com Deus! <\/strong><\/p>\n<p style=\"text-align: center\">Contatos (0xx12) 3186 2055<\/p>\n<p style=\"text-align: center\">ou pelo e-mail <span style=\"color: #17397a\"><a href=\"mailto:peregrinacoes@cancaonova.com\"><span style=\"color: #17397a\">peregrinacoes@cancaonova.com<\/span><\/a><\/span><\/p>\n<p style=\"text-align: center\">Informa\u00e7\u00f5es gerais<\/p>\n<p style=\"text-align: center\"><span style=\"font-size: x-small\"><span style=\"font-size: xx-small\">(0\u00d712) 3186 2000 ramal 2451<\/span><\/span><\/p>\n<p style=\"text-align: center\"><a href=\"http:\/\/blog.cancaonova.com\/peregrinacoes\/category\/cadastre-se-aqui\/\"><span style=\"color: #17397a\">CADASTRE-SE<\/span><\/a><\/p>\n<p style=\"text-align: center\"><em>Deixe seu coment\u00e1rio e seu pedido de ora\u00e7\u00e3o que estaremos rezando nas suas inten\u00e7\u00f5es na Terra Santa\u2026<\/em><\/p>\n","protected":false},"excerpt":{"rendered":"<p>Lugares onde a hist\u00f3ria se faz viva atrav\u00e9s de igrejas e montes. Julho m\u00eas de f\u00e9rias&#8230; Se voc\u00ea est\u00e1 em duvida quanto ao seu roteiro temos uma dica para voc\u00ea: *** Venha Peregrinar \u00a0pela Terra Santa e Turquia com a&#8230;<\/p>\n","protected":false},"author":4472,"featured_media":0,"comment_status":"open","ping_status":"closed","sticky":false,"template":"","format":"standard","meta":{"_mi_skip_tracking":false,"_monsterinsights_sitenote_active":false,"_monsterinsights_sitenote_note":"","_monsterinsights_sitenote_category":0,"footnotes":""},"categories":[5041],"tags":[],"_links":{"self":[{"href":"https:\/\/blog.cancaonova.com\/peregrinacoes\/wp-json\/wp\/v2\/posts\/13017"}],"collection":[{"href":"https:\/\/blog.cancaonova.com\/peregrinacoes\/wp-json\/wp\/v2\/posts"}],"about":[{"href":"https:\/\/blog.cancaonova.com\/peregrinacoes\/wp-json\/wp\/v2\/types\/post"}],"author":[{"embeddable":true,"href":"https:\/\/blog.cancaonova.com\/peregrinacoes\/wp-json\/wp\/v2\/users\/4472"}],"replies":[{"embeddable":true,"href":"https:\/\/blog.cancaonova.com\/peregrinacoes\/wp-json\/wp\/v2\/comments?post=13017"}],"version-history":[{"count":16,"href":"https:\/\/blog.cancaonova.com\/peregrinacoes\/wp-json\/wp\/v2\/posts\/13017\/revisions"}],"predecessor-version":[{"id":13245,"href":"https:\/\/blog.cancaonova.com\/peregrinacoes\/wp-json\/wp\/v2\/posts\/13017\/revisions\/13245"}],"wp:attachment":[{"href":"https:\/\/blog.cancaonova.com\/peregrinacoes\/wp-json\/wp\/v2\/media?parent=13017"}],"wp:term":[{"taxonomy":"category","embeddable":true,"href":"https:\/\/blog.cancaonova.com\/peregrinacoes\/wp-json\/wp\/v2\/categories?post=13017"},{"taxonomy":"post_tag","embeddable":true,"href":"https:\/\/blog.cancaonova.com\/peregrinacoes\/wp-json\/wp\/v2\/tags?post=13017"}],"curies":[{"name":"wp","href":"https:\/\/api.w.org\/{rel}","templated":true}]}}