{"id":13163,"date":"2013-02-22T15:29:51","date_gmt":"2013-02-22T17:29:51","guid":{"rendered":"http:\/\/blog.cancaonova.com\/peregrinacoes\/?p=13163"},"modified":"2013-02-27T17:01:31","modified_gmt":"2013-02-27T19:01:31","slug":"13163","status":"publish","type":"post","link":"https:\/\/blog.cancaonova.com\/peregrinacoes\/2013\/02\/22\/13163\/","title":{"rendered":"SANTA TERESINHA DO MENINO JESUS"},"content":{"rendered":"<p style=\"text-align: center\">\n<p style=\"text-align: left\">\n<p style=\"text-align: center\">\n<p style=\"text-align: center\">\n<h3 style=\"text-align: center\"><em><span style=\"color: #ff0000\">&#8220;Compreendi que o Amor englobava todas as voca\u00e7\u00f5es, que o Amor era tudo&#8230;&#8221; <\/span><\/em><\/h3>\n<p><em><span style=\"color: #ff0000\"><a href=\"http:\/\/blog.cancaonova.com\/peregrinacoes\/files\/2013\/02\/22_02_2013_14_34_29.jpg\"><span style=\"color: #ff0000\"><img loading=\"lazy\" decoding=\"async\" class=\"size-full wp-image-13181 alignright\" src=\"http:\/\/blog.cancaonova.com\/peregrinacoes\/files\/2013\/02\/22_02_2013_14_34_29.jpg\" alt=\"\" width=\"125\" height=\"200\" \/><\/span><\/a><\/span><\/em><\/p>\n<p style=\"text-align: center\"><em><span style=\"color: #ff0000\"> Santa Teresinha nasceu em Alen\u00e7on ,Fran\u00e7a, em 1873 e morreu em 1897. Ela dizia claramente que a sua\u00a0voca\u00e7\u00e3o\u00a0era o amor,sabia em seu\u00a0cora\u00e7\u00e3o, que n\u00e3o somente ela, mais\u00a0tamb\u00e9m\u00a0nos\u00a0nascemos\u00a0para o amor. Nasceu em\u00a0ber\u00e7o\u00a0de\u00a0fam\u00edlia\u00a0humilde e temente a Deus, seus pais (Lu\u00eds e Z\u00e9lia)\u00a0tiveram\u00a09 filhos dos quais Teresa era a ca\u00e7ula: quatro dos irm\u00e3os morreram muito cedo, restando em vida (Celina, Maria, Le\u00f4nia, Paulina e Teresinha). Com muita ansiedade Teresa entrou com 15 anos no Mosteiro das Carmelitas em Lisieux, autorizada pelo Papa Le\u00e3o XIII. Durante toda a sua vida foi humilde, simples e confiante em Deus.<\/span><\/em><\/p>\n<p><em> <\/em><\/p>\n<p><em>Oferecia a Deus todos seus gestos, seja maior ou menor pela salva\u00e7\u00e3o da Igreja. Santa Teresinha do Menino Jesus esteve desde a\u00a0inf\u00e2ncia\u00a0livre e solta para os cuidados do Pai, entregava a Ele o seu amor incondicional.<a href=\"http:\/\/blog.cancaonova.com\/peregrinacoes\/files\/2013\/02\/Foto-Sta.-Teresinha.jpg\"><img loading=\"lazy\" decoding=\"async\" class=\"size-medium wp-image-13189 alignright\" src=\"http:\/\/blog.cancaonova.com\/peregrinacoes\/files\/2013\/02\/Foto-Sta.-Teresinha-237x300.jpg\" alt=\"\" width=\"175\" height=\"225\" \/><\/a><\/em><\/p>\n<p style=\"text-align: center\"><em><span style=\"color: #ff0000\">Seu desejo mais profundo foi ser missionaria \u00a0&#8220;desde a cria\u00e7\u00e3o do mundo at\u00e9 a consuma\u00e7\u00e3o dos s\u00e9culos&#8221;. Apesar de nunca ter\u00a0sa\u00eddo\u00a0do mosteiro se tornou a Padroeira dos\u00a0Mission\u00e1rios\u00a0e\u00a0tamb\u00e9m\u00a0Doutora da Igreja.<\/span><\/em><\/p>\n<p><em>No dia 30 de outubro de 1897 morreu de tuberculose aos 24 anos, suas \u00faltimas palavras foram:\u00a0&#8220;Oh! amo-O\u00a0 Deus meu,amo-Vos!&#8221;<\/em><\/p>\n<p><em> <\/em><\/p>\n<p><em> <\/em><\/p>\n<p><em> <\/em><\/p>\n<p style=\"text-align: center\">\n<p style=\"text-align: center\">\n<p style=\"text-align: center\">\n<p style=\"text-align: center\">\n<p style=\"text-align: center\">\n<p style=\"text-align: center\"><em><span style=\"color: #ff0000\">Logo depois de\u00a0v\u00e1rios\u00a0milagres ocorreu a beatifica\u00e7\u00e3o em 1923, a canoniza\u00e7\u00e3o em 1925 e declarada &#8220;Patrona Universal das Miss\u00f5es Cat\u00f3licas&#8221; em 1927 pelas\u00a0m\u00e3os\u00a0do Papa Pio XI. No dia 19 de outubro de 1997, o Papa Jo\u00e3o Paulo II proclamou Santa Teresa do Menino Jesus doutora da Igreja.<\/span><\/em><\/p>\n<p><em> <\/em><\/p>\n<p><em>Santa Teresinha do Menino Jesus, rogai por n\u00f3s<\/em><\/p>\n<p style=\"text-align: center\"><span style=\"color: #ff0000\"><span style=\"color: #ff0000\"><em>Voc\u00ea\u00a0tamb\u00e9m\u00a0pode conhecer os locais por onde andou Santa Teresa e se emocionar!<\/em><\/span><\/span><\/p>\n<p><a href=\"http:\/\/blog.cancaonova.com\/peregrinacoes\/files\/2013\/02\/Basil\u00edca-de-Santa-Terezinha.jpg\"><img loading=\"lazy\" decoding=\"async\" class=\"size-medium wp-image-13190 alignright\" src=\"http:\/\/blog.cancaonova.com\/peregrinacoes\/files\/2013\/02\/Basil\u00edca-de-Santa-Terezinha-300x225.jpg\" alt=\"\" width=\"150\" height=\"200\" \/><\/a><\/p>\n<p style=\"text-align: center\"><a title=\"Obra De Maria\" href=\"http:\/\/www.rdpperegrinacoes.com.br\/\" target=\"_blank\">Clique\u00a0aqui\u00a0e conhe\u00e7a nossos roteiros.<\/a><\/p>\n<p style=\"text-align: center\">\n<p style=\"text-align: center\">\n<p style=\"text-align: center\">\n<p style=\"text-align: center\">\n<p style=\"text-align: center\">\n<p style=\"text-align: center\">\n<p style=\"text-align: center\">\n<p style=\"text-align: center\"><span style=\"color: #0000ff\"><em>Venha conosco&#8230; peregrinar s\u00f3 pode ser pela Obra de Maria!<\/em><\/span><\/p>\n<p style=\"text-align: center\">\n<p style=\"text-align: center\">\n<p style=\"text-align: center\">\n<p style=\"text-align: center\">\n<p style=\"text-align: center\">\n<p style=\"text-align: center\">\n<p style=\"text-align: center\"><strong><em><span style=\"color: #0000ff\">Mais que viagens\u2026 encontros com Deus!<\/span><\/em><\/strong><\/p>\n<p style=\"text-align: center\">\n<p style=\"text-align: center\"><em><span style=\"color: #0000ff\"> <\/span><\/em><img loading=\"lazy\" decoding=\"async\" class=\"alignnone size-medium wp-image-9271\" src=\"http:\/\/blog.cancaonova.com\/peregrinacoes\/files\/2009\/05\/barra_top1-300x54.jpg\" alt=\"\" width=\"300\" height=\"54\" \/><\/p>\n<p style=\"text-align: center\"><em><span style=\"color: #0000ff\">Contatos (0xx12) 3<\/span><\/em><span style=\"color: #0000ff;font-style: italic\">186 2055<\/span><\/p>\n<p style=\"text-align: center\"><em><span style=\"color: #0000ff\">ou pelo e-mail <a href=\"mailto:peregrinacoes@cancaonova.com\">peregrinacoes@cancaonova.com<\/a><\/span><\/em><\/p>\n<p style=\"text-align: center\"><em><span style=\"color: #0000ff\">Informa\u00e7\u00f5es gerais<\/span><\/em><\/p>\n<p style=\"text-align: center\"><span style=\"font-size: x-small\"><span style=\"font-size: xx-small\"><em><span style=\"color: #0000ff\">(0\u00d712) 3186 2000 ramal 2451<\/span><\/em><\/span><\/span><\/p>\n<p style=\"text-align: center\"><a href=\"http:\/\/blog.cancaonova.com\/peregrinacoes\/category\/cadastre-se-aqui\/\"><span style=\"color: #17397a\"><em><span style=\"color: #0000ff\">CADASTRE-SE<\/span><\/em><\/span><\/a><\/p>\n<p style=\"text-align: center\"><em> <\/em><em><span style=\"color: #0000ff\">Deixe seu coment\u00e1rio e seu pedido de ora\u00e7\u00e3o que estaremos rezando nas suas inten\u00e7\u00f5es na Terra Santa\u2026<\/span><\/em><\/p>\n","protected":false},"excerpt":{"rendered":"<p>&#8220;Compreendi que o Amor englobava todas as voca\u00e7\u00f5es, que o Amor era tudo&#8230;&#8221; Santa Teresinha nasceu em Alen\u00e7on ,Fran\u00e7a, em 1873 e morreu em 1897. Ela dizia claramente que a sua\u00a0voca\u00e7\u00e3o\u00a0era o amor,sabia em seu\u00a0cora\u00e7\u00e3o, que n\u00e3o somente ela, mais\u00a0tamb\u00e9m\u00a0nos\u00a0nascemos\u00a0para&#8230;<\/p>\n","protected":false},"author":4472,"featured_media":0,"comment_status":"open","ping_status":"closed","sticky":false,"template":"","format":"standard","meta":{"_mi_skip_tracking":false,"_monsterinsights_sitenote_active":false,"_monsterinsights_sitenote_note":"","_monsterinsights_sitenote_category":0,"footnotes":""},"categories":[1281,5071],"tags":[],"_links":{"self":[{"href":"https:\/\/blog.cancaonova.com\/peregrinacoes\/wp-json\/wp\/v2\/posts\/13163"}],"collection":[{"href":"https:\/\/blog.cancaonova.com\/peregrinacoes\/wp-json\/wp\/v2\/posts"}],"about":[{"href":"https:\/\/blog.cancaonova.com\/peregrinacoes\/wp-json\/wp\/v2\/types\/post"}],"author":[{"embeddable":true,"href":"https:\/\/blog.cancaonova.com\/peregrinacoes\/wp-json\/wp\/v2\/users\/4472"}],"replies":[{"embeddable":true,"href":"https:\/\/blog.cancaonova.com\/peregrinacoes\/wp-json\/wp\/v2\/comments?post=13163"}],"version-history":[{"count":15,"href":"https:\/\/blog.cancaonova.com\/peregrinacoes\/wp-json\/wp\/v2\/posts\/13163\/revisions"}],"predecessor-version":[{"id":13255,"href":"https:\/\/blog.cancaonova.com\/peregrinacoes\/wp-json\/wp\/v2\/posts\/13163\/revisions\/13255"}],"wp:attachment":[{"href":"https:\/\/blog.cancaonova.com\/peregrinacoes\/wp-json\/wp\/v2\/media?parent=13163"}],"wp:term":[{"taxonomy":"category","embeddable":true,"href":"https:\/\/blog.cancaonova.com\/peregrinacoes\/wp-json\/wp\/v2\/categories?post=13163"},{"taxonomy":"post_tag","embeddable":true,"href":"https:\/\/blog.cancaonova.com\/peregrinacoes\/wp-json\/wp\/v2\/tags?post=13163"}],"curies":[{"name":"wp","href":"https:\/\/api.w.org\/{rel}","templated":true}]}}