{"id":13263,"date":"2013-03-01T07:00:33","date_gmt":"2013-03-01T09:00:33","guid":{"rendered":"http:\/\/blog.cancaonova.com\/peregrinacoes\/?p=13263"},"modified":"2013-03-01T13:04:10","modified_gmt":"2013-03-01T15:04:10","slug":"a-transfiguracao","status":"publish","type":"post","link":"https:\/\/blog.cancaonova.com\/peregrinacoes\/2013\/03\/01\/a-transfiguracao\/","title":{"rendered":"A TRANSFIGURA\u00c7\u00c3O!"},"content":{"rendered":"<h2 style=\"text-align: center\"><strong><em><strong><em><span style=\"color: #0000ff\">No dia de hoje levaremos\u00a0voc\u00ea\u00a0at\u00e9 a Transfigura\u00e7\u00e3o de Jesus!<\/span><\/em><\/strong><\/em><\/strong><\/h2>\n<p style=\"text-align: center\"><strong><em><strong><em><span style=\"color: #0000ff\"><a href=\"http:\/\/blog.cancaonova.com\/peregrinacoes\/files\/2013\/02\/28_02_2013_15_14_36.jpg\"><img loading=\"lazy\" decoding=\"async\" class=\"aligncenter size-full wp-image-13266\" src=\"http:\/\/blog.cancaonova.com\/peregrinacoes\/files\/2013\/02\/28_02_2013_15_14_36.jpg\" alt=\"\" width=\"230\" height=\"155\" \/><\/a><br \/>\n<\/span><\/em><\/strong><\/em><\/strong><\/p>\n<p style=\"text-align: center\"><strong><em><strong><em><strong><span style=\"color: #0000ff\">O caminho ser\u00e1 longo mas a recompensa de chegar no lugar onde aconteceu a Transfigura\u00e7\u00e3o ser\u00e1\u00a0inexplic\u00e1vel!<\/span><\/strong><\/em><\/strong><\/em><\/strong><\/p>\n<p style=\"text-align: center\"><strong> <\/strong><strong><span style=\"color: #0000ff\"><em> <\/em><em>Poderemos viver o acontecido no Capitulo 17 do\u00a0Evangelho\u00a0Segundo Mateus:<\/em><\/span><\/strong><\/p>\n<p style=\"text-align: center\"><strong><em><strong><span style=\"color: #0000ff\"><a href=\"http:\/\/blog.cancaonova.com\/peregrinacoes\/files\/2013\/02\/28_02_2013_15_18_10.jpg\"><img loading=\"lazy\" decoding=\"async\" class=\"aligncenter size-full wp-image-13267\" src=\"http:\/\/blog.cancaonova.com\/peregrinacoes\/files\/2013\/02\/28_02_2013_15_18_10.jpg\" alt=\"\" width=\"174\" height=\"230\" \/><\/a><br \/>\n<\/span><\/strong><\/em><\/strong><\/p>\n<p style=\"text-align: center\"><strong> <\/strong><strong><span style=\"color: #0000ff\"><em> <\/em><em>1Seis dias depois, tomou Jesus consigo a Pedro, Tiago e Jo\u00e3o seu irm\u00e3o, e elevou-os \u00e0 parte a um alto monte.<br \/>\n2E foi transfigurado diante deles: seu rosto resplandeceu como o sol, e suas vestes tornaram-se brancas como a luz.<\/em><\/span><\/strong><\/p>\n<p style=\"text-align: center\"><strong><em><strong><em><strong><span style=\"color: #0000ff\">Ao descer do Tabor n\u00f3s\u00a0tamb\u00e9m\u00a0devemos nos transfigurar, para a cada dia chegar mais perto de Jesus!<\/span><\/strong><\/em><\/strong><\/em><\/strong><\/p>\n<p style=\"text-align: center\"><strong><em><strong><em><strong><span style=\"color: #0000ff\"><br \/>\n<\/span><\/strong><\/em><\/strong><\/em><\/strong><\/p>\n<p style=\"text-align: center\">\n<p style=\"text-align: center\"><strong><em><span style=\"color: #0000ff\"> Venha conosco&#8230; peregrinar s\u00f3 pode ser pela Obra de Maria!<br \/>\n<\/span><\/em><\/strong><\/p>\n<p style=\"text-align: center\"><strong><a href=\"http:\/\/www.obrademaria.com.br\/\" target=\"_blank\"><span style=\"color: #0000ff\"><img loading=\"lazy\" decoding=\"async\" class=\"alignnone size-medium wp-image-9271\" src=\"http:\/\/blog.cancaonova.com\/peregrinacoes\/files\/2009\/05\/barra_top1-300x54.jpg\" alt=\"\" width=\"300\" height=\"54\" \/><\/span><\/a><\/strong><\/p>\n<p style=\"text-align: center\"><strong><span style=\"color: #0000ff\">Mais que viagens\u2026 encontros com Deus! <\/span><\/strong><\/p>\n<p style=\"text-align: center\"><span style=\"color: #0000ff\">Contatos (0xx12) 3186 2055<\/span><\/p>\n<p style=\"text-align: center\"><span style=\"color: #0000ff\">ou pelo e-mail <a href=\"mailto:peregrinacoes@cancaonova.com\">peregrinacoes@cancaonova.com<\/a><\/span><\/p>\n<p style=\"text-align: center\"><span style=\"color: #0000ff\">Informa\u00e7\u00f5es gerais<\/span><\/p>\n<p style=\"text-align: center\"><span style=\"font-size: x-small\"><span style=\"font-size: xx-small\"><span style=\"color: #0000ff\">(0\u00d712) 3186 2000 ramal 2451<\/span><\/span><\/span><\/p>\n<p style=\"text-align: center\"><a href=\"http:\/\/blog.cancaonova.com\/peregrinacoes\/category\/cadastre-se-aqui\/\"><span style=\"color: #0000ff\">CADASTRE-SE<\/span><\/a><\/p>\n<p style=\"text-align: left\"><em><span style=\"color: #0000ff\">Deixe seu coment\u00e1rio e seu pedido de ora\u00e7\u00e3o que estaremos rezando nas suas inten\u00e7\u00f5es na Terra Santa\u2026<\/span><\/em><\/p>\n","protected":false},"excerpt":{"rendered":"<p>No dia de hoje levaremos\u00a0voc\u00ea\u00a0at\u00e9 a Transfigura\u00e7\u00e3o de Jesus! O caminho ser\u00e1 longo mas a recompensa de chegar no lugar onde aconteceu a Transfigura\u00e7\u00e3o ser\u00e1\u00a0inexplic\u00e1vel! Poderemos viver o acontecido no Capitulo 17 do\u00a0Evangelho\u00a0Segundo Mateus: 1Seis dias depois, tomou Jesus consigo&#8230;<\/p>\n","protected":false},"author":4472,"featured_media":0,"comment_status":"open","ping_status":"closed","sticky":false,"template":"","format":"standard","meta":{"_mi_skip_tracking":false,"_monsterinsights_sitenote_active":false,"_monsterinsights_sitenote_note":"","_monsterinsights_sitenote_category":0,"footnotes":""},"categories":[5041],"tags":[],"_links":{"self":[{"href":"https:\/\/blog.cancaonova.com\/peregrinacoes\/wp-json\/wp\/v2\/posts\/13263"}],"collection":[{"href":"https:\/\/blog.cancaonova.com\/peregrinacoes\/wp-json\/wp\/v2\/posts"}],"about":[{"href":"https:\/\/blog.cancaonova.com\/peregrinacoes\/wp-json\/wp\/v2\/types\/post"}],"author":[{"embeddable":true,"href":"https:\/\/blog.cancaonova.com\/peregrinacoes\/wp-json\/wp\/v2\/users\/4472"}],"replies":[{"embeddable":true,"href":"https:\/\/blog.cancaonova.com\/peregrinacoes\/wp-json\/wp\/v2\/comments?post=13263"}],"version-history":[{"count":8,"href":"https:\/\/blog.cancaonova.com\/peregrinacoes\/wp-json\/wp\/v2\/posts\/13263\/revisions"}],"predecessor-version":[{"id":13279,"href":"https:\/\/blog.cancaonova.com\/peregrinacoes\/wp-json\/wp\/v2\/posts\/13263\/revisions\/13279"}],"wp:attachment":[{"href":"https:\/\/blog.cancaonova.com\/peregrinacoes\/wp-json\/wp\/v2\/media?parent=13263"}],"wp:term":[{"taxonomy":"category","embeddable":true,"href":"https:\/\/blog.cancaonova.com\/peregrinacoes\/wp-json\/wp\/v2\/categories?post=13263"},{"taxonomy":"post_tag","embeddable":true,"href":"https:\/\/blog.cancaonova.com\/peregrinacoes\/wp-json\/wp\/v2\/tags?post=13263"}],"curies":[{"name":"wp","href":"https:\/\/api.w.org\/{rel}","templated":true}]}}