{"id":13273,"date":"2013-03-01T13:02:23","date_gmt":"2013-03-01T15:02:23","guid":{"rendered":"http:\/\/blog.cancaonova.com\/peregrinacoes\/?p=13273"},"modified":"2013-03-01T18:09:57","modified_gmt":"2013-03-01T20:09:57","slug":"sobre-o-monte-tabor","status":"publish","type":"post","link":"https:\/\/blog.cancaonova.com\/peregrinacoes\/2013\/03\/01\/sobre-o-monte-tabor\/","title":{"rendered":"Sobre o Monte Tabor!"},"content":{"rendered":"<p style=\"text-align: center\"><span style=\"color: #0000ff\">O monte Tabor, e o lugar onde aconteceu a Transfigura\u00e7\u00e3o de Cristo.<\/span><\/p>\n<p style=\"text-align: center\"><span style=\"color: #0000ff\"><a href=\"http:\/\/blog.cancaonova.com\/peregrinacoes\/files\/2013\/03\/01_03_2013_12_06_22.jpg\"><img loading=\"lazy\" decoding=\"async\" class=\"aligncenter size-full wp-image-13274\" src=\"http:\/\/blog.cancaonova.com\/peregrinacoes\/files\/2013\/03\/01_03_2013_12_06_22.jpg\" alt=\"\" width=\"230\" height=\"152\" \/><\/a><br \/>\n<\/span><\/p>\n<p style=\"text-align: left\"><span style=\"color: #0000ff\">1. Seis dias depois, tomou Jesus consigo a Pedro, Tiago e Jo\u00e3o seu irm\u00e3o, e elevou-os \u00e0 parte a um alto monte.2. E foi transfigurado diante deles: seu rosto resplandeceu como o sol, e suas vestes tornaram-se brancas como a luz. Mateus 17<\/span><\/p>\n<p style=\"text-align: center\"><span style=\"color: #0000ff\">Est\u00e1 localizado na Galileia, ao leste do vale de Jizreel, 17 km a oeste do mar da Galileia, e considerado uns dos lugares mais importantes da Terra Santa.<\/span><\/p>\n<p style=\"text-align: center\"><span style=\"color: #0000ff\">No s\u00e9culo IV, ocorreu a constru\u00e7\u00e3o da Bas\u00edlica da Transfigura\u00e7\u00e3o no topo do monte que 500 anos depois, abrigou 4 igrejas, 1 bispado e uns 18 monges.<\/span><\/p>\n<p style=\"text-align: center\"><span style=\"color: #0000ff\"><a href=\"http:\/\/blog.cancaonova.com\/peregrinacoes\/files\/2013\/03\/01_03_2013_12_05_46.jpg\"><img loading=\"lazy\" decoding=\"async\" class=\"aligncenter size-full wp-image-13275\" src=\"http:\/\/blog.cancaonova.com\/peregrinacoes\/files\/2013\/03\/01_03_2013_12_05_46.jpg\" alt=\"\" width=\"230\" height=\"152\" \/><\/a><br \/>\n<\/span><\/p>\n<p style=\"text-align: center\"><span style=\"color: #0000ff\">A Bas\u00edlica foi ampliada e nela constru\u00edram tamb\u00e9m uma Abadia, com muros fortificados para resistir aos ataques dos mul\u00e7umanos, mais com o tempo todas as igrejas do Tabor foram destru\u00eddas.<\/span><\/p>\n<p style=\"text-align: center\"><span style=\"color: #0000ff\">A Bas\u00edlica nova foi constru\u00edda no ano 1924. Com um estilo medieval fascinante, pr\u00f3prio da Santidade da sua situa\u00e7\u00e3o, naturalmente , quando se olha para a Terra Santa, do alto do Monte Tabor, sente-se a forte presen\u00e7a da Fe e da Historia de Nosso Salvador.<\/span><\/p>\n","protected":false},"excerpt":{"rendered":"<p>O monte Tabor, e o lugar onde aconteceu a Transfigura\u00e7\u00e3o de Cristo. 1. Seis dias depois, tomou Jesus consigo a Pedro, Tiago e Jo\u00e3o seu irm\u00e3o, e elevou-os \u00e0 parte a um alto monte.2. E foi transfigurado diante deles: seu&#8230;<\/p>\n","protected":false},"author":4472,"featured_media":0,"comment_status":"open","ping_status":"closed","sticky":false,"template":"","format":"standard","meta":{"_mi_skip_tracking":false,"_monsterinsights_sitenote_active":false,"_monsterinsights_sitenote_note":"","_monsterinsights_sitenote_category":0,"footnotes":""},"categories":[5041],"tags":[],"_links":{"self":[{"href":"https:\/\/blog.cancaonova.com\/peregrinacoes\/wp-json\/wp\/v2\/posts\/13273"}],"collection":[{"href":"https:\/\/blog.cancaonova.com\/peregrinacoes\/wp-json\/wp\/v2\/posts"}],"about":[{"href":"https:\/\/blog.cancaonova.com\/peregrinacoes\/wp-json\/wp\/v2\/types\/post"}],"author":[{"embeddable":true,"href":"https:\/\/blog.cancaonova.com\/peregrinacoes\/wp-json\/wp\/v2\/users\/4472"}],"replies":[{"embeddable":true,"href":"https:\/\/blog.cancaonova.com\/peregrinacoes\/wp-json\/wp\/v2\/comments?post=13273"}],"version-history":[{"count":4,"href":"https:\/\/blog.cancaonova.com\/peregrinacoes\/wp-json\/wp\/v2\/posts\/13273\/revisions"}],"predecessor-version":[{"id":13287,"href":"https:\/\/blog.cancaonova.com\/peregrinacoes\/wp-json\/wp\/v2\/posts\/13273\/revisions\/13287"}],"wp:attachment":[{"href":"https:\/\/blog.cancaonova.com\/peregrinacoes\/wp-json\/wp\/v2\/media?parent=13273"}],"wp:term":[{"taxonomy":"category","embeddable":true,"href":"https:\/\/blog.cancaonova.com\/peregrinacoes\/wp-json\/wp\/v2\/categories?post=13273"},{"taxonomy":"post_tag","embeddable":true,"href":"https:\/\/blog.cancaonova.com\/peregrinacoes\/wp-json\/wp\/v2\/tags?post=13273"}],"curies":[{"name":"wp","href":"https:\/\/api.w.org\/{rel}","templated":true}]}}