{"id":13289,"date":"2013-03-05T10:51:34","date_gmt":"2013-03-05T12:51:34","guid":{"rendered":"http:\/\/blog.cancaonova.com\/peregrinacoes\/?p=13289"},"modified":"2013-03-05T11:43:41","modified_gmt":"2013-03-05T13:43:41","slug":"caminhando-por-cana","status":"publish","type":"post","link":"https:\/\/blog.cancaonova.com\/peregrinacoes\/2013\/03\/05\/caminhando-por-cana\/","title":{"rendered":"CAMINHANDO POR CAN\u00c1.."},"content":{"rendered":"<p style=\"text-align: left\"><a href=\"http:\/\/blog.cancaonova.com\/peregrinacoes\/files\/2013\/03\/04_03_2013_11_01_08.jpg\"><span style=\"color: #000080\"><img loading=\"lazy\" decoding=\"async\" class=\"aligncenter size-full wp-image-13291\" src=\"http:\/\/blog.cancaonova.com\/peregrinacoes\/files\/2013\/03\/04_03_2013_11_01_08.jpg\" alt=\"\" width=\"230\" height=\"152\" \/><\/span><\/a><\/p>\n<p style=\"text-align: left\"><span style=\"color: #000080\">A 7 ou 8 km de Nazareth, Can\u00e1 de Galileia \u00e9 a cidade onde Jesus se revelou a Natanael e tamb\u00e9m realiza o seu primeiro milagre num banquete de Bodas, assim manifestou seu poder, sua gloria e sua\u00a0miseric\u00f3rdia e seus\u00a0disc\u00edpulos creram Nele.<\/span><\/p>\n<address><\/address>\n<p style=\"text-align: left\"><span style=\"color: #000080\"><span style=\"font-size: 0.75em\"><br \/>\n<\/span><span style=\"font-weight: normal\">Fizeram-se umas bodas em Can\u00e1 da Galil\u00e9ia; e estava ali a m\u00e3e de Jesus.<br \/>\n<\/span><span style=\"font-weight: normal\"> E foi tamb\u00e9m convidado Jesus e os seus disc\u00edpulos para as bodas.<br \/>\n<\/span><span style=\"font-weight: normal\">E, faltando vinho, a m\u00e3e de Jesus lhe disse: N\u00e3o t\u00eam vinho.<br \/>\n<\/span><span style=\"font-weight: normal\">Disse-lhe Jesus: Mulher, que tenho eu contigo? Ainda n\u00e3o \u00e9 chegada a minha hora.<br \/>\n<\/span><span style=\"font-weight: normal\">Sua m\u00e3e disse aos serventes: Fazei tudo quanto ele vos disser.<br \/>\n<\/span><span style=\"font-weight: normal\">E estavam ali postas seis talhas de pedra, para as purifica\u00e7\u00f5es dos judeus, e em cada uma cabiam dois ou tr\u00eas almudes.<br \/>\n<\/span><span style=\"font-weight: normal\">Disse-lhes Jesus: Enchei de \u00e1gua essas talhas. E encheram-nas at\u00e9 em cima.<\/span><\/span><\/p>\n<p style=\"text-align: left\"><span style=\"color: #000080\"><span style=\"font-weight: normal\"><a href=\"http:\/\/blog.cancaonova.com\/peregrinacoes\/files\/2013\/03\/05_03_2013_10_47_32.jpg\"><img loading=\"lazy\" decoding=\"async\" class=\"alignright size-full wp-image-13297\" src=\"http:\/\/blog.cancaonova.com\/peregrinacoes\/files\/2013\/03\/05_03_2013_10_47_32.jpg\" alt=\"\" width=\"230\" height=\"152\" \/><\/a><br \/>\n<\/span><span style=\"font-weight: normal\">E disse-lhes: Tirai agora, e levai ao mestre-sala. E levaram.<br \/>\n<\/span><span style=\"font-weight: normal\">E, logo que o mestre-sala provou a \u00e1gua feita vinho (n\u00e3o sabendo de onde viera, se bem que o sabiam os serventes que tinham tirado a \u00e1gua), chamou o mestre-sala ao esposo.<\/span><\/span><\/p>\n<p style=\"text-align: left\"><span style=\"color: #000080\"><span style=\"font-weight: normal\">E disse-lhe: Todo o homem p\u00f5e primeiro o vinho bom e, quando j\u00e1 t\u00eam bebido bem, ent\u00e3o o inferior; mas tu guardaste at\u00e9 agora o bom vinho.<br \/>\n<\/span><span style=\"font-weight: normal\">Jesus principiou assim os seus sinais em Can\u00e1 da Galil\u00e9ia, e manifestou a sua gl\u00f3ria; e os seus disc\u00edpulos creram nele.<br \/>\n<\/span><span style=\"font-weight: normal\">Jo\u00e3o 2<\/span><br \/>\n<span style=\"font-weight: normal\"><br \/>\n<\/span><strong><em><a title=\"VAMOS VIAJAR?\" href=\"http:\/\/www.rdpperegrinacoes.com.br\/\" target=\"_blank\">Venha conosco&#8230; peregrinar s\u00f3 pode ser pela Obra de Maria!<\/a><\/em><\/strong><\/span><\/p>\n<blockquote>\n<p style=\"text-align: left\"><span style=\"color: #000080\">Saiba mais:<\/span><\/p>\n<p style=\"text-align: left\"><a href=\"http:\/\/blog.cancaonova.com\/peregrinacoes\/files\/2013\/03\/05_03_2013_10_45_16.jpg\"><img loading=\"lazy\" decoding=\"async\" class=\"aligncenter size-full wp-image-13296\" src=\"http:\/\/blog.cancaonova.com\/peregrinacoes\/files\/2013\/03\/05_03_2013_10_45_16.jpg\" alt=\"\" width=\"230\" height=\"152\" \/><\/a><\/p>\n<\/blockquote>\n<p style=\"text-align: left\"><span style=\"color: #000080\">Atualmente Can\u00e1 \u00e9 uma cidade com quase 15,000 habitantes, dos quais a maioria s\u00e3o mu\u00e7ulmanos e os demais Crist\u00e3os.<\/span><\/p>\n<p style=\"text-align: left\"><span style=\"color: #000080\">H\u00e1 uma fonte na entrada da cidade,\u00a0acredita-se que poderia ser a fonte da qual tiraram\u00a0\u00e1gua\u00a0para o primeiro milagre de Jesus! <\/span><\/p>\n<p style=\"text-align: left\"><span style=\"color: #000080\">\u00c9 uma cidade em plena transforma\u00e7\u00e3o , esta se desenvolvendo muito, sua igreja atual foi\u00a0constru\u00edda pelos Franciscanos no ano 1879, sobre as antigas\u00a0ru\u00ednas. Acredita-se que seja sobre o lugar do primeiro milagre de Jesus.<\/span><\/p>\n<p style=\"text-align: left\"><span style=\"color: #000080\">A capela de S\u00e3o Bartolomeu, no centro da cidade, lembra-nos o encontro de Jesus com Natanael, (S\u00e3o Bartolomeu\u00a0Ap\u00f3stolo). Jo 1, 45-51<\/span><\/p>\n<p style=\"text-align: left\"><span style=\"color: #000080\">N\u00e3o muito longe da cidade, h\u00e1 uma\u00a0plan\u00edcie que evoca os campos os\u00a0disc\u00edpulos colheram e debulharam umas\u00a0espigas de trigo pois estavam com fome,\u00a0suscitando\u00a0a raiva dos fariseus. Mt12, 1-8..<\/span><\/p>\n<p style=\"text-align: left\"><a title=\"CLIQUE AQUI!\" href=\"http:\/\/www.rdpperegrinacoes.com\" target=\"_blank\"><span style=\"color: #000080\">Vamos la? Peregrinar s\u00f3 pode ser pela Obra de Maria!<\/span><\/a><\/p>\n<p><span style=\"color: #000080\"> <\/span><\/p>\n<p style=\"text-align: left\"><strong><span style=\"color: #000080\"><a title=\"VAMOS VIAJAR?\" href=\"http:\/\/www.rdpperegrinacoes.com.br\/\" target=\"_blank\"><span style=\"color: #000080\"><img loading=\"lazy\" decoding=\"async\" class=\"alignnone size-medium wp-image-9271\" src=\"http:\/\/blog.cancaonova.com\/peregrinacoes\/files\/2009\/05\/barra_top1-300x54.jpg\" alt=\"\" width=\"300\" height=\"54\" \/><\/span><\/a><\/span><\/strong><\/p>\n<p style=\"text-align: left\"><strong><span style=\"color: #000080\"><a title=\"VAMOS VIAJAR?\" href=\"http:\/\/www.rdpperegrinacoes.com.br\/\" target=\"_blank\"><span style=\"color: #000080\">Mais que viagens\u2026 encontros com Deus! <\/span><\/a><\/span><\/strong><\/p>\n<p style=\"text-align: left\"><span style=\"color: #000080\"><a title=\"VAMOS VIAJAR?\" href=\"http:\/\/www.rdpperegrinacoes.com.br\/\" target=\"_blank\"><span style=\"color: #000080\">Contatos (0xx12) 3186 2055<\/span><\/a><\/span><\/p>\n<p style=\"text-align: left\"><span style=\"color: #000080\"><a title=\"VAMOS VIAJAR?\" href=\"http:\/\/www.rdpperegrinacoes.com.br\/\" target=\"_blank\"><span style=\"color: #000080\">ou pelo e-mail peregrinacoes@cancaonova.com<\/span><\/a><\/span><\/p>\n<p style=\"text-align: left\"><span style=\"color: #000080\"><a title=\"VAMOS VIAJAR?\" href=\"http:\/\/www.rdpperegrinacoes.com.br\/\" target=\"_blank\"><span style=\"color: #000080\">Informa\u00e7\u00f5es gerais<\/span><\/a><\/span><\/p>\n<p style=\"text-align: left\"><span style=\"font-size: x-small\"><span style=\"font-size: xx-small\"><span style=\"color: #000080\"><a title=\"VAMOS VIAJAR?\" href=\"http:\/\/www.rdpperegrinacoes.com.br\/\" target=\"_blank\"><span style=\"color: #000080\">(0\u00d712) 3186 2000 ramal 2451<\/span><\/a><\/span><\/span><\/span><\/p>\n<p style=\"text-align: left\"><span style=\"color: #000080\"><a title=\"VAMOS VIAJAR?\" href=\"http:\/\/www.rdpperegrinacoes.com.br\/\" target=\"_blank\"><span style=\"color: #000080\">CADASTRE-SE<\/span><\/a><\/span><\/p>\n<p style=\"text-align: left\"><em><span style=\"color: #000080\"><a title=\"VAMOS VIAJAR?\" href=\"http:\/\/www.rdpperegrinacoes.com.br\/\" target=\"_blank\"><span style=\"color: #000080\">Deixe seu coment\u00e1rio e seu pedido de ora\u00e7\u00e3o que estaremos rezando nas suas inten\u00e7\u00f5es na Terra Santa\u2026<\/span><\/a><\/span><\/em><\/p>\n","protected":false},"excerpt":{"rendered":"<p>A 7 ou 8 km de Nazareth, Can\u00e1 de Galileia \u00e9 a cidade onde Jesus se revelou a Natanael e tamb\u00e9m realiza o seu primeiro milagre num banquete de Bodas, assim manifestou seu poder, sua gloria e sua\u00a0miseric\u00f3rdia e seus\u00a0disc\u00edpulos&#8230;<\/p>\n","protected":false},"author":4472,"featured_media":0,"comment_status":"open","ping_status":"closed","sticky":false,"template":"","format":"standard","meta":{"_mi_skip_tracking":false,"_monsterinsights_sitenote_active":false,"_monsterinsights_sitenote_note":"","_monsterinsights_sitenote_category":0,"footnotes":""},"categories":[5041],"tags":[],"_links":{"self":[{"href":"https:\/\/blog.cancaonova.com\/peregrinacoes\/wp-json\/wp\/v2\/posts\/13289"}],"collection":[{"href":"https:\/\/blog.cancaonova.com\/peregrinacoes\/wp-json\/wp\/v2\/posts"}],"about":[{"href":"https:\/\/blog.cancaonova.com\/peregrinacoes\/wp-json\/wp\/v2\/types\/post"}],"author":[{"embeddable":true,"href":"https:\/\/blog.cancaonova.com\/peregrinacoes\/wp-json\/wp\/v2\/users\/4472"}],"replies":[{"embeddable":true,"href":"https:\/\/blog.cancaonova.com\/peregrinacoes\/wp-json\/wp\/v2\/comments?post=13289"}],"version-history":[{"count":6,"href":"https:\/\/blog.cancaonova.com\/peregrinacoes\/wp-json\/wp\/v2\/posts\/13289\/revisions"}],"predecessor-version":[{"id":13293,"href":"https:\/\/blog.cancaonova.com\/peregrinacoes\/wp-json\/wp\/v2\/posts\/13289\/revisions\/13293"}],"wp:attachment":[{"href":"https:\/\/blog.cancaonova.com\/peregrinacoes\/wp-json\/wp\/v2\/media?parent=13289"}],"wp:term":[{"taxonomy":"category","embeddable":true,"href":"https:\/\/blog.cancaonova.com\/peregrinacoes\/wp-json\/wp\/v2\/categories?post=13289"},{"taxonomy":"post_tag","embeddable":true,"href":"https:\/\/blog.cancaonova.com\/peregrinacoes\/wp-json\/wp\/v2\/tags?post=13289"}],"curies":[{"name":"wp","href":"https:\/\/api.w.org\/{rel}","templated":true}]}}