{"id":14012,"date":"2014-03-25T18:18:12","date_gmt":"2014-03-25T20:18:12","guid":{"rendered":"http:\/\/blog.cancaonova.com\/peregrinacoes\/?p=14012"},"modified":"2014-03-25T18:21:08","modified_gmt":"2014-03-25T20:21:08","slug":"obra-de-maria-24-anos","status":"publish","type":"post","link":"https:\/\/blog.cancaonova.com\/peregrinacoes\/2014\/03\/25\/obra-de-maria-24-anos\/","title":{"rendered":"Obra de Maria - 24 anos"},"content":{"rendered":"<blockquote>\n<h2><em><span style=\"color: #070c4a\">Comunidade Obra de Maria &#8211; Eis a\u00ed tua M\u00e3e!<\/span><\/em><\/h2>\n<\/blockquote>\n<p style=\"text-align: justify\"><span style=\"color: #070c4a\">O nome da Obra de Maria foi inspirado por Deus. Assim como Ele quis dar ao Seu Filho uma M\u00e3e, n\u00f3s compreendemos que, tamb\u00e9m, somos seus filhos e na pessoa de Jo\u00e3o Evangelista, o disc\u00edpulo amado, recebemos a miss\u00e3o do pr\u00f3prio Deus de lev\u00e1- la para casa, procurando imit\u00e1-l\u00e1 no servir com Alegria.\u00a0<\/span><span style=\"color: #070c4a\">Atrav\u00e9s do nome &#8220;Obra de Maria&#8221; entendemos que em nossa Comunidade n\u00e3o determinamos uma \u00fanica forma de evangelizar, pois na nossa voca\u00e7\u00e3o temos o desejo de evangelizar de todas as formas com alegria.<\/span><\/p>\n<p style=\"text-align: center\"><a href=\"http:\/\/blog.cancaonova.com\/peregrinacoes\/files\/2014\/03\/funda\u00e7\u00e3o-obm.jpg\"><img loading=\"lazy\" decoding=\"async\" class=\"aligncenter  wp-image-14016\" alt=\"funda\u00e7\u00e3o obm\" src=\"http:\/\/blog.cancaonova.com\/peregrinacoes\/files\/2014\/03\/funda\u00e7\u00e3o-obm-1024x192.jpg\" width=\"212\" height=\"40\" srcset=\"https:\/\/blog.cancaonova.com\/peregrinacoes\/files\/2014\/03\/funda\u00e7\u00e3o-obm-1024x192.jpg 1024w, https:\/\/blog.cancaonova.com\/peregrinacoes\/files\/2014\/03\/funda\u00e7\u00e3o-obm-300x56.jpg 300w, https:\/\/blog.cancaonova.com\/peregrinacoes\/files\/2014\/03\/funda\u00e7\u00e3o-obm.jpg 1656w\" sizes=\"(max-width: 212px) 100vw, 212px\" \/><\/a><a href=\"http:\/\/blog.cancaonova.com\/peregrinacoes\/files\/2014\/03\/fundadores.jpg\"><img loading=\"lazy\" decoding=\"async\" class=\"aligncenter  wp-image-14017\" alt=\"fundadores\" src=\"http:\/\/blog.cancaonova.com\/peregrinacoes\/files\/2014\/03\/fundadores-956x1024.jpg\" width=\"504\" height=\"539\" srcset=\"https:\/\/blog.cancaonova.com\/peregrinacoes\/files\/2014\/03\/fundadores-956x1024.jpg 956w, https:\/\/blog.cancaonova.com\/peregrinacoes\/files\/2014\/03\/fundadores-280x300.jpg 280w\" sizes=\"(max-width: 504px) 100vw, 504px\" \/><\/a><\/p>\n<p style=\"text-align: justify\"><span style=\"color: #070c4a\">Em 1985 Gilberto Gomes Barbosa, nosso fundador, conheceu a Renova\u00e7\u00e3o Carism\u00e1tica Cat\u00f3lica e teve uma experi\u00eancia com a &#8220;efus\u00e3o do Esp\u00edrito Santo&#8221;. Essa experi\u00eancia aconteceu na Igreja de S\u00e3o Vicente de Paulo, no bairro Caxang\u00e1\/Recife &#8211; PE. A partir da\u00ed iniciou-se um novo processo na vida dele. Depois de participar 5 anos ativamente de Grupos de Ora\u00e7\u00e3o da RCC, surgiu o desejo de entregar mais de sua vida ao Senhor. Conhecendo a Comunidade Can\u00e7\u00e3o Nova e Shalom, vendo seus modelos de vida, despertou o desejo de iniciar a Comunidade Obra de Maria, isto na d\u00e9cada de 90 come\u00e7ando a comunidade alian\u00e7a, data de funda\u00e7\u00e3o no dia 25 de mar\u00e7o. Ap\u00f3s 3 anos de caminhada, teve in\u00edcio com 7 jovens a forma\u00e7\u00e3o da comunidade de vida da Obra de Maria. Ainda no in\u00edcio, quando era um pequeno grupo, houve uma profecia de Frei Fulg\u00eancio, Frade Capuchinho, de Macei\u00f3 &#8211; AL, que disse: &#8220;A Comunidade Obra de Maria crescer\u00e1 no Brasil e no mundo&#8221;. E o pr\u00f3prio bom Deus foi mostrando todas as coisas.<\/span><\/p>\n<blockquote>\n<p style=\"text-align: left\"><a style=\"line-height: 1.5em\" href=\"http:\/\/blog.cancaonova.com\/peregrinacoes\/files\/2014\/03\/blog\"><img loading=\"lazy\" decoding=\"async\" class=\"wp-image-14014 aligncenter\" alt=\"blog obm\" src=\"http:\/\/blog.cancaonova.com\/peregrinacoes\/files\/2014\/03\/blog-obm-1024x192.jpg\" width=\"186\" height=\"35\" srcset=\"https:\/\/blog.cancaonova.com\/peregrinacoes\/files\/2014\/03\/blog-obm-1024x192.jpg 1024w, https:\/\/blog.cancaonova.com\/peregrinacoes\/files\/2014\/03\/blog-obm-300x56.jpg 300w, https:\/\/blog.cancaonova.com\/peregrinacoes\/files\/2014\/03\/blog-obm.jpg 1656w\" sizes=\"(max-width: 186px) 100vw, 186px\" \/><\/a><span style=\"color: #070c4a;font-size: 1.5em;line-height: 1.5em\">Evangelizar de todas as formas com alegria!<\/span><\/p>\n<\/blockquote>\n<p style=\"text-align: left\"><span style=\"color: #070c4a;line-height: 1.5em\">Este \u00e9 o nosso objetivo: estar \u00e0 disposi\u00e7\u00e3o da Igreja naquilo que ela necessitar. Por isso ao visitar cada casa de miss\u00e3o da Obra de Maria, nos deparamos com trabalhos espec\u00edficos, vividos de acordo com cada realidade. Ao mesmo tempo, percebemos nestas casas a for\u00e7a do carisma na alegria e na disposi\u00e7\u00e3o de servir de cada membro.<\/span><\/p>\n<p><span style=\"color: #070c4a\">Usamos uma medalha no peito onde est\u00e1 cunhado o Cristo Crucificado, ainda vivo, com Maria e o disc\u00edpulo Jo\u00e3o aos p\u00e9s da Cruz, no momento em que Jesus lhe entrega Maria como sua M\u00e3e e lhe pede para lev\u00e1-la para sua casa. Somos esses filhos que levam a M\u00e3e para nossa vida e para os outros filhos que o Senhor confiou a Ela.<\/span><\/p>\n<p><span style=\"line-height: 1.5em;color: #070c4a\">A alegria de servir \u00e9 um dom de Deus, acolhido, particularmente, pelos nossos consagrados. O sorriso, tamb\u00e9m, nos torna evangelizadores a partir do momento em que acolhemos a quem chega em nossas casas em busca de alguma ajuda. Por isso, \u00e9 t\u00e3o valioso para n\u00f3s o servir com alegria.<\/span><\/p>\n<p><span style=\"color: #070c4a\">Somos Renova\u00e7\u00e3o Carism\u00e1tica Cat\u00f3lica. Nascemos e crescemos nos carismas do Esp\u00edrito. Somos testemunhas do poder da efus\u00e3o do Esp\u00edrito Santo e, como testemunhas, queremos levar outros a experimentarem o mesmo Pentecostes. Temos Maria como modelo de fidelidade e como santos protetores: S\u00e3o Jos\u00e9, S\u00e3o Jo\u00e3o Evangelista, Santa Teresinha do Menino Jesus e S\u00e3o Padre Pio de Pietrelcina.<\/span><\/p>\n<p><span style=\"color: #070c4a\">Somos uma Associa\u00e7\u00e3o P\u00fablica de Fi\u00e9is de Diteiro Diocesano (Diocese de Nazar\u00e9) e membro da <a title=\"Clique aqui!\" href=\"http:\/\/www.catholicfraternity.net\/wordpress\/\" target=\"_blank\">Catholic Fraternity<\/a> (Associa\u00e7\u00e3o Internacional das Novas Comunidades), que possui personalidade jur\u00eddica aprovada pelo Vaticano, atrav\u00e9s do Conselho Pontif\u00edcio para Leigos, formada por v\u00e1rios &#8220;estados de vida&#8221;, e \u00e9 isto que queremos mostrar ao mundo de hoje: uma comunidade eclesial bem diversificada, mas com o mesmo desejo de viver a santidade. Somos identificados como membros desta fam\u00edlia, quando consagrados por compromissos ao modo de vida do nosso apostolado, segundo os conselhos evang\u00e9licos, vivendo como irm\u00e3os.<\/span><\/p>\n<p><span style=\"color: #070c4a\">Estamos presentes no Brasil nos estados de: Pernambuco, Para\u00edba, Rio Grande do Norte, Cear\u00e1, Bahia, Maranh\u00e3o, Sergipe, Par\u00e1, Acre, Tocantins, Goias, Distrito Federal, Minas Gerais, Mato Grosso do Sul, Rio de Janeiro e S\u00e3o Paulo. E tamb\u00e9m em outros pa\u00edses como: Paraguay, It\u00e1lia, Portugal, Israel, Angola, Mo\u00e7ambique e Costa do Marfim.<\/span><\/p>\n<h1 style=\"text-align: center\"><span style=\"color: #152579\">Servirmos ao Senhor\u00a0<\/span><\/h1>\n<h1 style=\"text-align: center\"><span style=\"color: #152579\">com Alegria!<\/span><\/h1>\n<p style=\"text-align: center\"><a title=\"Site Obra de Maria - clique aqui!\" href=\"http:\/\/www.obrademaria.com.br\/\" target=\"_blank\"><img loading=\"lazy\" decoding=\"async\" class=\"aligncenter  wp-image-14013\" alt=\"Obra de Maria\" src=\"http:\/\/blog.cancaonova.com\/peregrinacoes\/files\/2014\/03\/obra-de-maria-2011-azul-horizontal.jpg\" width=\"202\" height=\"227\" srcset=\"https:\/\/blog.cancaonova.com\/peregrinacoes\/files\/2014\/03\/obra-de-maria-2011-azul-horizontal.jpg 704w, https:\/\/blog.cancaonova.com\/peregrinacoes\/files\/2014\/03\/obra-de-maria-2011-azul-horizontal-267x300.jpg 267w\" sizes=\"(max-width: 202px) 100vw, 202px\" \/><\/a><strong><em><br \/>\n<\/em><\/strong><\/p>\n","protected":false},"excerpt":{"rendered":"<p>Comunidade Obra de Maria &#8211; Eis a\u00ed tua M\u00e3e! O nome da Obra de Maria foi inspirado por Deus. Assim como Ele quis dar ao Seu Filho uma M\u00e3e, n\u00f3s compreendemos que, tamb\u00e9m, somos seus filhos e na pessoa de&#8230;<\/p>\n","protected":false},"author":4472,"featured_media":14013,"comment_status":"open","ping_status":"closed","sticky":false,"template":"","format":"standard","meta":{"_mi_skip_tracking":false,"_monsterinsights_sitenote_active":false,"_monsterinsights_sitenote_note":"","_monsterinsights_sitenote_category":0,"footnotes":""},"categories":[1281],"tags":[178722,2551,1151],"_links":{"self":[{"href":"https:\/\/blog.cancaonova.com\/peregrinacoes\/wp-json\/wp\/v2\/posts\/14012"}],"collection":[{"href":"https:\/\/blog.cancaonova.com\/peregrinacoes\/wp-json\/wp\/v2\/posts"}],"about":[{"href":"https:\/\/blog.cancaonova.com\/peregrinacoes\/wp-json\/wp\/v2\/types\/post"}],"author":[{"embeddable":true,"href":"https:\/\/blog.cancaonova.com\/peregrinacoes\/wp-json\/wp\/v2\/users\/4472"}],"replies":[{"embeddable":true,"href":"https:\/\/blog.cancaonova.com\/peregrinacoes\/wp-json\/wp\/v2\/comments?post=14012"}],"version-history":[{"count":9,"href":"https:\/\/blog.cancaonova.com\/peregrinacoes\/wp-json\/wp\/v2\/posts\/14012\/revisions"}],"predecessor-version":[{"id":14026,"href":"https:\/\/blog.cancaonova.com\/peregrinacoes\/wp-json\/wp\/v2\/posts\/14012\/revisions\/14026"}],"wp:featuredmedia":[{"embeddable":true,"href":"https:\/\/blog.cancaonova.com\/peregrinacoes\/wp-json\/wp\/v2\/media\/14013"}],"wp:attachment":[{"href":"https:\/\/blog.cancaonova.com\/peregrinacoes\/wp-json\/wp\/v2\/media?parent=14012"}],"wp:term":[{"taxonomy":"category","embeddable":true,"href":"https:\/\/blog.cancaonova.com\/peregrinacoes\/wp-json\/wp\/v2\/categories?post=14012"},{"taxonomy":"post_tag","embeddable":true,"href":"https:\/\/blog.cancaonova.com\/peregrinacoes\/wp-json\/wp\/v2\/tags?post=14012"}],"curies":[{"name":"wp","href":"https:\/\/api.w.org\/{rel}","templated":true}]}}