{"id":14666,"date":"2015-07-31T11:03:14","date_gmt":"2015-07-31T13:03:14","guid":{"rendered":"http:\/\/blog.cancaonova.com\/peregrinacoes\/?p=14666"},"modified":"2015-07-31T11:49:08","modified_gmt":"2015-07-31T13:49:08","slug":"peregrinacao-terra-santa-e-turquia","status":"publish","type":"post","link":"https:\/\/blog.cancaonova.com\/peregrinacoes\/2015\/07\/31\/peregrinacao-terra-santa-e-turquia\/","title":{"rendered":"Peregrina\u00e7\u00e3o Terra Santa e Turquia."},"content":{"rendered":"<blockquote>\n<h2 style=\"text-align: center\"><span style=\"color: #000000\"><strong>Peregrina\u00e7\u00e3o Terra Santa e Turquia<\/strong><\/span><\/h2>\n<\/blockquote>\n<h3 style=\"text-align: center\"><span style=\"color: #333399\"><strong><em>Diretor<\/em><em> Espiritual : Pe. Valdinei<\/em><\/strong><\/span><\/h3>\n<h4 style=\"text-align: center\"><span style=\"color: #800000\"><em>Sa\u00edda dia<strong> 26\/08\/2015<\/strong> (15 dias)<\/em><\/span><\/h4>\n<p style=\"text-align: center\">J\u00e1 pensou em conhecer a Terra Santa e a Turquia em uma mesma peregrina\u00e7\u00e3o?<\/p>\n<p><a href=\"http:\/\/blog.cancaonova.com\/peregrinacoes\/files\/2015\/07\/terraturquia1.jpg\"><img loading=\"lazy\" decoding=\"async\" class=\"aligncenter size-full wp-image-14668\" src=\"http:\/\/blog.cancaonova.com\/peregrinacoes\/files\/2015\/07\/terraturquia1.jpg\" alt=\"terraturquia\" width=\"400\" height=\"283\" \/><\/a><\/p>\n<p>&nbsp;<\/p>\n<p>Ser\u00e3o\u00a0<strong>15 dias<\/strong> de peregrina\u00e7\u00e3o e \u00a0lugares incr\u00edveis para conhecer.<\/p>\n<p><strong>Quar. 26 de agosto de 2015 &#8211; S\u00e3o Paulo\/ Tel Aviv<\/strong><\/p>\n<p>Embarque S\u00e3o Paulo &#8211; Tel Aviv<\/p>\n<p><strong>Qui. -Feira 27 \/08 \u00a0&#8211; Tel Aviv\/ Galil\u00e9ia<\/strong><\/p>\n<p>Chegada a Tel-Aviv. Recep\u00e7\u00e3o. Translado ao hotel na Galil\u00e9ia.\u00a0Acomoda\u00e7\u00e3o no hotel. Pernoite.<\/p>\n<p><strong>Sex. 28 de agosto &#8211; Galil\u00e9ia<\/strong><\/p>\n<p>Ap\u00f3s o caf\u00e9 da manh\u00e3. Visita ao Monte Tabor, local da Transfigura\u00e7\u00e3o de Jesus (Mc. 9,2), e a Can\u00e1 da Galil\u00e9ia, local do primeiro milagre de Jesus. Tarde: Visita a Bas\u00edlica da Anuncia\u00e7\u00e3o (Santa Missa), onde Maria recebeu o an\u00fancio do Arcanjo Gabriel (Lc. 1,26), Igreja de S\u00e3o Jos\u00e9. Jantar e pernoite.<\/p>\n<p><strong>S\u00e1b. 29\/08 &#8211; Galil\u00e9ia<\/strong><\/p>\n<p>Ap\u00f3s caf\u00e9 da manh\u00e3, visita a Cafarnaun (Casa de S. Pedro, ru\u00ednas da antiga Sinagoga), Tabgha (Primado de Pedro e multiplica\u00e7\u00e3o dos p\u00e3es), Travessia do Lado de Tiber\u00edades, Monte das Bem Aventuran\u00e3s e o Rio Jord\u00e3o (Renova\u00e7\u00e3o das promessas do batismo). Jantar e pernoite.<\/p>\n<p>&nbsp;<\/p>\n<div id=\"attachment_14685\" style=\"width: 409px\" class=\"wp-caption alignright\"><a href=\"http:\/\/blog.cancaonova.com\/peregrinacoes\/files\/2015\/07\/marmorto.jpg\"><img loading=\"lazy\" decoding=\"async\" aria-describedby=\"caption-attachment-14685\" class=\"wp-image-14685 size-large\" src=\"http:\/\/blog.cancaonova.com\/peregrinacoes\/files\/2015\/07\/marmorto-399x300.jpg\" alt=\"marmorto\" width=\"399\" height=\"300\" srcset=\"https:\/\/blog.cancaonova.com\/peregrinacoes\/files\/2015\/07\/marmorto.jpg 399w, https:\/\/blog.cancaonova.com\/peregrinacoes\/files\/2015\/07\/marmorto-300x226.jpg 300w\" sizes=\"(max-width: 399px) 100vw, 399px\" \/><\/a><p id=\"caption-attachment-14685\" class=\"wp-caption-text\">&#8220;Mar Morto&#8221;<\/p><\/div>\n<p><strong>Dom. 30\/08 &#8211; Galil\u00e9ia\/ Jeric\u00f3\/ Mar Morto\/ Jud\u00e9ia<\/strong><\/p>\n<p>Ap\u00f3s o caf\u00e9 da manh\u00e3, sa\u00edda para Jeric\u00f3 (Visita Panor\u00e2mica ao Monte das Tenta\u00e7\u00f5es e Sic\u00f4moro de Zaqueu), Banho no mar morto. Tarde: Continua\u00e7\u00e3o para Beth\u00e2nia, cidade de L\u00e1zaro, ressuscitado por Jesus e suas irm\u00e3s, Marte e Maria ( Jo 11). Logo ap\u00f3s, sa\u00edda para o hotel em Bel\u00e9m. Acomoda\u00e7\u00e3o no hotel. Jantar e pernoite.<\/p>\n<p><strong>Seg. 31\/08 &#8211; Jud\u00e9ia<\/strong><\/p>\n<p>Ap\u00f3s o caf\u00e9 da manh\u00e3, visita \u00e0 Bas\u00edlica da Natividade, local onde Jesus nasceu (Santa Missa), Campos dos pastores. Tarde: Visitaremos Ein-Karem, l\u00e1 fica a casa de Isabel, local onde Maria cantou o Magnificat (Lc 1,46-55). Jantar e pernoite.<\/p>\n<p><strong>Ter. 01 de setembro- Jud\u00e9ia<\/strong><\/p>\n<p>Ap\u00f3s o caf\u00e9 da manh\u00e3, visita ao Monte das Oliveiras (local de sua Ascen\u00e7\u00e3o, Igreja de Pater Noster, Bas\u00edlica da Agonia). Tarde: Visita ao Monte Si\u00e3o, (Sl 124,1), ao Cen\u00e1culo, Igreja da Dormi\u00e7\u00e3o de Maria, e a Igreja de S\u00e3o Pedro onde o galo cantou (Mc 1,13). Jantar e pernoite em Bel\u00e9m.<\/p>\n<p><strong>Qua. 02\/09 &#8211; Jud\u00e9ia<\/strong><\/p>\n<p>Ap\u00f3s o caf\u00e9 da manh\u00e3, visita a Igreja de Santana, Capela da Flagela\u00e7\u00e3o, Capela da Condena\u00e7\u00e3o, Voa-Sacra percorrendo as ruas da via-dolorosa. Visita ao Santo Sepulcro. Tarde: Muro das Lamenta\u00e7\u00f5es, Tempo livre. Jantar e pernoite.<\/p>\n<p><strong>Qui. 03\/09 \u2013 Jud\u00e9ia\/ Tel-Aviv\/ Esmirna\/ Kusadasi<\/strong><\/p>\n<p>Translado ao aeroporto. Embarque para Esmirna. Chegada, sa\u00edda para Kusadasi. Acomoda\u00e7\u00e3o no hotel. Pernoite.<\/p>\n<div id=\"attachment_14671\" style=\"width: 410px\" class=\"wp-caption alignleft\"><a href=\"http:\/\/blog.cancaonova.com\/peregrinacoes\/files\/2015\/07\/efesos.jpg\"><img loading=\"lazy\" decoding=\"async\" aria-describedby=\"caption-attachment-14671\" class=\"wp-image-14671 size-full\" src=\"http:\/\/blog.cancaonova.com\/peregrinacoes\/files\/2015\/07\/efesos.jpg\" alt=\"efesos\" width=\"400\" height=\"273\" srcset=\"https:\/\/blog.cancaonova.com\/peregrinacoes\/files\/2015\/07\/efesos.jpg 400w, https:\/\/blog.cancaonova.com\/peregrinacoes\/files\/2015\/07\/efesos-300x205.jpg 300w\" sizes=\"(max-width: 400px) 100vw, 400px\" \/><\/a><p id=\"caption-attachment-14671\" class=\"wp-caption-text\">&#8220;\u00c9fesos&#8221;<\/p><\/div>\n<p><strong>Sex. 04\/09 \u2013 Kusadasi\/ \u00a0\u00c9fesos\/ Kusadasi<\/strong><\/p>\n<p>Ap\u00f3s o caf\u00e9 da manh\u00e3, visita a cidade antiga de \u00c9feso. Visitas ao Odeon, a Agora, o Portal de H\u00e9rcules, a Biblio Celsius, a Avenida de M\u00e1more, o grande Teatro onde S\u00e3o Paulo pregava, casa de S\u00e3o Jo\u00e3o e a casa da Virgem Maria (missa). Retorno ao hotel. Jantar e pernoite.<\/p>\n<p><strong>S\u00e1b. 05\/09 \u2013 Kusadasi\/ Pamukkale<\/strong><\/p>\n<p>Ap\u00f3s o caf\u00e9 da manh\u00e3, sa\u00edda para Pamukkale \u201cO Castelo de Algod\u00e3o\u201d, maravilha natural de cascatas formadas ao longo dos s\u00e9culos por fontes de \u00e1gua calc\u00e1rias de sal. Visita tamb\u00e9m \u00e0 cidade antiga de Hierapolis com sua imensa necr\u00f3pole, uma das mais interessantes e ricas da \u00c1sia Menor. Acomoda\u00e7\u00e3o no hotel. Jantar e pernoite.<\/p>\n<p><strong>Dom. 06\/09\u00a0\u2013 Pamukkale\/ Denizli\/ Kayseri<\/strong><\/p>\n<p>Translado ao aeroporto. Embarque para Kayseri (Capad\u00f3cia). Chegada, translado ao hotel. Acomoda\u00e7\u00e3o no hotel. Pernoite.<\/p>\n<p><strong>\u00a0Seg. 07 de setembro- Capad\u00f3cia<\/strong><\/p>\n<p>Ap\u00f3s o caf\u00e9 da manh\u00e3, excurs\u00e3o de dia completo pelo fascinante mundo de Capad\u00f3cia com suas igrejas escavadas no Vale de Goreme, seu povo troglodita de Urgup e Zelve. A fortaleza de Uchisar e os vales de Avcilar e Pasagabi com as chamin\u00e9s das fadas encantadas em uma paisagem surrealista e extraordin\u00e1ria, a incr\u00edvel cidade subterr\u00e2nea de Ozkonak ou Kaymakli (visita a uma delas), utilizadas por comunidades cristas como ref\u00fagio para fugir das persegui\u00e7\u00f5es. A visita terminar\u00e1 em uma f\u00e1brica de tapetes artesanais. Retorno ao hotel. Jantar e pernoite.<\/p>\n<p><strong>Ter. 08\/09\u00a0\u2013 Capad\u00f3cia\/ Istambul<\/strong><\/p>\n<p>Translado ao aeroporto. Embarque para Istambul. Chegada, excurs\u00e3o em navio privativo pelo Bosforo e Tempo livre no Grande Bazar, com o seu fascicio Oriental. Translado ao hotel. Acomoda\u00e7\u00e3o, jantar e pernoite.<\/p>\n<p><strong>Qua. 09\/09 \u2013 Istambul<\/strong><\/p>\n<p>Ap\u00f3s o caf\u00e9 da manh\u00e3, City Tour (Mesquita Azul, Hip\u00f3dromo Romano com o Obelisco do Fara\u00f3 Thutmos III, transportado do Egito, Bas\u00edlica de Santa Sofia, Cisterna de 366 colunas Submersas). Tarde: Visita ao Pal\u00e1cio Topkapi. Almo\u00e7o no pal\u00e1cio. Jantar e pernoite.<\/p>\n<p><strong>Qui. 10\/09\u00a0\u2013 Istambul\/ S\u00e3o Paulo<\/strong><\/p>\n<p>Translado ao aeroporto. Embarque para S\u00e3o Paulo com as devidas conex\u00f5es.<\/p>\n<p>Fim dos nossos servi\u00e7os.<\/p>\n<h4 style=\"text-align: center\">Sa\u00edda dia<span style=\"color: #800000\"> <strong>26\/08\/2015<\/strong><\/span><\/h4>\n<h4 style=\"text-align: center\">Apenas por <span style=\"color: #800000\"><strong>US$6,280,00<\/strong><\/span><\/h4>\n<h4 style=\"text-align: center\">Pagamento facilitado atrav\u00e9s de\u00a0<span style=\"color: #800000\"><strong>Cheques\/ Boletos Banc\u00e1rios\/ Cart\u00f5es de cr\u00e9ditos<\/strong><\/span><\/h4>\n<p style=\"text-align: center\"><strong><em>Peregrinar\u2026 s\u00f3 pode ser pela Obra de Maria!<\/em><\/strong><\/p>\n<p><a class=\"AGENDA 2016 - PEREGRINA\u00c7\u00d5ES\" href=\"http:\/\/blog.cancaonova.com\/peregrinacoes\/agenda-2016\/\" target=\"_blank\" rel=\"http:\/\/blog.cancaonova.com\/peregrinacoes\/agenda-2016\/\"><img loading=\"lazy\" decoding=\"async\" class=\"aligncenter wp-image-14594\" title=\"Clique aqui! AGENDA 2016 \" src=\"http:\/\/blog.cancaonova.com\/peregrinacoes\/files\/2013\/10\/FullSizeRender-300x55.jpg\" alt=\"AGENDA 2016 - PEREGRINA\u00c7\u00d5ES\" width=\"382\" height=\"70\" srcset=\"https:\/\/blog.cancaonova.com\/peregrinacoes\/files\/2013\/10\/FullSizeRender-300x55.jpg 300w, https:\/\/blog.cancaonova.com\/peregrinacoes\/files\/2013\/10\/FullSizeRender.jpg 1022w\" sizes=\"(max-width: 382px) 100vw, 382px\" \/><\/a><\/p>\n<p style=\"text-align: center\"><a href=\"http:\/\/blog.cancaonova.com\/peregrinacoes\/files\/2014\/09\/Logo-Obra-de-Maria-Azul.png\"><img loading=\"lazy\" decoding=\"async\" class=\"size-medium wp-image-14228 aligncenter\" src=\"http:\/\/blog.cancaonova.com\/peregrinacoes\/files\/2014\/09\/Logo-Obra-de-Maria-Azul-300x122.png\" alt=\"Logo-Obra-de-Maria-Azul\" width=\"300\" height=\"122\" \/><\/a><a href=\"http:\/\/blog.cancaonova.com\/peregrinacoes\/files\/2014\/09\/Logo-Obra-de-Maria-Azul.png\"><br \/>\n<\/a><strong>Mais que viagens\u2026 encontros com Deus!<\/strong><\/p>\n<p style=\"text-align: center\">Contatos gerais (0xx12) 3186 2055<\/p>\n<p style=\"text-align: center\">ou pelo e-mail <a href=\"mailto:peregrinacoes@cancaonova.com\">peregrinacoes@cancaonova.com<\/a><\/p>\n<p style=\"text-align: center\"><em>Deixe seu coment\u00e1rio e seu pedido de ora\u00e7\u00e3o que estaremos rezando nas suas inten\u00e7\u00f5es pelos lugares santos\u2026<\/em><\/p>\n","protected":false},"excerpt":{"rendered":"<p>Peregrina\u00e7\u00e3o Terra Santa e Turquia Diretor Espiritual : Pe. Valdinei Sa\u00edda dia 26\/08\/2015 (15 dias) J\u00e1 pensou em conhecer a Terra Santa e a Turquia em uma mesma peregrina\u00e7\u00e3o? &nbsp; Ser\u00e3o\u00a015 dias de peregrina\u00e7\u00e3o e \u00a0lugares incr\u00edveis para conhecer. Quar&#8230;.<\/p>\n","protected":false},"author":4472,"featured_media":0,"comment_status":"open","ping_status":"closed","sticky":false,"template":"","format":"standard","meta":{"_mi_skip_tracking":false,"_monsterinsights_sitenote_active":false,"_monsterinsights_sitenote_note":"","_monsterinsights_sitenote_category":0,"footnotes":""},"categories":[5041],"tags":[2061,178723],"_links":{"self":[{"href":"https:\/\/blog.cancaonova.com\/peregrinacoes\/wp-json\/wp\/v2\/posts\/14666"}],"collection":[{"href":"https:\/\/blog.cancaonova.com\/peregrinacoes\/wp-json\/wp\/v2\/posts"}],"about":[{"href":"https:\/\/blog.cancaonova.com\/peregrinacoes\/wp-json\/wp\/v2\/types\/post"}],"author":[{"embeddable":true,"href":"https:\/\/blog.cancaonova.com\/peregrinacoes\/wp-json\/wp\/v2\/users\/4472"}],"replies":[{"embeddable":true,"href":"https:\/\/blog.cancaonova.com\/peregrinacoes\/wp-json\/wp\/v2\/comments?post=14666"}],"version-history":[{"count":12,"href":"https:\/\/blog.cancaonova.com\/peregrinacoes\/wp-json\/wp\/v2\/posts\/14666\/revisions"}],"predecessor-version":[{"id":14686,"href":"https:\/\/blog.cancaonova.com\/peregrinacoes\/wp-json\/wp\/v2\/posts\/14666\/revisions\/14686"}],"wp:attachment":[{"href":"https:\/\/blog.cancaonova.com\/peregrinacoes\/wp-json\/wp\/v2\/media?parent=14666"}],"wp:term":[{"taxonomy":"category","embeddable":true,"href":"https:\/\/blog.cancaonova.com\/peregrinacoes\/wp-json\/wp\/v2\/categories?post=14666"},{"taxonomy":"post_tag","embeddable":true,"href":"https:\/\/blog.cancaonova.com\/peregrinacoes\/wp-json\/wp\/v2\/tags?post=14666"}],"curies":[{"name":"wp","href":"https:\/\/api.w.org\/{rel}","templated":true}]}}