{"id":14850,"date":"2019-12-15T14:25:26","date_gmt":"2019-12-15T16:25:26","guid":{"rendered":"http:\/\/blog.cancaonova.com\/peregrinacoes\/?p=14850"},"modified":"2020-02-18T16:31:06","modified_gmt":"2020-02-18T19:31:06","slug":"portugal-italia-e-terra-santa-2016","status":"publish","type":"post","link":"https:\/\/blog.cancaonova.com\/peregrinacoes\/2019\/12\/15\/portugal-italia-e-terra-santa-2016\/","title":{"rendered":"Portugal, It\u00e1lia e Terra Santa 2020!"},"content":{"rendered":"<blockquote>\n<h2 style=\"text-align: center\"><span style=\"color: #0000ff\">&nbsp;Portugal, It\u00e1lia e&nbsp;Terra Santa&nbsp; &#8211; Confira nossos roteiros com essa tem\u00e1tica:<\/span><\/h2>\n<p>&nbsp;<\/p><\/blockquote>\n<h4><strong>Sa\u00edda&nbsp;20\/05<\/strong>&nbsp;<strong>\u2013<\/strong>&nbsp;<strong><span style=\"color: #800000\">Portugal, It\u00e1lia e Terra Santa (Especial Pentecostes Terra Santa)<\/span> \u2013<\/strong>&nbsp;Pe. Gilmar e Luciana Sitta, Rogerinha e Wellington Moreira<strong>&nbsp;\u2013 15 dias<\/strong><\/h4>\n<h4><strong>Sa\u00edda&nbsp; 11\/08<\/strong> \u2013<span style=\"color: #800000\">&nbsp;<\/span><strong><span style=\"color: #800000\">Portugal, It\u00e1lia e Terra Santa<\/span>&nbsp;<\/strong>\u2013 Pe. Charles \u2013<strong>&nbsp;13 dias<\/strong><\/h4>\n<h4><strong>Sa\u00edda&nbsp;05\/10 <\/strong>\u2013<span style=\"color: #800000\">&nbsp;<\/span><strong><span style=\"color: #800000\">Portugal, It\u00e1lia e Terra Santa<\/span>&nbsp;<\/strong><strong>\u2013&nbsp;<\/strong>Pe. Leandro Couto \u2013<strong>&nbsp;15 dias<\/strong><\/h4>\n<h4><strong>Sa\u00edda&nbsp;22\/11 <\/strong>\u2013&nbsp;<span style=\"color: #800000\"><strong><span style=\"color: #800000\">Portugal, It\u00e1lia e Terra Santa<\/span>&nbsp;<\/strong><\/span><strong>\u2013<em> PROMOCIONAL<\/em><\/strong><em>&nbsp;<\/em>\u2013 Pe. Edmilson Lopes&nbsp; e Renata Vasconcelos\u2013<strong>&nbsp;13 dias<\/strong><\/h4>\n<p>&nbsp;<\/p>\n<p style=\"text-align: center\">Peregrine&nbsp;com a&nbsp;<span style=\"color: #000000\"><b>&nbsp;Caminhando com Maria &#8211; Obra de Maria Peregrina\u00e7\u00f5es<\/b><\/span>&nbsp;em 2020 na companhia dos diretores espirituais da Can\u00e7\u00e3o Nova&nbsp; e viva grandes experi\u00eancias de f\u00e9!<\/p>\n<p style=\"text-align: center\">Ser\u00e3o&nbsp; de peregrina\u00e7\u00e3o onde iremos conhecer F\u00e1tima em Portugal, Roma na It\u00e1lia e seguiremos os caminhos de Jesus na Terra Santa.<\/p>\n<p style=\"text-align: center\">Confira o roteiro completo da nossa viagem!!<\/p>\n<p>&nbsp;<\/p>\n<p><a href=\"http:\/\/blog.cancaonova.com\/peregrinacoes\/files\/2015\/09\/2016-.jpg\"><img loading=\"lazy\" decoding=\"async\" class=\"aligncenter wp-image-14851 size-large\" src=\"http:\/\/blog.cancaonova.com\/peregrinacoes\/files\/2015\/09\/2016--600x300.jpg\" alt=\"2016-\" width=\"600\" height=\"300\"\/><\/a><\/p>\n<p>&nbsp;<\/p>\n<p><strong>&nbsp;S\u00e3o Paulo \/ Lisboa<\/strong><br \/>\nEmbarque para Lisboa.<\/p>\n<p><strong>&nbsp;Lisboa \/ F\u00e1tima<\/strong><br \/>\nChegada, city tour conhecendo a Torre de Bel\u00e9m, Mosteiro dos Jer\u00f4nimos, Pra\u00e7a do Rossio, Igreja de Santo Ant\u00f4nio. Continua\u00e7\u00e3o para Fatima. Acomoda\u00e7\u00e3o no hotel. Pernoite.<\/p>\n<p><strong>&nbsp;F\u00e1tima<\/strong><br \/>\nAp\u00f3s o caf\u00e9 da manh\u00e3, visita ao Santu\u00e1rio de F\u00e1tima (Valinhos, casas da Lucia, Jacinta e Francisco, Cova da Iria, Capelinha das Apari\u00e7\u00f5es). Jantar e pernoite.<\/p>\n<p><strong>&nbsp;Fatima \/ Lisboa \/ Roma<\/strong><br \/>\nTraslado ao aeroporto. Embarque com destino a Roma. Chegada, traslado ao hotel. Acomoda\u00e7\u00e3o no hotel. Jantar e pernoite.<\/p>\n<p><strong>&nbsp;Roma<\/strong><br \/>\nAp\u00f3s o caf\u00e9 da manh\u00e3, visita as Bas\u00edlicas Santa Maria Maior, S\u00e3o Jo\u00e3o de Latr\u00e3o. Tarde: Visita a Roma antiga: Coliseu, Foro Romano, Circo Massimo, Pra\u00e7a Veneza e Bas\u00edlica de S\u00e3o Paulo fora dos Muros. Missa. Jantar e pernoite.<\/p>\n<p><strong>Roma<\/strong><br \/>\nAp\u00f3s o caf\u00e9 da manh\u00e3, visita a Bas\u00edlica de S\u00e3o Pedro, Crypta dos Papas. Tarde: Tarde livre. Jantar e pernoite.<\/p>\n<p><strong>Roma \/ Tel-Aviv \/ Galil\u00e9ia<\/strong><br \/>\nTraslado ao aeroporto. Embarque com destino a Tel-Aviv. traslado ao hotel na Galil\u00e9ia. Acomoda\u00e7\u00e3o no hotel. Pernoite.<\/p>\n<p><strong>Galil\u00e9ia<\/strong><br \/>\nAp\u00f3s o caf\u00e9 da manh\u00e3, visita ao Monte Tabor (Bas\u00edlica da Transfigura\u00e7\u00e3o) e Can\u00e1 da Galil\u00e9ia. Tarde: Visita \u00e0 Bas\u00edlica da Anuncia\u00e7\u00e3o, onde Maria recebeu o an\u00fancio do Arcanjo Gabriel, Igreja de S. Jos\u00e9 . Retorno ao hotel. Jantar e pernoite.<\/p>\n<p><strong>Galil\u00e9ia<\/strong><\/p>\n<div id=\"attachment_14856\" style=\"width: 310px\" class=\"wp-caption alignright\"><a href=\"http:\/\/blog.cancaonova.com\/peregrinacoes\/files\/2015\/09\/cafarnaum.jpg\"><img loading=\"lazy\" decoding=\"async\" aria-describedby=\"caption-attachment-14856\" class=\"size-medium wp-image-14856\" src=\"http:\/\/blog.cancaonova.com\/peregrinacoes\/files\/2015\/09\/cafarnaum-300x298.jpg\" alt=\"Cafarnaum.\" width=\"300\" height=\"298\" srcset=\"https:\/\/blog.cancaonova.com\/peregrinacoes\/files\/2015\/09\/cafarnaum-300x298.jpg 300w, https:\/\/blog.cancaonova.com\/peregrinacoes\/files\/2015\/09\/cafarnaum-150x150.jpg 150w, https:\/\/blog.cancaonova.com\/peregrinacoes\/files\/2015\/09\/cafarnaum.jpg 607w\" sizes=\"(max-width: 300px) 100vw, 300px\" \/><\/a><p id=\"caption-attachment-14856\" class=\"wp-caption-text\">Cafarnaum.<\/p><\/div>\n<p>Ap\u00f3s o caf\u00e9 da manh\u00e3, visita a Cafarnaun (Casa de S. Pedro, ru\u00ednas da antiga Sinagoga), Tabgha (Primado de Pedro e multiplica\u00e7\u00e3o dos p\u00e3es), Travessia do Lago de Tiber\u00edades, Monte das Bem Aventuran\u00e7as, e o Rio Jord\u00e3o (Renova\u00e7\u00e3o das promessas do batismo). Jantar e pernoite.<\/p>\n<p><strong>Galil\u00e9ia \/ Jeric\u00f3 \/ Mar Morto \/ Jud\u00e9ia<\/strong><br \/>\nAp\u00f3s o caf\u00e9 da manh\u00e3, sa\u00edda para Jeric\u00f3 (Visita Panor\u00e2mica ao Monte das Tenta\u00e7\u00f5es e Sic\u00f4moro de Zaqueu), Banho no mar morto. Tarde: Continua\u00e7\u00e3o para Beth\u00e2nia, cidade de L\u00e1zaro, ressuscitado por Jesus e suas irm\u00e3s, Marta e Maria (Jo 11). Logo ap\u00f3s, sa\u00edda para o hotel em Bel\u00e9m. Acomoda\u00e7\u00e3o no hotel. Jantar e pernoite.<\/p>\n<p><strong>Jud\u00e9ia<\/strong><br \/>\nAp\u00f3s o caf\u00e9 da manh\u00e3, visita ao Monte das Oliveiras (local de sua Ascen\u00e7\u00e3o, Igreja de Pater Noster, Bas\u00edlica da Agonia). Tarde: Visita ao Monte Si\u00e3o, (Sl 124,1), ao Cen\u00e1culo, Igreja da Dormi\u00e7\u00e3o de Maria, e a Igreja de S\u00e3o Pedro onde o galo cantou (Mc 1,13). Jantar e pernoite em Bel\u00e9m.<\/p>\n<p><strong>Jud\u00e9ia<\/strong><br \/>\nAp\u00f3s o caf\u00e9 da manh\u00e3, visita \u00e0 Bas\u00edlica da Natividade, local onde Jesus nasceu (Santa Missa), Campos dos pastores. Tarde: Visitaremos Ein-Karem, l\u00e1 fica a casa de Isabel, local onde Maria cantou o Magnificat (Lc 1,46-55). Jantar e pernoite.<\/p>\n<p><strong>Jud\u00e9ia<\/strong><br \/>\nAp\u00f3s o caf\u00e9 da manh\u00e3: Visita a Igreja de Santana, Capela da Flagela\u00e7\u00e3o, Capela da Condena\u00e7\u00e3o, Via-Sacra percorrendo as ruas da via-dolorosa. Visita ao Santo Sepulcro. Tarde: Muro das Lamenta\u00e7\u00f5es, Tempo livre. Jantar e pernoite.<\/p>\n<p><strong>Judeia \/ Tel-Aviv \/ S\u00e3o Paulo<\/strong><br \/>\nTraslado ao aeroporto. Embarque para S\u00e3o Paulo, com as devidas conex\u00f5es.<\/p>\n<p><strong>Fim dos nossos servi\u00e7os.<\/strong><\/p>\n<h4><em><span style=\"color: #0000ff\">Obs: o roteiro apresentado&nbsp; contempla os lugares mencionados nesta postagem, por\u00e9m devido a realidade da \u00e9poca do ano pode haver mudan\u00e7a da ordem cronologica das visitas por uma quest\u00e3o de logistica. Roteiros com mais dias podem ter lugares visitados a mais que os roteiros convencionais &#8211; para tirar duvidas entre em contato com um de nossos atendentes<\/span><\/em><\/h4>\n<h4 style=\"text-align: center\">&nbsp;<\/h4>\n<p>&nbsp;<\/p>\n<h4 style=\"text-align: center\">Pagamento facilitado atrav\u00e9s de&nbsp;<span style=\"color: #800000\"><strong>Cheques\/ Boletos Banc\u00e1rios\/ Cart\u00f5es de cr\u00e9ditos<\/strong><\/span><\/h4>\n<p>&nbsp;<\/p>\n<p>&nbsp;<\/p>\n<p><img loading=\"lazy\" decoding=\"async\" class=\"size-medium wp-image-15907 aligncenter\" src=\"http:\/\/blog.cancaonova.com\/peregrinacoes\/files\/2018\/08\/Logo-Caminhando-com-Maria-01-300x108.png\" alt=\"\" width=\"300\" height=\"108\" srcset=\"https:\/\/blog.cancaonova.com\/peregrinacoes\/files\/2018\/08\/Logo-Caminhando-com-Maria-01-300x108.png 300w, https:\/\/blog.cancaonova.com\/peregrinacoes\/files\/2018\/08\/Logo-Caminhando-com-Maria-01-768x277.png 768w, https:\/\/blog.cancaonova.com\/peregrinacoes\/files\/2018\/08\/Logo-Caminhando-com-Maria-01-1024x369.png 1024w, https:\/\/blog.cancaonova.com\/peregrinacoes\/files\/2018\/08\/Logo-Caminhando-com-Maria-01.png 1131w\" sizes=\"(max-width: 300px) 100vw, 300px\" \/><\/p>\n<p style=\"text-align: center\"><strong>Mais que viagens\u2026 encontros com Deus!<\/strong><\/p>\n<p style=\"text-align: center\"><strong>Contatos:<\/strong><\/p>\n<p style=\"text-align: center\">\u260e&nbsp;(12) 3186-2055<br \/>\n\u2709&nbsp;peregrinacoes@cancaonova.com<br \/>\n\ud83d\udcf1&nbsp;Whatsapp \u2013 Atendimento Expresso:&nbsp;+55 12 98108-2680<\/p>\n<p style=\"text-align: center\">Ou acesse pelo celular clicando&nbsp; no link para nosso atendimento expresso:\ud83d\udc49\ud83d\udc49\ud83d\udc49&nbsp;&nbsp;&nbsp;<a href=\"https:\/\/wa.me\/5512981082680?text=Quero%20Peregrinar\" target=\"_blank\" rel=\"noopener\">https:\/\/wa.me\/5512981082680?text=Quero%20Peregrinar<\/a><\/p>\n<p style=\"text-align: center\"><strong>Mais que viagens\u2026 encontros com Deus!<\/strong><\/p>\n","protected":false},"excerpt":{"rendered":"<p>&nbsp;Portugal, It\u00e1lia e&nbsp;Terra Santa&nbsp; &#8211; Confira nossos roteiros com essa tem\u00e1tica: &nbsp; Sa\u00edda&nbsp;20\/05&nbsp;\u2013&nbsp;Portugal, It\u00e1lia e Terra Santa (Especial Pentecostes Terra Santa) \u2013&nbsp;Pe. Gilmar e Luciana Sitta, Rogerinha e Wellington Moreira&nbsp;\u2013 15 dias Sa\u00edda&nbsp; 11\/08 \u2013&nbsp;Portugal, It\u00e1lia e Terra Santa&nbsp;\u2013 Pe&#8230;.<\/p>\n","protected":false},"author":4472,"featured_media":14851,"comment_status":"open","ping_status":"closed","sticky":false,"template":"","format":"standard","meta":{"_mi_skip_tracking":false,"_monsterinsights_sitenote_active":false,"_monsterinsights_sitenote_note":"","_monsterinsights_sitenote_category":0,"footnotes":""},"categories":[1281,15651,40190,101450,4611,40206,23684,19431,5041],"tags":[16466,5061,5051,178729,178723],"_links":{"self":[{"href":"https:\/\/blog.cancaonova.com\/peregrinacoes\/wp-json\/wp\/v2\/posts\/14850"}],"collection":[{"href":"https:\/\/blog.cancaonova.com\/peregrinacoes\/wp-json\/wp\/v2\/posts"}],"about":[{"href":"https:\/\/blog.cancaonova.com\/peregrinacoes\/wp-json\/wp\/v2\/types\/post"}],"author":[{"embeddable":true,"href":"https:\/\/blog.cancaonova.com\/peregrinacoes\/wp-json\/wp\/v2\/users\/4472"}],"replies":[{"embeddable":true,"href":"https:\/\/blog.cancaonova.com\/peregrinacoes\/wp-json\/wp\/v2\/comments?post=14850"}],"version-history":[{"count":10,"href":"https:\/\/blog.cancaonova.com\/peregrinacoes\/wp-json\/wp\/v2\/posts\/14850\/revisions"}],"predecessor-version":[{"id":16390,"href":"https:\/\/blog.cancaonova.com\/peregrinacoes\/wp-json\/wp\/v2\/posts\/14850\/revisions\/16390"}],"wp:featuredmedia":[{"embeddable":true,"href":"https:\/\/blog.cancaonova.com\/peregrinacoes\/wp-json\/wp\/v2\/media\/14851"}],"wp:attachment":[{"href":"https:\/\/blog.cancaonova.com\/peregrinacoes\/wp-json\/wp\/v2\/media?parent=14850"}],"wp:term":[{"taxonomy":"category","embeddable":true,"href":"https:\/\/blog.cancaonova.com\/peregrinacoes\/wp-json\/wp\/v2\/categories?post=14850"},{"taxonomy":"post_tag","embeddable":true,"href":"https:\/\/blog.cancaonova.com\/peregrinacoes\/wp-json\/wp\/v2\/tags?post=14850"}],"curies":[{"name":"wp","href":"https:\/\/api.w.org\/{rel}","templated":true}]}}