{"id":14886,"date":"2019-02-25T10:13:15","date_gmt":"2019-02-25T13:13:15","guid":{"rendered":"http:\/\/blog.cancaonova.com\/peregrinacoes\/?p=14886"},"modified":"2019-02-25T12:07:20","modified_gmt":"2019-02-25T15:07:20","slug":"santuarios-marianos-vagner","status":"publish","type":"post","link":"https:\/\/blog.cancaonova.com\/peregrinacoes\/2019\/02\/25\/santuarios-marianos-vagner\/","title":{"rendered":"Turquia e Gr\u00e9cia - Pe. Vagner Baia"},"content":{"rendered":"<blockquote>\n<h1 style=\"text-align: center\">Turquia e Gr\u00e9cia<\/h1>\n<p style=\"text-align: center\">Trajet\u00f3ria de S\u00e3o Paulo Ap\u00f3stolo<\/p>\n<\/blockquote>\n<h2 style=\"text-align: center\"><span style=\"color: #003366\">Diretor Espiritual: Pe. Vagner Baia<\/span><\/h2>\n<h3 style=\"text-align: center\"><span style=\"color: #000000\">Sa\u00edda:<\/span><span style=\"color: #800000\">&nbsp;01 agosto de 2019<\/span><\/h3>\n<p><iframe loading=\"lazy\" title=\"Em Deus encontramos amor, paz e alegria - Pe. Vagner Baia (16\/12\/18)\" width=\"600\" height=\"338\" src=\"https:\/\/www.youtube.com\/embed\/BH1kPDY38gg?feature=oembed&amp;rel=0\" frameborder=\"0\" allow=\"accelerometer; autoplay; clipboard-write; encrypted-media; gyroscope; picture-in-picture; web-share\" referrerpolicy=\"strict-origin-when-cross-origin\" allowfullscreen><\/iframe><\/p>\n<h3>Acompanhe o video desta postagem e&nbsp; veja quem \u00e9 o Padre Vagner Baia, talvez em agosto voc\u00eas estejam juntos em peregrina\u00e7\u00e3o!<\/h3>\n<p>Confira roteiro completo abaixo<\/p>\n<p>1\u00ba dia: S\u00e1b. 01\/08\/2018 &#8211; S\u00e3o Paulo \/ Atenas<br \/>\nEm hor\u00e1rio apropriado, traslado ao aeroporto para embarque&nbsp;com destino \u00e0 Atenas via devidas conex\u00f5es.<\/p>\n<p>2\u00ba dia: Dom. 02\/08 &#8211; Atenas<br \/>\nChegada em Atenas, recep\u00e7\u00e3o no aeroporto e traslado para o&nbsp;hotel. Acomoda\u00e7\u00e3o e pernoite.<\/p>\n<p>3\u00ba dia: Seg. 03\/08 &#8211; Atenas<br \/>\nAp\u00f3s caf\u00e9 da manh\u00e3, visitaremos a Pra\u00e7a Syntagma (Pra\u00e7a&nbsp;da Constitui\u00e7\u00e3o), parlamento, Mausol\u00e9u do Soldado&nbsp;desconhecido, Vis\u00e3o do Est\u00e1dio Pan Ol\u00edmpico. Visita ao S\u00edtio&nbsp;Arqueol\u00f3gico do Templo dos Deuses do Olimpo (Zeus e&nbsp;Helena). Visita ao mundialmente conhecido local de Acr\u00f3poles&nbsp;e passagem pela Propylaca, o Parthenon e os museus.<br \/>\nDescendo de Acr\u00f3poles iremos ao Are\u00f3pago onde S\u00e3o Paulo&nbsp;preou o Evangelho aos Atenienses. Pernoite.<\/p>\n<p>4\u00ba dia: Ter. 04\/08 &#8211; Atenas \/ Hidra \/ Poros \/ Egina \/ Atenas<br \/>\nTraslado ao porto para embarque. Partimos para a Ilha de&nbsp;Hidra, que \u00e9 o ref\u00fagio de muitos artistas. Seguimos para&nbsp;Poros, um pequeno para\u00edso cheio de pinheiros e arquitetura&nbsp;neocl\u00e1ssica. Seguimos para Egina, onde o barco atraca. \u00c9&nbsp;poss\u00edvel fazer um tour opcional ao Templo de Aphal ou desfrutar&nbsp;das \u00e1guas cristalinas da baia de Egina. Almo\u00e7o a bordo. Retorno&nbsp;ao porto de Atenas. Traslado ao hotel. Jantar e pernoite.<\/p>\n<p>5\u00ba dia: Qua. 05\/08 &#8211; Atenas \/ Corinto \/ Atenas<br \/>\nAp\u00f3s o caf\u00e9 da manh\u00e3, sa\u00edda para visitar de Corinto, (C\u00e9lebre&nbsp;por causa das cartas de S\u00e3o Paulo) Epidauro (Teatro antigo),&nbsp;Micanas, Acr\u00f3poles (Tesouro da Abres). Retorno a Atenas para&nbsp;Jantar e pernoite.<\/p>\n<p><img loading=\"lazy\" decoding=\"async\" class=\"aligncenter size-medium wp-image-13971\" src=\"http:\/\/blog.cancaonova.com\/peregrinacoes\/files\/2013\/10\/10_03_2014_17_37_29-300x151.jpg\" alt=\"\" width=\"300\" height=\"151\" srcset=\"https:\/\/blog.cancaonova.com\/peregrinacoes\/files\/2013\/10\/10_03_2014_17_37_29-300x151.jpg 300w, https:\/\/blog.cancaonova.com\/peregrinacoes\/files\/2013\/10\/10_03_2014_17_37_29.jpg 870w\" sizes=\"(max-width: 300px) 100vw, 300px\" \/>6\u00ba dia: Qui. 06\/08 &#8211; Atenas \/ Istambul \/ Esmirna<br \/>\nTraslado ao aeroporto. Embarque para Esmirna, com conex\u00e3o&nbsp;em Istambul. Chegada, traslado ao hotel. Acomoda\u00e7\u00e3o, jantar e&nbsp;pernoite.<\/p>\n<p>7\u00ba dia: Sex. 07\/08 &#8211; Esmirna \/ \u00c9feso \/ Esmirna<br \/>\nDia inteiro dedicado a conhecer \u00c9feso, a cidade mais&nbsp;importante da nossa peregrina\u00e7\u00e3o. Conheceremos o Odeon, a&nbsp;Agor\u00e1, o Portal de H\u00e9rcules, a Biblioteca Celsius, a Avenida de&nbsp;M\u00e1more e o grande Teatro onde S\u00e3o Paulo pregava e onde se<br \/>\nreunia o terceiro Conselho Ecum\u00eanico em 431. Tarde: Visita a&nbsp;casa de S\u00e3o Jo\u00e3o e a casa da Virgem Maria. A tradi\u00e7\u00e3o diz que&nbsp;S\u00e3o Jo\u00e3o trouxe, Maria, M\u00e3e de Jesus e que ela morou em \u00c9feso&nbsp;no topo de uma colina o resto de sua vida. Atualmente esta casa&nbsp;\u00e9 visitada por centenas de peregrinos e o Papa Paulo VI esteve&nbsp;no local em 1967 e o Papa Jo\u00e3o Paulo II em 1979. Final do dia&nbsp;retorno para Esmirna.<\/p>\n<p>8\u00ba dia: S\u00e1b. 08\/08 &#8211; Esmirna \/ Istambul<br \/>\nEm hor\u00e1rio apropriado, traslado ao aeroporto para embarque&nbsp;com destino a Istambul. Chegada, recep\u00e7\u00e3o no aeroporto e&nbsp;transfer para o hotel. Acomoda\u00e7\u00e3o e pernoite.<\/p>\n<p>9\u00ba dia: Dom. 09\/08 &#8211; Istambul<br \/>\nAp\u00f3s caf\u00e9 da manh\u00e3, passeio panor\u00e2mico pelo estreito que&nbsp;separa o Mar Negro do Mar de M\u00e1rmara. \u00c0 Tarde, visita ao&nbsp;pal\u00e1cio Topkapi, na parte asi\u00e1tica da cidade. Retorno ao hotel&nbsp;e pernoite.<\/p>\n<p>10\u00ba dia: Seg. 10\/08 &#8211; Istambul<br \/>\nAp\u00f3s caf\u00e9 da manh\u00e3, city tour (Mesquita azul, hip\u00f3dromo&nbsp;romano com o obelisco do fara\u00f3 Thutmos transportado do Egito,&nbsp;Bas\u00edlica de Sta. Sofia com a cisterna de 338 colunas submersa.&nbsp;Tarde visita ao grande Bazar, Centro comercial com seu fasc\u00ednio<br \/>\noriental. Retorno ao hotel e pernoite.<\/p>\n<p>11\u00ba dia: Ter. 11\/08 &#8211; Istambul<br \/>\nDia livre para atividades independentes.<\/p>\n<p>12\u00ba dia: Qua. 12\/08 &#8211; Istambul \/ S\u00e3o Paulo (Guarulhos)<br \/>\nEm hor\u00e1rio apropriado, traslado ao aeroporto para embarque&nbsp;com destino a S\u00e3o Paulo (Guarulhos) via devidas conex\u00f5es.<\/p>\n<p>13\u00ba dia: Qui. 13\/08 &#8211; S\u00e3o Paulo (Guarulhos)<br \/>\nChegada em S\u00e3o Paulo (Guarulhos)<\/p>\n<p style=\"text-align: center\"><strong>Quer saber mais? Entre em contato conosco!<\/strong><\/p>\n<h4 style=\"text-align: center\">&nbsp;<\/h4>\n<h4 style=\"text-align: center\">Pagamento facilitado atrav\u00e9s de&nbsp;<span style=\"color: #800000\"><strong>Cheques\/ Boletos Banc\u00e1rios\/ Cart\u00f5es de cr\u00e9ditos<\/strong><\/span><\/h4>\n<p>&nbsp;<\/p>\n<p><img loading=\"lazy\" decoding=\"async\" class=\"aligncenter size-medium wp-image-15844\" src=\"http:\/\/blog.cancaonova.com\/peregrinacoes\/files\/2015\/10\/Logo-Peregrinar-com-Maria-PNG-01-300x108.png\" alt=\"\" width=\"300\" height=\"108\" srcset=\"https:\/\/blog.cancaonova.com\/peregrinacoes\/files\/2015\/10\/Logo-Peregrinar-com-Maria-PNG-01-300x108.png 300w, https:\/\/blog.cancaonova.com\/peregrinacoes\/files\/2015\/10\/Logo-Peregrinar-com-Maria-PNG-01-768x278.png 768w, https:\/\/blog.cancaonova.com\/peregrinacoes\/files\/2015\/10\/Logo-Peregrinar-com-Maria-PNG-01-1024x370.png 1024w, https:\/\/blog.cancaonova.com\/peregrinacoes\/files\/2015\/10\/Logo-Peregrinar-com-Maria-PNG-01.png 2030w\" sizes=\"(max-width: 300px) 100vw, 300px\" \/><\/p>\n<p style=\"text-align: center\"><b>ENTRE EM CONTATO CONOSCO E SOLICITE MAIS INFORMA\u00c7\u00d5ES<\/b><\/p>\n<h1 style=\"text-align: center\"><strong>(12) 3186-2055<\/strong><\/h1>\n<p style=\"text-align: center\"><strong>Twitter: @peregrinacoesom<\/strong><\/p>\n<p style=\"text-align: center\"><strong>E-mail: peregrinacoes@cancaonova.com<\/strong><\/p>\n<p style=\"text-align: center\"><a href=\"https:\/\/www.facebook.com\/peregrinacoesom\" target=\"_blank\" rel=\"noopener\"><strong>https:\/\/www.facebook.com\/peregrinacoesom<\/strong><\/a><\/p>\n<p>&nbsp;<\/p>\n","protected":false},"excerpt":{"rendered":"<p>Turquia e Gr\u00e9cia Trajet\u00f3ria de S\u00e3o Paulo Ap\u00f3stolo Diretor Espiritual: Pe. Vagner Baia Sa\u00edda:&nbsp;01 agosto de 2019 Acompanhe o video desta postagem e&nbsp; veja quem \u00e9 o Padre Vagner Baia, talvez em agosto voc\u00eas estejam juntos em peregrina\u00e7\u00e3o! Confira roteiro&#8230;<\/p>\n","protected":false},"author":4472,"featured_media":14621,"comment_status":"open","ping_status":"closed","sticky":false,"template":"","format":"standard","meta":{"_mi_skip_tracking":false,"_monsterinsights_sitenote_active":false,"_monsterinsights_sitenote_note":"","_monsterinsights_sitenote_category":0,"footnotes":""},"categories":[1281,15651,2061,19431,5101,18965,2621],"tags":[],"_links":{"self":[{"href":"https:\/\/blog.cancaonova.com\/peregrinacoes\/wp-json\/wp\/v2\/posts\/14886"}],"collection":[{"href":"https:\/\/blog.cancaonova.com\/peregrinacoes\/wp-json\/wp\/v2\/posts"}],"about":[{"href":"https:\/\/blog.cancaonova.com\/peregrinacoes\/wp-json\/wp\/v2\/types\/post"}],"author":[{"embeddable":true,"href":"https:\/\/blog.cancaonova.com\/peregrinacoes\/wp-json\/wp\/v2\/users\/4472"}],"replies":[{"embeddable":true,"href":"https:\/\/blog.cancaonova.com\/peregrinacoes\/wp-json\/wp\/v2\/comments?post=14886"}],"version-history":[{"count":12,"href":"https:\/\/blog.cancaonova.com\/peregrinacoes\/wp-json\/wp\/v2\/posts\/14886\/revisions"}],"predecessor-version":[{"id":16030,"href":"https:\/\/blog.cancaonova.com\/peregrinacoes\/wp-json\/wp\/v2\/posts\/14886\/revisions\/16030"}],"wp:featuredmedia":[{"embeddable":true,"href":"https:\/\/blog.cancaonova.com\/peregrinacoes\/wp-json\/wp\/v2\/media\/14621"}],"wp:attachment":[{"href":"https:\/\/blog.cancaonova.com\/peregrinacoes\/wp-json\/wp\/v2\/media?parent=14886"}],"wp:term":[{"taxonomy":"category","embeddable":true,"href":"https:\/\/blog.cancaonova.com\/peregrinacoes\/wp-json\/wp\/v2\/categories?post=14886"},{"taxonomy":"post_tag","embeddable":true,"href":"https:\/\/blog.cancaonova.com\/peregrinacoes\/wp-json\/wp\/v2\/tags?post=14886"}],"curies":[{"name":"wp","href":"https:\/\/api.w.org\/{rel}","templated":true}]}}