{"id":15022,"date":"2016-02-19T15:11:10","date_gmt":"2016-02-19T17:11:10","guid":{"rendered":"http:\/\/blog.cancaonova.com\/peregrinacoes\/?p=15022"},"modified":"2016-02-19T15:14:41","modified_gmt":"2016-02-19T17:14:41","slug":"o-poco-de-maria","status":"publish","type":"post","link":"https:\/\/blog.cancaonova.com\/peregrinacoes\/2016\/02\/19\/o-poco-de-maria\/","title":{"rendered":"O po\u00e7o de Maria!"},"content":{"rendered":"<p>&nbsp;<\/p>\n<h2 style=\"text-align: center\"><strong>O Po\u00e7o de Maria!<\/strong><\/h2>\n<p><img loading=\"lazy\" decoding=\"async\" class=\"aligncenter wp-image-15023 size-medium\" src=\"http:\/\/blog.cancaonova.com\/peregrinacoes\/files\/2016\/02\/pocodemaria-207x300.jpg\" alt=\"pocodemaria\" width=\"207\" height=\"300\" srcset=\"https:\/\/blog.cancaonova.com\/peregrinacoes\/files\/2016\/02\/pocodemaria-207x300.jpg 207w, https:\/\/blog.cancaonova.com\/peregrinacoes\/files\/2016\/02\/pocodemaria.jpg 455w\" sizes=\"(max-width: 207px) 100vw, 207px\" \/><\/p>\n<p>&nbsp;<\/p>\n<p>As pessoas da aldeias permaneciam em locais onde o ponto central fosse o po\u00e7o de \u00e1gua. Onde existia \u00e1gua, ali existiam v\u00e1rias fam\u00edlias.<\/p>\n<p>Quando a \u00e1gua\u00a0secava, toda a aldeia mudava a procura de outro po\u00e7o. Esta realidade durou anos, pois com a \u00e1gua eram realizadas a irriga\u00e7\u00e3o dos campo, para o uso dom\u00e9stico desde a limpeza da casa at\u00e9 o consumos das refei\u00e7\u00f5es.Era de\u00a0suma import\u00e2ncia, pois eles tamb\u00e9m cuidavam do rebanho.<\/p>\n<p>Temos\u00a0alguns trechos b\u00edblicos onde as mulheres est\u00e3o no po\u00e7o tirando \u00e1gua. No Antigo Testamento, os patriarcas Isaque e Jacob encontram suas esposas, Rebeca e Raquel, quando estavam conduzindo os animais para o po\u00e7o da aldeia Gn 24 a 29<\/p>\n<p>J\u00e1 no Novo Testamento, o Evangelho de S\u00e3o Jo\u00e3o conta-nos sobre o encontro de Jesus com a Samaritana.<\/p>\n<p>E a principal, a tradi\u00e7\u00e3o nos diz que o anjo Gabriel falou com Maria pela primeira vez quando ela estava em um po\u00e7o pegando \u00e1gua.<\/p>\n<p>S\u00e3o os evangelhos ap\u00f3crifos, onde nos diz que: \u201cQuando a Virgem pegou no jarro e foi tira \u00e1gua, eis que uma voz lhe disse: Ave Maria, cheia de gra\u00e7a.\u201d<\/p>\n<p>Maria n\u00e3o viu o anjo, mas indo para a sua casa, ele apareceu dizendo: N\u00e3o temas Maria\u2026<\/p>\n<p>Durante s\u00e9culos a Fonte de Maria e o Po\u00e7o de Maria tem sido visitados pelos peregrinos de todo o mundo, pois foi o\u00a0lugar do acontecimento.<\/p>\n<p>Os cruzados constru\u00edram a Igreja Ortodoxa de S\u00e3o Gabriel, no s\u00e9culo XII. N\u00e3o existem provas concretas, mas presume que foram constru\u00eddos nos pontos j\u00e1 consagrados pelas gera\u00e7\u00f5es passadas.<\/p>\n<p>&nbsp;<\/p>\n<p style=\"text-align: center\">Em 2016 venha peregrinar conosco pela Terra Santa, para conhecer \u00a0lindos lugares!<\/p>\n<p style=\"text-align: center\">Obra de Maria, mais que viagens, encontros com Deus!<\/p>\n<p style=\"text-align: center\"><a href=\"http:\/\/blog.cancaonova.com\/peregrinacoes\/files\/2014\/09\/Logo-Obra-de-Maria-Azul.png\"><img loading=\"lazy\" decoding=\"async\" class=\"aligncenter size-medium wp-image-14228\" src=\"http:\/\/blog.cancaonova.com\/peregrinacoes\/files\/2014\/09\/Logo-Obra-de-Maria-Azul-300x122.png\" alt=\"Logo-Obra-de-Maria-Azul\" width=\"300\" height=\"122\" \/><\/a><\/p>\n<p style=\"text-align: center\"><strong>Mais que viagens\u2026 encontros com Deus!<\/strong><\/p>\n<p style=\"text-align: center\">Contatos (0xx12) 3186 2055<\/p>\n<p style=\"text-align: center\">ou pelo e-mail <a href=\"mailto:peregrinacoes@cancaonova.com\">peregrinacoes@cancaonova.com<\/a><\/p>\n<p style=\"text-align: center\"><em>Deixe seu coment\u00e1rio e seu pedido de ora\u00e7\u00e3o que estaremos rezando nas suas inten\u00e7\u00f5es na Terra Santa\u2026<\/em><\/p>\n<p style=\"text-align: center\">\n","protected":false},"excerpt":{"rendered":"<p>&nbsp; O Po\u00e7o de Maria! &nbsp; As pessoas da aldeias permaneciam em locais onde o ponto central fosse o po\u00e7o de \u00e1gua. Onde existia \u00e1gua, ali existiam v\u00e1rias fam\u00edlias. Quando a \u00e1gua\u00a0secava, toda a aldeia mudava a procura de outro&#8230;<\/p>\n","protected":false},"author":4472,"featured_media":15026,"comment_status":"open","ping_status":"closed","sticky":false,"template":"","format":"standard","meta":{"_mi_skip_tracking":false,"_monsterinsights_sitenote_active":false,"_monsterinsights_sitenote_note":"","_monsterinsights_sitenote_category":0,"footnotes":""},"categories":[17725,1281,5041],"tags":[],"_links":{"self":[{"href":"https:\/\/blog.cancaonova.com\/peregrinacoes\/wp-json\/wp\/v2\/posts\/15022"}],"collection":[{"href":"https:\/\/blog.cancaonova.com\/peregrinacoes\/wp-json\/wp\/v2\/posts"}],"about":[{"href":"https:\/\/blog.cancaonova.com\/peregrinacoes\/wp-json\/wp\/v2\/types\/post"}],"author":[{"embeddable":true,"href":"https:\/\/blog.cancaonova.com\/peregrinacoes\/wp-json\/wp\/v2\/users\/4472"}],"replies":[{"embeddable":true,"href":"https:\/\/blog.cancaonova.com\/peregrinacoes\/wp-json\/wp\/v2\/comments?post=15022"}],"version-history":[{"count":2,"href":"https:\/\/blog.cancaonova.com\/peregrinacoes\/wp-json\/wp\/v2\/posts\/15022\/revisions"}],"predecessor-version":[{"id":15025,"href":"https:\/\/blog.cancaonova.com\/peregrinacoes\/wp-json\/wp\/v2\/posts\/15022\/revisions\/15025"}],"wp:featuredmedia":[{"embeddable":true,"href":"https:\/\/blog.cancaonova.com\/peregrinacoes\/wp-json\/wp\/v2\/media\/15026"}],"wp:attachment":[{"href":"https:\/\/blog.cancaonova.com\/peregrinacoes\/wp-json\/wp\/v2\/media?parent=15022"}],"wp:term":[{"taxonomy":"category","embeddable":true,"href":"https:\/\/blog.cancaonova.com\/peregrinacoes\/wp-json\/wp\/v2\/categories?post=15022"},{"taxonomy":"post_tag","embeddable":true,"href":"https:\/\/blog.cancaonova.com\/peregrinacoes\/wp-json\/wp\/v2\/tags?post=15022"}],"curies":[{"name":"wp","href":"https:\/\/api.w.org\/{rel}","templated":true}]}}