{"id":15052,"date":"2016-03-30T10:45:46","date_gmt":"2016-03-30T13:45:46","guid":{"rendered":"http:\/\/blog.cancaonova.com\/peregrinacoes\/?p=15052"},"modified":"2016-03-30T10:49:16","modified_gmt":"2016-03-30T13:49:16","slug":"a-basilica-do-santo-sepulcro","status":"publish","type":"post","link":"https:\/\/blog.cancaonova.com\/peregrinacoes\/2016\/03\/30\/a-basilica-do-santo-sepulcro\/","title":{"rendered":"A Bas\u00edlica do Santo Sepulcro!"},"content":{"rendered":"<h2><\/h2>\n<h1 style=\"text-align: center\">A Bas\u00edlica do Santo Sepulcro<\/h1>\n<h2 style=\"text-align: center\">Terra Santa<\/h2>\n<p>&nbsp;<\/p>\n<p>No exterior da Bas\u00edlica do Santo Sepulcro encontramos v\u00e1rias capelas, entre elas \u00e0 esquerda temos a capela de S\u00e3o Tiago para os fi\u00e9is de rito bizantino \u00e1rabe. E \u00e0 direita a capela arm\u00eania de S\u00e3o Jo\u00e3o.<\/p>\n<p>Na entrada da Bas\u00edlica temos um lugar reservado aos porteiros mu\u00e7ulmanos que s\u00e3o duas fam\u00edlias. Uma que conserva as chaves e a outra abre as portas do Santo Sepulcro.<\/p>\n<p>Logo \u00e0 frente, entrando na Bas\u00edlica do Santo Sepulcro encontramos a Pedra da Un\u00e7\u00e3o.\u00a0Ela mede 2,70 de comprimento e 1,30 de largura.<\/p>\n<p>&nbsp;<\/p>\n<p><a href=\"http:\/\/blog.cancaonova.com\/evangelizadorperegrino\/files\/2014\/02\/19_02_2014_13_39_04-300x200.jpg\"><img loading=\"lazy\" decoding=\"async\" class=\"aligncenter\" src=\"http:\/\/blog.cancaonova.com\/evangelizadorperegrino\/files\/2014\/02\/19_02_2014_13_39_04-300x200.jpg\" alt=\"A Pedra da Un\u00e7\u00e3o \u00e9 ungida com azeite e perfumes.\" width=\"300\" height=\"200\" \/><\/a><\/p>\n<p>&nbsp;<\/p>\n<p>Jos\u00e9 de Arimat\u00e9ia e Nicodemos depois de ter descido o corpo de Jesus da cruz o ungiu, colocando aromas e depois envolveu em um len\u00e7ol branco.<\/p>\n<p>Jesus foi depositado no Santo Sepulcro que fica no meio da bas\u00edlica.<\/p>\n<p>\u00c0 direita da Pedra da Un\u00e7\u00e3o subimos uma escada, acima de 5 metros do pavimento da bas\u00edlica que nos leva a capela da crucifix\u00e3o, o \u201cCalv\u00e1rio\u201d.<\/p>\n<p>Temos a rocha do Calv\u00e1rio que pode ser tocada por uma abertura em baixo do altar.\u00a0Neste local a cruz foi elevada, \u00e9 o lugar em que Jesus morreu.<\/p>\n<p>\u00c9 vis\u00edvel a fenda irregular e vertical, sinal do terremoto ocorrido na morte de Cristo.\u00a0Podemos ver a continua\u00e7\u00e3o desta rachadura at\u00e9 a Capela de Ad\u00e3o.<\/p>\n<p><a href=\"http:\/\/blog.cancaonova.com\/peregrinacoes\/files\/2016\/03\/19_02_2014_15_29_36.jpg\"><img loading=\"lazy\" decoding=\"async\" class=\"aligncenter wp-image-15053 size-full\" src=\"http:\/\/blog.cancaonova.com\/peregrinacoes\/files\/2016\/03\/19_02_2014_15_29_36.jpg\" alt=\"19_02_2014_15_29_36\" width=\"450\" height=\"151\" srcset=\"https:\/\/blog.cancaonova.com\/peregrinacoes\/files\/2016\/03\/19_02_2014_15_29_36.jpg 450w, https:\/\/blog.cancaonova.com\/peregrinacoes\/files\/2016\/03\/19_02_2014_15_29_36-300x100.jpg 300w\" sizes=\"(max-width: 450px) 100vw, 450px\" \/><\/a><\/p>\n<p>&nbsp;<\/p>\n<p>A Capela de Ad\u00e3o fica em baixo do Calv\u00e1rio, a hist\u00f3ria dos primeiros crist\u00e3os diz que Ad\u00e3o foi sepultado neste local.<\/p>\n<p>Na sexta-feira santa o sangue de Jesus teria descido sobre a cabe\u00e7a de Ad\u00e3o para lavar o seu pecado e o de toda humanidade.<\/p>\n<p>&nbsp;<\/p>\n<p>&nbsp;<\/p>\n<p style=\"text-align: center\">Em <strong>2016<\/strong> venha peregrinar conosco pela Terra Santa e viver momentos emocionantes\u00a0na Terra de Jesus!<\/p>\n<p style=\"text-align: center\">Obra de Maria, mais que viagens, encontros com Deus!<\/p>\n<p style=\"text-align: center\"><a href=\"http:\/\/blog.cancaonova.com\/peregrinacoes\/files\/2014\/09\/Logo-Obra-de-Maria-Azul.png\"><img loading=\"lazy\" decoding=\"async\" class=\"aligncenter size-medium wp-image-14228\" src=\"http:\/\/blog.cancaonova.com\/peregrinacoes\/files\/2014\/09\/Logo-Obra-de-Maria-Azul-300x122.png\" alt=\"Logo-Obra-de-Maria-Azul\" width=\"300\" height=\"122\" \/><\/a><\/p>\n<p style=\"text-align: center\"><strong>Mais que viagens\u2026 encontros com Deus!<\/strong><\/p>\n<p style=\"text-align: center\">Contatos (0xx12) 3186 2055<\/p>\n<p style=\"text-align: center\">ou pelo e-mail <a href=\"mailto:peregrinacoes@cancaonova.com\">peregrinacoes@cancaonova.com<\/a><\/p>\n<p style=\"text-align: center\"><em>Deixe seu coment\u00e1rio e seu pedido de ora\u00e7\u00e3o que estaremos rezando nas suas inten\u00e7\u00f5es na Terra Santa\u2026<\/em><\/p>\n","protected":false},"excerpt":{"rendered":"<p>A Bas\u00edlica do Santo Sepulcro Terra Santa &nbsp; No exterior da Bas\u00edlica do Santo Sepulcro encontramos v\u00e1rias capelas, entre elas \u00e0 esquerda temos a capela de S\u00e3o Tiago para os fi\u00e9is de rito bizantino \u00e1rabe. E \u00e0 direita a capela&#8230;<\/p>\n","protected":false},"author":4472,"featured_media":15053,"comment_status":"open","ping_status":"closed","sticky":false,"template":"","format":"standard","meta":{"_mi_skip_tracking":false,"_monsterinsights_sitenote_active":false,"_monsterinsights_sitenote_note":"","_monsterinsights_sitenote_category":0,"footnotes":""},"categories":[1281,5041],"tags":[],"_links":{"self":[{"href":"https:\/\/blog.cancaonova.com\/peregrinacoes\/wp-json\/wp\/v2\/posts\/15052"}],"collection":[{"href":"https:\/\/blog.cancaonova.com\/peregrinacoes\/wp-json\/wp\/v2\/posts"}],"about":[{"href":"https:\/\/blog.cancaonova.com\/peregrinacoes\/wp-json\/wp\/v2\/types\/post"}],"author":[{"embeddable":true,"href":"https:\/\/blog.cancaonova.com\/peregrinacoes\/wp-json\/wp\/v2\/users\/4472"}],"replies":[{"embeddable":true,"href":"https:\/\/blog.cancaonova.com\/peregrinacoes\/wp-json\/wp\/v2\/comments?post=15052"}],"version-history":[{"count":2,"href":"https:\/\/blog.cancaonova.com\/peregrinacoes\/wp-json\/wp\/v2\/posts\/15052\/revisions"}],"predecessor-version":[{"id":15055,"href":"https:\/\/blog.cancaonova.com\/peregrinacoes\/wp-json\/wp\/v2\/posts\/15052\/revisions\/15055"}],"wp:featuredmedia":[{"embeddable":true,"href":"https:\/\/blog.cancaonova.com\/peregrinacoes\/wp-json\/wp\/v2\/media\/15053"}],"wp:attachment":[{"href":"https:\/\/blog.cancaonova.com\/peregrinacoes\/wp-json\/wp\/v2\/media?parent=15052"}],"wp:term":[{"taxonomy":"category","embeddable":true,"href":"https:\/\/blog.cancaonova.com\/peregrinacoes\/wp-json\/wp\/v2\/categories?post=15052"},{"taxonomy":"post_tag","embeddable":true,"href":"https:\/\/blog.cancaonova.com\/peregrinacoes\/wp-json\/wp\/v2\/tags?post=15052"}],"curies":[{"name":"wp","href":"https:\/\/api.w.org\/{rel}","templated":true}]}}