{"id":15312,"date":"2021-02-18T15:21:17","date_gmt":"2021-02-18T18:21:17","guid":{"rendered":"http:\/\/blog.cancaonova.com\/peregrinacoes\/?p=15312"},"modified":"2021-11-30T14:21:32","modified_gmt":"2021-11-30T17:21:32","slug":"peregrine-por-russia-e-leste-europeu","status":"publish","type":"post","link":"https:\/\/blog.cancaonova.com\/peregrinacoes\/2021\/02\/18\/peregrine-por-russia-e-leste-europeu\/","title":{"rendered":"Um roteiro encantador e recheado de espiritualidade por R\u00fassia e Leste Europeu"},"content":{"rendered":"<h1 style=\"text-align: center\"><span style=\"color: #305174\">R\u00daSSIA E LESTE EUROPEU<\/span><\/h1>\n<p style=\"text-align: center\"><span style=\"color: #0000ff\"><strong>Em 2022 \u00e9 possivel!!!<\/strong><\/span><\/p>\n<h2 style=\"text-align: center\"><span style=\"color: #0000ff\"><strong><em>Com Pe. Adriano Zandon\u00e1<\/em><\/strong><\/span><\/h2>\n<p><iframe loading=\"lazy\" title=\"Combatendo os v\u00c3\u00adcios e m\u00c3\u00a1s tend\u00c3\u00aancias - Padre Adriano Zandon\u00c3\u00a1 (29\/08\/15)\" width=\"600\" height=\"338\" src=\"https:\/\/www.youtube.com\/embed\/SEeyJgI8jFU?feature=oembed&amp;rel=0\" frameborder=\"0\" allow=\"accelerometer; autoplay; clipboard-write; encrypted-media; gyroscope; picture-in-picture; web-share\" referrerpolicy=\"strict-origin-when-cross-origin\" allowfullscreen><\/iframe><\/p>\n<h2 style=\"text-align: center\"><span style=\"color: #0000ff\"><strong><em>\u00a0Sa\u00edda: 20 de maio de 2022<\/em><\/strong><\/span><\/h2>\n<h3 style=\"text-align: center\"><\/h3>\n<h3 style=\"text-align: center\"><strong>SER\u00c3O 12 DIAS DE MUITA ESPIRITUALIDADE EM\u00a0<\/strong><strong>UM ROTEIRO <\/strong><\/h3>\n<h3 style=\"text-align: center\"><strong>ESPECIAL PREPARADO PARA VOC\u00ca!!!<\/strong><\/h3>\n<h3 style=\"text-align: left\"><\/h3>\n<p>&nbsp;<\/p>\n<div id=\"attachment_15316\" style=\"width: 204px\" class=\"wp-caption alignleft\"><img loading=\"lazy\" decoding=\"async\" aria-describedby=\"caption-attachment-15316\" class=\"wp-image-15316\" src=\"http:\/\/blog.cancaonova.com\/peregrinacoes\/files\/2017\/03\/russia3-300x300.jpg\" alt=\"russia3\" width=\"194\" height=\"194\" srcset=\"https:\/\/blog.cancaonova.com\/peregrinacoes\/files\/2017\/03\/russia3-300x300.jpg 300w, https:\/\/blog.cancaonova.com\/peregrinacoes\/files\/2017\/03\/russia3-150x150.jpg 150w, https:\/\/blog.cancaonova.com\/peregrinacoes\/files\/2017\/03\/russia3-768x768.jpg 768w, https:\/\/blog.cancaonova.com\/peregrinacoes\/files\/2017\/03\/russia3.jpg 1000w\" sizes=\"(max-width: 194px) 100vw, 194px\" \/><p id=\"caption-attachment-15316\" class=\"wp-caption-text\">MOSCOU<\/p><\/div>\n<p>&#8211; S\u00e3o Paulo \/ Moscou<br \/>\nEmbarque para Moscou (R\u00fassia) com as devidas conex\u00f5es.<\/p>\n<p>\u2013\u00a0Moscou<br \/>\nChegada, traslado imediato ao hotel. Acomoda\u00e7\u00e3o no hotel. Jantar e pernoite.<\/p>\n<p>\u2013 Moscou<br \/>\nAp\u00f3s caf\u00e9 da manh\u00e3, visita do famoso recinto amuralhado do Kremlin (antiga resid\u00eancia dos Czares Russos e da Arm\u00eania). Um dos mais antigos museus na R\u00fassia de arte decorativa aplicada, c\u00e2mara do tesouro, \u00fanica em seu g\u00eanero mundialmente conhecida, a qual abriga as melhores obras de arte decorativas russas e estrangeiras dos s\u00e9culos IV -XX. Almo\u00e7o. Tarde: Visita a Pra\u00e7a da Catedral, Catedral da Assump\u00e7\u00e3o (a mais importante da R\u00fassia), San Miguel Arcanjo, Pantheon dos Pr\u00edncipes. Retorno ao hotel, jantar e pernoite.<\/p>\n<div id=\"attachment_15317\" style=\"width: 202px\" class=\"wp-caption alignright\"><img loading=\"lazy\" decoding=\"async\" aria-describedby=\"caption-attachment-15317\" class=\"wp-image-15317 \" src=\"http:\/\/blog.cancaonova.com\/peregrinacoes\/files\/2017\/03\/budapest1-300x300.jpg\" alt=\"budapest1\" width=\"192\" height=\"192\" srcset=\"https:\/\/blog.cancaonova.com\/peregrinacoes\/files\/2017\/03\/budapest1-300x300.jpg 300w, https:\/\/blog.cancaonova.com\/peregrinacoes\/files\/2017\/03\/budapest1-150x150.jpg 150w, https:\/\/blog.cancaonova.com\/peregrinacoes\/files\/2017\/03\/budapest1-768x768.jpg 768w, https:\/\/blog.cancaonova.com\/peregrinacoes\/files\/2017\/03\/budapest1.jpg 1000w\" sizes=\"(max-width: 192px) 100vw, 192px\" \/><p id=\"caption-attachment-15317\" class=\"wp-caption-text\">BUDAPESTE<\/p><\/div>\n<p>\u2013 Moscou<br \/>\nAp\u00f3s caf\u00e9 da manh\u00e3, visitaremos a Pra\u00e7a Vermelha, Catedral da Intercess\u00e3o, Bas\u00edlica de S\u00e3o Bas\u00edlio. Almo\u00e7o. Tarde: Visita ao metr\u00f4 de Moscou, na esta\u00e7\u00e3o Maiakosvskaya. Retorno ao hotel, jantar e pernoite.<\/p>\n<p>&#8211; Moscou \/ Budapeste<br \/>\nTraslado ao aeroporto. Embarque para Budapeste. Chegada, traslado ao hotel. Acomoda\u00e7\u00e3o, jantar e pernoite.<\/p>\n<p>\u2013 Budapeste<br \/>\nAp\u00f3s caf\u00e9 da manh\u00e3, city-tour pelas duas cidades Buda e Pest, que conformam a capital Budapest. Pal\u00e1cio real, Igreja de S\u00e3o Matias, Hotel Gellert que lembra um m\u00e1rtir do cristianismo, o Bispo Gellert, colocado num tonel e jogado no rio Dan\u00fabio. Em Pest visitaremos a Igreja S. Estev\u00e3o, Parlamento, Castelo Vajdahunyad. Retorno ao hotel, jantar e pernoite.<\/p>\n<div id=\"attachment_15318\" style=\"width: 187px\" class=\"wp-caption alignleft\"><img loading=\"lazy\" decoding=\"async\" aria-describedby=\"caption-attachment-15318\" class=\"wp-image-15318\" src=\"http:\/\/blog.cancaonova.com\/peregrinacoes\/files\/2017\/03\/viena1-300x300.jpg\" alt=\"viena1\" width=\"177\" height=\"177\" srcset=\"https:\/\/blog.cancaonova.com\/peregrinacoes\/files\/2017\/03\/viena1-300x300.jpg 300w, https:\/\/blog.cancaonova.com\/peregrinacoes\/files\/2017\/03\/viena1-150x150.jpg 150w, https:\/\/blog.cancaonova.com\/peregrinacoes\/files\/2017\/03\/viena1-768x768.jpg 768w, https:\/\/blog.cancaonova.com\/peregrinacoes\/files\/2017\/03\/viena1.jpg 1000w\" sizes=\"(max-width: 177px) 100vw, 177px\" \/><p id=\"caption-attachment-15318\" class=\"wp-caption-text\">VIENA<\/p><\/div>\n<p>&#8211; Budapeste \/ Viena<br \/>\nAp\u00f3s caf\u00e9 da manh\u00e3, sa\u00edda para a \u00c1ustria, admirando as incr\u00edveis paisagens centro-europ\u00e9ias. Chegada, visita panor\u00e2mica pela cidade. Pal\u00e1cio Belvedere, onde teremos tempo para apreciar os jardins, e a vista de toda a cidade a Viena. Acomoda\u00e7\u00e3o no hotel, jantar e pernoite.<\/p>\n<p>\u2013 Viena<br \/>\nAp\u00f3s caf\u00e9 da manh\u00e3, Visita a Catedral de Santo Estev\u00e3o, Pal\u00e1cio de Schon Brunn (Sisi). Tarde livre. Jantar. A noite sugerimos como opcional um concerto de valsas no Kursalon. Pernoite.<\/p>\n<p>&#8211; Viena \/ Praga<br \/>\nAp\u00f3s caf\u00e9 da manh\u00e3, sa\u00edda para Praga, na Rep\u00fablica Tcheca. Chegada, traslado ao hotel. Acomoda\u00e7\u00e3o no hotel. Jantar e pernoite.<\/p>\n<p>\u2013 Praga<br \/>\nAp\u00f3s caf\u00e9 da manh\u00e3,visita \u00e0 Catedral de S\u00e3o Vito, a Igreja de N. Senhora da Vit\u00f3ria (imagem do Menino Jesus de Praga), a Igreja de Loreto, ruela de ouro. Tarde livre. Retorno ao hotel, jantar e pernoite.<\/p>\n<div id=\"attachment_15320\" style=\"width: 181px\" class=\"wp-caption alignright\"><img loading=\"lazy\" decoding=\"async\" aria-describedby=\"caption-attachment-15320\" class=\"wp-image-15320 \" src=\"http:\/\/blog.cancaonova.com\/peregrinacoes\/files\/2017\/03\/12-300x300.jpg\" alt=\"12\" width=\"171\" height=\"171\" srcset=\"https:\/\/blog.cancaonova.com\/peregrinacoes\/files\/2017\/03\/12-300x300.jpg 300w, https:\/\/blog.cancaonova.com\/peregrinacoes\/files\/2017\/03\/12-150x150.jpg 150w, https:\/\/blog.cancaonova.com\/peregrinacoes\/files\/2017\/03\/12-768x768.jpg 768w, https:\/\/blog.cancaonova.com\/peregrinacoes\/files\/2017\/03\/12.jpg 1000w\" sizes=\"(max-width: 171px) 100vw, 171px\" \/><p id=\"caption-attachment-15320\" class=\"wp-caption-text\">PRAGA<\/p><\/div>\n<p>\u2013 Praga<br \/>\nAp\u00f3s caf\u00e9 da manh\u00e3, passeio pela Ponte Carlos IV, Pra\u00e7a da Cidade Velha, Torre da Prefeitura e seu famoso rel\u00f3gio. Tarde livre. Retorno ao hotel, jantar e pernoite.<\/p>\n<p>&#8211; Praga \/ S\u00e3o Paulo<br \/>\nTraslado ao aeroporto. Embarque para S\u00e3o Paulo com as devidas conex\u00f5es.<\/p>\n<p>Fim dos nossos servi\u00e7os.<\/p>\n<p style=\"text-align: center\"><strong>MAIS INFORMA\u00c7\u00d5ES:<\/strong><\/p>\n<p style=\"text-align: center\"><strong><img loading=\"lazy\" decoding=\"async\" class=\"size-medium wp-image-15907 aligncenter\" src=\"http:\/\/blog.cancaonova.com\/peregrinacoes\/files\/2018\/08\/Logo-Caminhando-com-Maria-01-300x108.png\" alt=\"\" width=\"300\" height=\"108\" srcset=\"https:\/\/blog.cancaonova.com\/peregrinacoes\/files\/2018\/08\/Logo-Caminhando-com-Maria-01-300x108.png 300w, https:\/\/blog.cancaonova.com\/peregrinacoes\/files\/2018\/08\/Logo-Caminhando-com-Maria-01-768x277.png 768w, https:\/\/blog.cancaonova.com\/peregrinacoes\/files\/2018\/08\/Logo-Caminhando-com-Maria-01-1024x369.png 1024w, https:\/\/blog.cancaonova.com\/peregrinacoes\/files\/2018\/08\/Logo-Caminhando-com-Maria-01.png 1131w\" sizes=\"(max-width: 300px) 100vw, 300px\" \/>\u00a0Mais que viagens\u2026 Encontros com Deus!<\/strong><\/p>\n<p style=\"text-align: center\"><strong>Contatos:<\/strong><\/p>\n<p style=\"text-align: center\">\u260e\u00a0(12) 3186-2055<br \/>\n\u2709\u00a0peregrinacoes@cancaonova.com<br \/>\n\ud83d\udcf1\u00a0Whatsapp \u2013 Atendimento Expresso das 09 as 16:00 hrs<\/p>\n<p><strong>\u00a0<\/strong><\/p>\n<p style=\"text-align: center\"><span style=\"color: #305174\"><strong>MAIS QUE VIAGENS, ENCONTROS COM DEUS!<\/strong><\/span><\/p>\n","protected":false},"excerpt":{"rendered":"<p>R\u00daSSIA E LESTE EUROPEU Em 2022 \u00e9 possivel!!! Com Pe. Adriano Zandon\u00e1 \u00a0Sa\u00edda: 20 de maio de 2022 SER\u00c3O 12 DIAS DE MUITA ESPIRITUALIDADE EM\u00a0UM ROTEIRO ESPECIAL PREPARADO PARA VOC\u00ca!!! &nbsp; &#8211; S\u00e3o Paulo \/ Moscou Embarque para Moscou (R\u00fassia)&#8230;<\/p>\n","protected":false},"author":4472,"featured_media":15318,"comment_status":"open","ping_status":"closed","sticky":false,"template":"","format":"standard","meta":{"_mi_skip_tracking":false,"_monsterinsights_sitenote_active":false,"_monsterinsights_sitenote_note":"","_monsterinsights_sitenote_category":0,"footnotes":""},"categories":[2061,19431],"tags":[178716,2061,38962],"_links":{"self":[{"href":"https:\/\/blog.cancaonova.com\/peregrinacoes\/wp-json\/wp\/v2\/posts\/15312"}],"collection":[{"href":"https:\/\/blog.cancaonova.com\/peregrinacoes\/wp-json\/wp\/v2\/posts"}],"about":[{"href":"https:\/\/blog.cancaonova.com\/peregrinacoes\/wp-json\/wp\/v2\/types\/post"}],"author":[{"embeddable":true,"href":"https:\/\/blog.cancaonova.com\/peregrinacoes\/wp-json\/wp\/v2\/users\/4472"}],"replies":[{"embeddable":true,"href":"https:\/\/blog.cancaonova.com\/peregrinacoes\/wp-json\/wp\/v2\/comments?post=15312"}],"version-history":[{"count":27,"href":"https:\/\/blog.cancaonova.com\/peregrinacoes\/wp-json\/wp\/v2\/posts\/15312\/revisions"}],"predecessor-version":[{"id":16821,"href":"https:\/\/blog.cancaonova.com\/peregrinacoes\/wp-json\/wp\/v2\/posts\/15312\/revisions\/16821"}],"wp:featuredmedia":[{"embeddable":true,"href":"https:\/\/blog.cancaonova.com\/peregrinacoes\/wp-json\/wp\/v2\/media\/15318"}],"wp:attachment":[{"href":"https:\/\/blog.cancaonova.com\/peregrinacoes\/wp-json\/wp\/v2\/media?parent=15312"}],"wp:term":[{"taxonomy":"category","embeddable":true,"href":"https:\/\/blog.cancaonova.com\/peregrinacoes\/wp-json\/wp\/v2\/categories?post=15312"},{"taxonomy":"post_tag","embeddable":true,"href":"https:\/\/blog.cancaonova.com\/peregrinacoes\/wp-json\/wp\/v2\/tags?post=15312"}],"curies":[{"name":"wp","href":"https:\/\/api.w.org\/{rel}","templated":true}]}}