{"id":17024,"date":"2023-10-27T15:44:23","date_gmt":"2023-10-27T18:44:23","guid":{"rendered":"http:\/\/blog.cancaonova.com\/peregrinacoes\/?p=17024"},"modified":"2023-11-14T12:15:16","modified_gmt":"2023-11-14T15:15:16","slug":"peregrinar-em-espirito-de-oracao","status":"publish","type":"post","link":"https:\/\/blog.cancaonova.com\/peregrinacoes\/2023\/10\/27\/peregrinar-em-espirito-de-oracao\/","title":{"rendered":"Peregrinar \u00e9 deslocar-se em esp\u00edrito de ora\u00e7\u00e3o."},"content":{"rendered":"<p style=\"text-align: center\">O termo &#8220;peregrinar&#8221; na Igreja Cat\u00f3lica se refere a uma pr\u00e1tica religiosa em que os fi\u00e9is fazem uma viagem de peregrina\u00e7\u00e3o a um local sagrado.Geralmente um\u00a0santu\u00e1rio, uma bas\u00edlica, uma catedral ou outro local de import\u00e2ncia religiosa.<\/p>\n<p style=\"text-align: center\">Essas peregrina\u00e7\u00f5es t\u00eam um significado espiritual e podem ser realizadas por v\u00e1rias raz\u00f5es, incluindo o desejo de buscar perd\u00e3o, aprofundar a f\u00e9, ou cumprir promessas feitas a Deus.<\/p>\n<p style=\"text-align: center\"><sup><img loading=\"lazy\" decoding=\"async\" class=\"alignright size-medium wp-image-17029\" src=\"http:\/\/blog.cancaonova.com\/peregrinacoes\/files\/2023\/10\/Screenshot_20231027_190800_Instagram-300x262.jpg\" alt=\"\" width=\"300\" height=\"262\" srcset=\"https:\/\/blog.cancaonova.com\/peregrinacoes\/files\/2023\/10\/Screenshot_20231027_190800_Instagram-300x262.jpg 300w, https:\/\/blog.cancaonova.com\/peregrinacoes\/files\/2023\/10\/Screenshot_20231027_190800_Instagram-768x672.jpg 768w, https:\/\/blog.cancaonova.com\/peregrinacoes\/files\/2023\/10\/Screenshot_20231027_190800_Instagram-1024x896.jpg 1024w, https:\/\/blog.cancaonova.com\/peregrinacoes\/files\/2023\/10\/Screenshot_20231027_190800_Instagram.jpg 1079w\" sizes=\"(max-width: 300px) 100vw, 300px\" \/><\/sup><br \/>\nDeslocar-se, em esp\u00edrito de ora\u00e7\u00e3o, de um lugar a outro, de uma cidade a<br \/>\noutra, naquele espa\u00e7o particularmente marcado pelas interven\u00e7\u00f5es de Deus, ajuda-nos n\u00e3o s\u00f3 a viver a nossa vida como um caminho, mas apresenta aos nossos olhos a ideia de um Deus que nos precedeu e precede, que Se p\u00f4s, Ele mesmo, a caminho pelas estradas do homem, um Deus que n\u00e3o nos olha de cima, mas fez-se nosso companheiro de viagem.<br \/>\nAssim a peregrina\u00e7\u00e3o aos Lugares Santos torna-se uma experi\u00eancia extraordinariamente<br \/>\nsignificativa. (S\u00e3o Jo\u00e3o Paulo II)<\/p>\n<p style=\"text-align: center\"><img loading=\"lazy\" decoding=\"async\" class=\"aligncenter wp-image-17026 size-medium\" src=\"http:\/\/blog.cancaonova.com\/peregrinacoes\/files\/2023\/10\/Screenshot_20231027_190707_Instagram-234x300.jpg\" alt=\"Peregrinos\" width=\"234\" height=\"300\" srcset=\"https:\/\/blog.cancaonova.com\/peregrinacoes\/files\/2023\/10\/Screenshot_20231027_190707_Instagram-234x300.jpg 234w, https:\/\/blog.cancaonova.com\/peregrinacoes\/files\/2023\/10\/Screenshot_20231027_190707_Instagram-768x983.jpg 768w, https:\/\/blog.cancaonova.com\/peregrinacoes\/files\/2023\/10\/Screenshot_20231027_190707_Instagram-800x1024.jpg 800w, https:\/\/blog.cancaonova.com\/peregrinacoes\/files\/2023\/10\/Screenshot_20231027_190707_Instagram.jpg 1080w\" sizes=\"(max-width: 234px) 100vw, 234px\" \/><\/p>\n<p style=\"text-align: center\">No Evangelho, Jesus aparece-nos sempre em caminho. Parece que Ele tem<br \/>\npressa de passar dum lugar a outro para anunciar que o Reino de Deus est\u00e1 pr\u00f3ximo.<\/p>\n<p style=\"text-align: center\">Anuncia e chama. Aquele \u00absegue-Me\u00bb que era a sua forma de chamar mereceu a pronta ades\u00e3o dos Ap\u00f3stolos (cf. Mc 1, 16-20). Deste modo n\u00f3s tamb\u00e9m somos todos peregrinos nesta terra e por isso tamb\u00e9m buscamos fazer esta experi\u00eancia de peregrinar. Ao longo da hist\u00f3ria a gra\u00e7a de Deus vai se manifestando, passando pelo Antigo e Novo Testamento<br \/>\nat\u00e9 os dias de hoje no tempo da Igreja. Seu amor se revela a n\u00f3s no caminho tra\u00e7ado pelos profetas, pelo povo de Deus que saiu do Egito, pelo pr\u00f3prio Filho de Deus encarnado, atrav\u00e9s dos ap\u00f3stolos, dos m\u00e1rtires e dos santos.<\/p>\n<p style=\"text-align: center\"><img loading=\"lazy\" decoding=\"async\" class=\"alignright wp-image-17027 size-medium\" src=\"http:\/\/blog.cancaonova.com\/peregrinacoes\/files\/2023\/10\/Screenshot_20231027_190733_Instagram-1-300x253.jpg\" alt=\"Mar da galileia\" width=\"300\" height=\"253\" srcset=\"https:\/\/blog.cancaonova.com\/peregrinacoes\/files\/2023\/10\/Screenshot_20231027_190733_Instagram-1-300x253.jpg 300w, https:\/\/blog.cancaonova.com\/peregrinacoes\/files\/2023\/10\/Screenshot_20231027_190733_Instagram-1-768x648.jpg 768w, https:\/\/blog.cancaonova.com\/peregrinacoes\/files\/2023\/10\/Screenshot_20231027_190733_Instagram-1-1024x864.jpg 1024w, https:\/\/blog.cancaonova.com\/peregrinacoes\/files\/2023\/10\/Screenshot_20231027_190733_Instagram-1.jpg 1040w\" sizes=\"(max-width: 300px) 100vw, 300px\" \/><\/p>\n<p style=\"text-align: center\">Estando sempre a caminho, como peregrinos, podemos vivenciar experi\u00eancias incr\u00edveis nos lugares santos e nos santu\u00e1rios no Brasil e no mundo.<br \/>\nA Terra Santa \u00e9 um dos locais mais preferidos dos crist\u00e3os, onde visitamos os locais que marcam a hist\u00f3ria da nossa salva\u00e7\u00e3o. Al\u00e9m da Terra Santa podemos tamb\u00e9m citar a Bas\u00edlica de S\u00e3o Pedro no Vaticano, o Santu\u00e1rio de Nossa Senhora de F\u00e1tima em Portugal, o Santu\u00e1rio de Lourdes na Fran\u00e7a, e muitos outros.<\/p>\n<p>&nbsp;<\/p>\n<p style=\"text-align: center\">A peregrina\u00e7\u00e3o \u00e9 uma oportunidade especial dos fi\u00e9is adentrarem num caminho de penit\u00eancia e vida sacramental, atrav\u00e9s das atividades espirituais pr\u00f3pria de cada santu\u00e1rio<\/p>\n<p style=\"text-align: center\">As peregrina\u00e7\u00f5es s\u00e3o uma parte importante da tradi\u00e7\u00e3o cat\u00f3lica e t\u00eam sido realizadas por s\u00e9culos como uma forma de expressar devo\u00e7\u00e3o e buscar uma conex\u00e3o mais profunda com Deus.<\/p>\n<div id=\"attachment_17028\" style=\"width: 235px\" class=\"wp-caption aligncenter\"><a href=\"http:\/\/blog.cancaonova.com\/peregrinacoes\/files\/2023\/10\/IMG-20231026-WA0049.jpg\"><img loading=\"lazy\" decoding=\"async\" aria-describedby=\"caption-attachment-17028\" class=\"wp-image-17028 size-medium\" src=\"http:\/\/blog.cancaonova.com\/peregrinacoes\/files\/2023\/10\/IMG-20231026-WA0049-225x300.jpg\" alt=\"\" width=\"225\" height=\"300\" srcset=\"https:\/\/blog.cancaonova.com\/peregrinacoes\/files\/2023\/10\/IMG-20231026-WA0049-225x300.jpg 225w, https:\/\/blog.cancaonova.com\/peregrinacoes\/files\/2023\/10\/IMG-20231026-WA0049-768x1024.jpg 768w, https:\/\/blog.cancaonova.com\/peregrinacoes\/files\/2023\/10\/IMG-20231026-WA0049-150x200.jpg 150w, https:\/\/blog.cancaonova.com\/peregrinacoes\/files\/2023\/10\/IMG-20231026-WA0049.jpg 1536w\" sizes=\"(max-width: 225px) 100vw, 225px\" \/><\/a><p id=\"caption-attachment-17028\" class=\"wp-caption-text\">Severino J\u00fanior &#8211; Mission\u00e1rio Obra de Maria<\/p><\/div>\n<p>&nbsp;<\/p>\n","protected":false},"excerpt":{"rendered":"<p>O termo &#8220;peregrinar&#8221; na Igreja Cat\u00f3lica se refere a uma pr\u00e1tica religiosa em que os fi\u00e9is fazem uma viagem de peregrina\u00e7\u00e3o a um local sagrado.Geralmente um\u00a0santu\u00e1rio, uma bas\u00edlica, uma catedral ou outro local de import\u00e2ncia religiosa. Essas peregrina\u00e7\u00f5es t\u00eam um&#8230;<\/p>\n","protected":false},"author":4472,"featured_media":17028,"comment_status":"open","ping_status":"closed","sticky":false,"template":"","format":"standard","meta":{"_mi_skip_tracking":false,"_monsterinsights_sitenote_active":false,"_monsterinsights_sitenote_note":"","_monsterinsights_sitenote_category":0,"footnotes":""},"categories":[1281,5041,101],"tags":[18285],"_links":{"self":[{"href":"https:\/\/blog.cancaonova.com\/peregrinacoes\/wp-json\/wp\/v2\/posts\/17024"}],"collection":[{"href":"https:\/\/blog.cancaonova.com\/peregrinacoes\/wp-json\/wp\/v2\/posts"}],"about":[{"href":"https:\/\/blog.cancaonova.com\/peregrinacoes\/wp-json\/wp\/v2\/types\/post"}],"author":[{"embeddable":true,"href":"https:\/\/blog.cancaonova.com\/peregrinacoes\/wp-json\/wp\/v2\/users\/4472"}],"replies":[{"embeddable":true,"href":"https:\/\/blog.cancaonova.com\/peregrinacoes\/wp-json\/wp\/v2\/comments?post=17024"}],"version-history":[{"count":1,"href":"https:\/\/blog.cancaonova.com\/peregrinacoes\/wp-json\/wp\/v2\/posts\/17024\/revisions"}],"predecessor-version":[{"id":17031,"href":"https:\/\/blog.cancaonova.com\/peregrinacoes\/wp-json\/wp\/v2\/posts\/17024\/revisions\/17031"}],"wp:featuredmedia":[{"embeddable":true,"href":"https:\/\/blog.cancaonova.com\/peregrinacoes\/wp-json\/wp\/v2\/media\/17028"}],"wp:attachment":[{"href":"https:\/\/blog.cancaonova.com\/peregrinacoes\/wp-json\/wp\/v2\/media?parent=17024"}],"wp:term":[{"taxonomy":"category","embeddable":true,"href":"https:\/\/blog.cancaonova.com\/peregrinacoes\/wp-json\/wp\/v2\/categories?post=17024"},{"taxonomy":"post_tag","embeddable":true,"href":"https:\/\/blog.cancaonova.com\/peregrinacoes\/wp-json\/wp\/v2\/tags?post=17024"}],"curies":[{"name":"wp","href":"https:\/\/api.w.org\/{rel}","templated":true}]}}