{"id":17066,"date":"2023-12-11T12:37:11","date_gmt":"2023-12-11T15:37:11","guid":{"rendered":"http:\/\/blog.cancaonova.com\/peregrinacoes\/?p=17066"},"modified":"2023-12-11T16:01:59","modified_gmt":"2023-12-11T19:01:59","slug":"o-dia-12-de-dezembro-guadalupe","status":"publish","type":"post","link":"https:\/\/blog.cancaonova.com\/peregrinacoes\/2023\/12\/11\/o-dia-12-de-dezembro-guadalupe\/","title":{"rendered":"Nossa Senhora de Guadalupe, rogai por n\u00f3s!"},"content":{"rendered":"<h2 style=\"text-align: center\">O dia 12 de\u00a0 dezembro!<\/h2>\n<p>&nbsp;<\/p>\n<p><a href=\"http:\/\/blog.cancaonova.com\/peregrinacoes\/files\/2023\/12\/juan-guadalupe.jpg\"><img loading=\"lazy\" decoding=\"async\" class=\" wp-image-17067 alignright\" src=\"http:\/\/blog.cancaonova.com\/peregrinacoes\/files\/2023\/12\/juan-guadalupe-300x164.jpg\" alt=\"\" width=\"428\" height=\"234\" srcset=\"https:\/\/blog.cancaonova.com\/peregrinacoes\/files\/2023\/12\/juan-guadalupe-300x164.jpg 300w, https:\/\/blog.cancaonova.com\/peregrinacoes\/files\/2023\/12\/juan-guadalupe.jpg 641w\" sizes=\"(max-width: 428px) 100vw, 428px\" \/><\/a>Nossa Senhora de Guadalupe apareceu no M\u00e9xico, em dezembro de 1531, para um \u00edndio chamado Juan Diego. Ela queria que um santu\u00e1rio fosse constru\u00eddo naquele local, ent\u00e3o, pediu que o ind\u00edgena recolhesse algumas rosas de Castela em seu manto e levasse ao arcebispo dom Juan de Zum\u00e1rraga como prova das apari\u00e7\u00f5es.Ao descerrar a \u201ctilma\u201d diante do bispo\u00a0 atapetou-se o assoalho de flores. Estas jaziam-lhe aos p\u00e9s, ainda cintilantes de orvalho, e a reacender seu delicado perfume.Juan com o cora\u00e7\u00e3o a pulsar violento, contemplava a beleza das rosas. Mas, ergueu os olhos, ao ver o bispo cair-lhe de joelhos diante, e orar. L\u00e1grimas semelhantes \u00e0s gotas de orvalho das rosas, escorriam-lhe dos olhos. Tinha os olhos fitos, n\u00e3o nas rosas, mas no interior da \u201ctilma\u201d. L\u00e1 estava impressa a Imagem da Virgem Sant\u00edssima, tal qual a vira em Tepeyac. Um milagre aos nossos olhos.<br \/>\nEstar no Santu\u00e1rio e contemplar a imagem de Nossa Senhora de Guadalupe a \u00fanica imagem desenhada de forma extraordin\u00e1ria\u00a0 por Deus \u00e9 uma experi\u00eancia muito forte que por si s\u00f3 nos convida a confiar no Deus do imposs\u00edvel. E qual \u00e9 seu imposs\u00edvel ?<br \/>\nDa mesma forma que falou com Juan Diego Nossa Senhora quer como m\u00e3e nos reunir junto dela para falar ao nosso cora\u00e7\u00e3o. Porque choras ? \u201cN\u00e3o estou eu aqui, que sou tua m\u00e3e?\u201d.<\/p>\n<p><a href=\"http:\/\/blog.cancaonova.com\/peregrinacoes\/files\/2013\/09\/guadalupe.jpg\"><img loading=\"lazy\" decoding=\"async\" class=\"size-medium wp-image-13548 alignleft\" src=\"http:\/\/blog.cancaonova.com\/peregrinacoes\/files\/2013\/09\/guadalupe-300x185.jpg\" alt=\"\" width=\"300\" height=\"185\" srcset=\"https:\/\/blog.cancaonova.com\/peregrinacoes\/files\/2013\/09\/guadalupe-300x185.jpg 300w, https:\/\/blog.cancaonova.com\/peregrinacoes\/files\/2013\/09\/guadalupe-1024x633.jpg 1024w, https:\/\/blog.cancaonova.com\/peregrinacoes\/files\/2013\/09\/guadalupe.jpg 1413w\" sizes=\"(max-width: 300px) 100vw, 300px\" \/><\/a>Em minha caminhada crist\u00e3 posso testemunhar a presen\u00e7a materna de Maria que de muitas formas simples mostra seu olhar misericordioso e seu cuidado de m\u00e3e. \u00c9 uma presen\u00e7a silenciosa mas muito real e concreta .<br \/>\nQuando muitas vezes achei que n\u00e3o tinha mais jeito eu vi com os olhos da f\u00e9 Nossa Senhora chegando me levantando do des\u00e2nimo e da falta de f\u00e9 . E as gra\u00e7as foram derramadas . Ao passar pois dois abortos naturais eu vi\u00a0 Nossa Senhora na situa\u00e7\u00e3o\u00a0 dizendo ao meu cora\u00e7\u00e3o\u00a0 vai dar certo , confia! E pra alegria da nossa fam\u00edlia vieram nossas rosas: Maria e Mariane uma nascida m\u00eas de maio dia de Nossa Senhora Auxiliadora\u00a0 e outra no m\u00eas do r\u00f3sario no dia de Nossa Senhora do Ros\u00e1rio. Para n\u00f3s sinais vis\u00edveis da presen\u00e7a discreta da m\u00e3e conosco!<br \/>\nSe voc\u00ea deseja crescer nesta intimidade com a Virgem Maria eu te convido a peregrinar para o Santu\u00e1rio de Nossa Senhora de Guadalupe .\u00a0 Vai ser lindo estar pela primeira vez neste santu\u00e1rio ao seu lado com o desejo de receber o abra\u00e7o da m\u00e3e do c\u00e9u que pediu a constru\u00e7\u00e3o deste santu\u00e1rio pra demostrar seu amor materno e nos conduzir ao Deus do imposs\u00edvel.<\/p>\n<h2 style=\"text-align: center\">Ora\u00e7\u00e3o<\/h2>\n<p><a href=\"http:\/\/blog.cancaonova.com\/peregrinacoes\/files\/2007\/10\/Manto-Guadalupe_sml.jpg\"><img loading=\"lazy\" decoding=\"async\" class=\"size-medium wp-image-13350 alignright\" src=\"http:\/\/blog.cancaonova.com\/peregrinacoes\/files\/2007\/10\/Manto-Guadalupe_sml-175x300.jpg\" alt=\"\" width=\"175\" height=\"300\" srcset=\"https:\/\/blog.cancaonova.com\/peregrinacoes\/files\/2007\/10\/Manto-Guadalupe_sml-175x300.jpg 175w, https:\/\/blog.cancaonova.com\/peregrinacoes\/files\/2007\/10\/Manto-Guadalupe_sml.jpg 192w\" sizes=\"(max-width: 175px) 100vw, 175px\" \/><\/a>Sant\u00edssima M\u00e3e de Guadalupe, que mostrastes vosso amore vossa ternura aos povos do continente americano, cumulai de alegria e de esperan\u00e7a a todos os povos e a todas as fam\u00edlias do mundo<br \/>\nA V\u00f3s, que precedeis e guiais nosso caminho de f\u00e9 rumo \u00e0 p\u00e1tria eterna, encomendamos as alegrias, os projetos, as preocupa\u00e7\u00f5es e os anelos de todas as fam\u00edlias<br \/>\nOh Maria, a V\u00f3s recorremos confiando em vossa ternura de M\u00e3e. N\u00e3o deixeis de ouviras preces que vos dirigimos pelas fam\u00edlias de todo o mundo neste crucial per\u00edodo da Hist\u00f3ria, pelo contr\u00e1rio, acolhei-nos em vosso cora\u00e7\u00e3o de M\u00e3e e acompanhai-nos em nosso caminho rumo \u00e0 p\u00e1tria celeste. Am\u00e9m.<\/p>\n<p>Nossa Senhora de Guadalupe, rogai por n\u00f3s!<\/p>\n<p>(Ora\u00e7\u00e3o do Papa Bento XVI para o encerramento do VI Encontro Mundial das Fam\u00edlias no M\u00e9xico em 18 de janeiro de 2009)<\/p>\n","protected":false},"excerpt":{"rendered":"<p>O dia 12 de\u00a0 dezembro! &nbsp; Nossa Senhora de Guadalupe apareceu no M\u00e9xico, em dezembro de 1531, para um \u00edndio chamado Juan Diego. Ela queria que um santu\u00e1rio fosse constru\u00eddo naquele local, ent\u00e3o, pediu que o ind\u00edgena recolhesse algumas rosas&#8230;<\/p>\n","protected":false},"author":4782,"featured_media":17067,"comment_status":"open","ping_status":"closed","sticky":false,"template":"","format":"standard","meta":{"_mi_skip_tracking":false,"_monsterinsights_sitenote_active":false,"_monsterinsights_sitenote_note":"","_monsterinsights_sitenote_category":0,"footnotes":""},"categories":[16832],"tags":[],"_links":{"self":[{"href":"https:\/\/blog.cancaonova.com\/peregrinacoes\/wp-json\/wp\/v2\/posts\/17066"}],"collection":[{"href":"https:\/\/blog.cancaonova.com\/peregrinacoes\/wp-json\/wp\/v2\/posts"}],"about":[{"href":"https:\/\/blog.cancaonova.com\/peregrinacoes\/wp-json\/wp\/v2\/types\/post"}],"author":[{"embeddable":true,"href":"https:\/\/blog.cancaonova.com\/peregrinacoes\/wp-json\/wp\/v2\/users\/4782"}],"replies":[{"embeddable":true,"href":"https:\/\/blog.cancaonova.com\/peregrinacoes\/wp-json\/wp\/v2\/comments?post=17066"}],"version-history":[{"count":2,"href":"https:\/\/blog.cancaonova.com\/peregrinacoes\/wp-json\/wp\/v2\/posts\/17066\/revisions"}],"predecessor-version":[{"id":17069,"href":"https:\/\/blog.cancaonova.com\/peregrinacoes\/wp-json\/wp\/v2\/posts\/17066\/revisions\/17069"}],"wp:featuredmedia":[{"embeddable":true,"href":"https:\/\/blog.cancaonova.com\/peregrinacoes\/wp-json\/wp\/v2\/media\/17067"}],"wp:attachment":[{"href":"https:\/\/blog.cancaonova.com\/peregrinacoes\/wp-json\/wp\/v2\/media?parent=17066"}],"wp:term":[{"taxonomy":"category","embeddable":true,"href":"https:\/\/blog.cancaonova.com\/peregrinacoes\/wp-json\/wp\/v2\/categories?post=17066"},{"taxonomy":"post_tag","embeddable":true,"href":"https:\/\/blog.cancaonova.com\/peregrinacoes\/wp-json\/wp\/v2\/tags?post=17066"}],"curies":[{"name":"wp","href":"https:\/\/api.w.org\/{rel}","templated":true}]}}