{"id":1831,"date":"2013-03-14T08:34:19","date_gmt":"2013-03-14T10:34:19","guid":{"rendered":"http:\/\/blog.cancaonova.com\/peregrinacoes\/2007\/09\/14\/campanha-contra-o-aborto-deixe-viver-e-viva\/"},"modified":"2013-03-13T11:15:09","modified_gmt":"2013-03-13T13:15:09","slug":"belem-2","status":"publish","type":"post","link":"https:\/\/blog.cancaonova.com\/peregrinacoes\/2013\/03\/14\/belem-2\/","title":{"rendered":"Bel\u00e9m.."},"content":{"rendered":"<p style=\"text-align: center\"><a href=\"http:\/\/blog.cancaonova.com\/peregrinacoes\/files\/2007\/09\/13_03_2013_10_15_51.jpg\"><img loading=\"lazy\" decoding=\"async\" class=\"aligncenter size-medium wp-image-13342\" src=\"http:\/\/blog.cancaonova.com\/peregrinacoes\/files\/2007\/09\/13_03_2013_10_15_51-300x199.jpg\" alt=\"\" width=\"300\" height=\"199\" srcset=\"https:\/\/blog.cancaonova.com\/peregrinacoes\/files\/2007\/09\/13_03_2013_10_15_51-300x199.jpg 300w, https:\/\/blog.cancaonova.com\/peregrinacoes\/files\/2007\/09\/13_03_2013_10_15_51.jpg 450w\" sizes=\"(max-width: 300px) 100vw, 300px\" \/><\/a><\/p>\n<p style=\"text-align: center\"><span style=\"color: #000080\">Bel\u00e9m \u00e9 o local onde nasceu Jesus de Nazareth. A cidade tamb\u00e9m \u00e9 a terra natal do rei Davi, e o local onde ele foi coroado rei de Israel.<\/span><\/p>\n<p style=\"text-align: center\"><span style=\"color: #000080\">A cidade \u00e9 habitada por uma das mais antigas comunidades crist\u00e3s, mesmo seu tamanho tenha se reduzido nos \u00faltimos tempos, devido \u00e0 emigra\u00e7\u00e3o.<\/span><\/p>\n<p style=\"text-align: center\"><span style=\"color: #000080\">Foi\u00a0destru\u00edda\u00a0no ano 529 d.C, e foi reconstru\u00edda pelo imperador bizantino Justiano II. As MURALHAS\u00a0da cidade foram destru\u00eddas pelos mamelucos, em 1250, e reconstru\u00eddas apenas durante o dom\u00ednio dos Otomanos.<\/span><\/p>\n<p style=\"text-align: center\"><span style=\"color: #000080\">Os otomanos\u00a0perderam a cidade para os\u00a0brit\u00e2nicos\u00a0durante a Primeira Guerra Mundial\u00a0e ela foi colocada numa zona Internacional\u00a0sob o Plano das partilhas da\u00a0Na\u00e7\u00f5es\u00a0Unidas.<\/span><\/p>\n<p style=\"text-align: center\"><span style=\"color: #000080\">Nos dias de hoje, Bel\u00e9m \u00e9 uma cidade protegida pelo muro de seguran\u00e7a israelense. O mesmo controla as entradas e sa\u00eddas de Bel\u00e9m.<\/span><\/p>\n<p style=\"text-align: center\"><strong><span style=\"color: #000080\">Nascimento de Jesus<\/span><\/strong><\/p>\n<p style=\"text-align: center\"><strong><span style=\"color: #000080\"><a href=\"http:\/\/blog.cancaonova.com\/peregrinacoes\/files\/2007\/09\/13_03_2013_10_17_00.jpg\"><img loading=\"lazy\" decoding=\"async\" class=\"aligncenter size-medium wp-image-13343\" src=\"http:\/\/blog.cancaonova.com\/peregrinacoes\/files\/2007\/09\/13_03_2013_10_17_00-300x224.jpg\" alt=\"\" width=\"300\" height=\"224\" \/><\/a><br \/>\n<\/span><\/strong><\/p>\n<p style=\"text-align: center\"><span style=\"color: #000080\">H\u00e1 uma estrela de prata marcando o local onde ocorreu o nascimento de Jesus.<\/span><\/p>\n<p style=\"text-align: center\"><span style=\"color: #000080\">No Evangelho de S\u00e3o Lucas (2, 4), encontramos a ida de Maria e Jose a Bel\u00e9m\u00a0 para o censo, e no entanto Jesus nasceu ali, em uma gruta.<\/span><\/p>\n<p style=\"text-align: center\"><span style=\"color: #000080\">Em Mateus encontramos tamb\u00e9m o nascimento do Salvador e que Herodes ao saber disso mandou matar todas as crian\u00e7as que foram menores de 2 anos (Mateus 2,1-23). Jose, tendo lhe aparecido um anjo em sonhos, tomou a Maria e Jesus e fugiu para Egito. Ficou l\u00e1 at\u00e9 a morte de Herodes e voltou para Nazareth.<\/span><\/p>\n<p style=\"text-align: center\"><span style=\"color: #000080\"><a title=\"CLIQUE AQUI\" href=\"http:\/\/www.rdpperegrinacoes.com\" target=\"_blank\">Quer conhecer mais de perto?<\/a><\/span><\/p>\n<p style=\"text-align: center\"><span style=\"color: #000080\"><a title=\"CLIQUE AQUI\" href=\"http:\/\/www.rdpperegrinacoes.com\" target=\"_blank\">Ent\u00e3o vamos, peregrinar s\u00f3 pode ser pela Obra de Maria!<\/a><\/span><\/p>\n<p style=\"text-align: center\"><span style=\"color: #000080\"><img loading=\"lazy\" decoding=\"async\" class=\"aligncenter size-medium wp-image-13344\" src=\"http:\/\/blog.cancaonova.com\/peregrinacoes\/files\/2007\/09\/barra_top1-300x54.jpg\" alt=\"\" width=\"300\" height=\"54\" srcset=\"https:\/\/blog.cancaonova.com\/peregrinacoes\/files\/2007\/09\/barra_top1-300x54.jpg 300w, https:\/\/blog.cancaonova.com\/peregrinacoes\/files\/2007\/09\/barra_top1.jpg 361w\" sizes=\"(max-width: 300px) 100vw, 300px\" \/><br \/>\n<\/span><\/p>\n","protected":false},"excerpt":{"rendered":"<p>Bel\u00e9m \u00e9 o local onde nasceu Jesus de Nazareth. A cidade tamb\u00e9m \u00e9 a terra natal do rei Davi, e o local onde ele foi coroado rei de Israel. A cidade \u00e9 habitada por uma das mais antigas comunidades crist\u00e3s,&#8230;<\/p>\n","protected":false},"author":4472,"featured_media":0,"comment_status":"open","ping_status":"open","sticky":false,"template":"","format":"standard","meta":{"_mi_skip_tracking":false,"_monsterinsights_sitenote_active":false,"_monsterinsights_sitenote_note":"","_monsterinsights_sitenote_category":0,"footnotes":""},"categories":[5041],"tags":[],"_links":{"self":[{"href":"https:\/\/blog.cancaonova.com\/peregrinacoes\/wp-json\/wp\/v2\/posts\/1831"}],"collection":[{"href":"https:\/\/blog.cancaonova.com\/peregrinacoes\/wp-json\/wp\/v2\/posts"}],"about":[{"href":"https:\/\/blog.cancaonova.com\/peregrinacoes\/wp-json\/wp\/v2\/types\/post"}],"author":[{"embeddable":true,"href":"https:\/\/blog.cancaonova.com\/peregrinacoes\/wp-json\/wp\/v2\/users\/4472"}],"replies":[{"embeddable":true,"href":"https:\/\/blog.cancaonova.com\/peregrinacoes\/wp-json\/wp\/v2\/comments?post=1831"}],"version-history":[{"count":6,"href":"https:\/\/blog.cancaonova.com\/peregrinacoes\/wp-json\/wp\/v2\/posts\/1831\/revisions"}],"predecessor-version":[{"id":13346,"href":"https:\/\/blog.cancaonova.com\/peregrinacoes\/wp-json\/wp\/v2\/posts\/1831\/revisions\/13346"}],"wp:attachment":[{"href":"https:\/\/blog.cancaonova.com\/peregrinacoes\/wp-json\/wp\/v2\/media?parent=1831"}],"wp:term":[{"taxonomy":"category","embeddable":true,"href":"https:\/\/blog.cancaonova.com\/peregrinacoes\/wp-json\/wp\/v2\/categories?post=1831"},{"taxonomy":"post_tag","embeddable":true,"href":"https:\/\/blog.cancaonova.com\/peregrinacoes\/wp-json\/wp\/v2\/tags?post=1831"}],"curies":[{"name":"wp","href":"https:\/\/api.w.org\/{rel}","templated":true}]}}