{"id":5481,"date":"2015-05-22T10:47:41","date_gmt":"2015-05-22T12:47:41","guid":{"rendered":"http:\/\/blog.cancaonova.com\/peregrinacoes\/2008\/04\/11\/venha-conhecer-a-terra-santa\/"},"modified":"2015-08-03T11:17:59","modified_gmt":"2015-08-03T13:17:59","slug":"venha-conhecer-a-terra-santa","status":"publish","type":"post","link":"https:\/\/blog.cancaonova.com\/peregrinacoes\/2015\/05\/22\/venha-conhecer-a-terra-santa\/","title":{"rendered":"V Encontro de Pentecostes na Terra Santa"},"content":{"rendered":"<blockquote>\n<h2>Conhecer a Terra \u00a0Santa \u00e9 uma gra\u00e7a\u00a0impar&#8230;<\/h2>\n<\/blockquote>\n<p>E viver uma festa t\u00e3o linda como \u00a0Pentecostes trilhando os caminhos de Jesus na Terra Santa \u00e9 uma experi\u00eancia emocionante, transformadora e renovadora.<\/p>\n<p>A\u00a0parceria Can\u00e7\u00e3o Nova e Obra de Maria, promove \u00a0a 4 anos o evento de Pentecostes.<\/p>\n<p>Este evento que em 2015 ter\u00e1 sua quinta edi\u00e7\u00e3o acontece no Anfiteatro do Hotel Notredame em Jerusal\u00e9m e tem levado centenas de pessoas a reavivarem a sua f\u00e9 e esperan\u00e7a.<\/p>\n<p><img decoding=\"async\" src=\"http:\/\/blog.cancaonova.com\/peregrinacoes\/files\/2014\/07\/Pentecostes-na-Terra-Santa-2.jpg\" alt=\"Pentecostes-na-Terra-Santa 2\" \/><\/p>\n<p>Para o ano de 2015 a Obra de Maria em parceria com a Can\u00e7\u00e3o Nova al\u00e9m de \u00a0promover mais op\u00e7\u00f5es de roteiros \u00a0ter\u00e1 tambem pacotes que contemplar\u00e1 o 13 de maio em F\u00e1tima\/Portugal &#8211; local onde Nossa Senhora apareceu aos partorinhos.<\/p>\n<h2 style=\"text-align: center\"><\/h2>\n<blockquote>\n<h2 style=\"text-align: center\"><span style=\"text-decoration: underline;color: #0000ff\">Confira nossos \u00a0roteiros para o Pentecostes 2015<\/span><\/h2>\n<\/blockquote>\n<p>&nbsp;<\/p>\n<p><strong><span style=\"color: #0000ff\">Terra Santa, Portugal e It\u00e1lia<\/span> &#8211; \u00a0com 13 de maio em F\u00e1tima\u00a0<\/strong>&#8211;\u00a0sa\u00edda 11\u00a0maio de\u00a02015.<\/p>\n<p><strong><span style=\"color: #0000ff\">Portugal, Fran\u00e7a e Terra Santa<\/span> \u00a0\u2013 \u00a0com 13 de maio em F\u00e1tima\u00a0<\/strong>&#8211;\u00a0sa\u00edda 11\u00a0maio de\u00a02015.<\/p>\n<p><strong><span style=\"color: #0000ff\">Terra Santa e It\u00e1lia<\/span> \u00a0<\/strong>&#8211;\u00a0sa\u00edda 13\u00a0maio de\u00a02015.<\/p>\n<p><strong><span style=\"color: #0000ff\">Terra Santa<\/span> \u00a0<\/strong>&#8211;\u00a0sa\u00edda 18\u00a0de maio de\u00a02015.<\/p>\n<p>&nbsp;<\/p>\n<h4 style=\"text-align: center\"><span style=\"text-decoration: underline\"><strong><span style=\"color: #0000ff;text-decoration: underline\">Todos os nossos Roteiros voc\u00ea conta com a presen\u00e7a de um guia acompanhante (tour lider)Obra de Maria e \u00a0um diretor espiritual da Can\u00e7\u00e3o Nova.<\/span><\/strong><\/span><\/h4>\n<p>&nbsp;<\/p>\n<blockquote>\n<h3 style=\"text-align: center\"><strong><span style=\"color: #800000\">Tambem contaremos com um roteiro Terra Santa e It\u00e1lia \u00a0<\/span><\/strong><\/h3>\n<p style=\"text-align: center\"><span style=\"text-decoration: underline\"><strong><span style=\"color: #800000;text-decoration: underline\">***** \u00a0Dire\u00e7\u00e3o espiritual \u00a0 \u00a0\u2192 \u00a0Pe. Reginaldo Manzotti \u00a0****<\/span><\/strong><\/span><\/p>\n<h3 style=\"text-align: center\"><span style=\"color: #0000ff\"><strong>Sa\u00edda 16 de maio de 2015<\/strong><\/span><\/h3>\n<\/blockquote>\n<p style=\"text-align: center\">Pessoas de todas as idades que al\u00e9m de trilharem os caminhos de Jesus percorrendo a Galil\u00e9ia e \u00a0a Jud\u00e9ia tambem podem viver este encontro.<\/p>\n<h1 align=\"center\">Venha voc\u00ea tamb\u00e9m.<\/h1>\n<p align=\"center\"><a href=\"http:\/\/blog.cancaonova.com\/peregrinacoes\/files\/2014\/09\/Logo-Obra-de-Maria-Azul.png\"><img loading=\"lazy\" decoding=\"async\" class=\"aligncenter size-medium wp-image-14228\" src=\"http:\/\/blog.cancaonova.com\/peregrinacoes\/files\/2014\/09\/Logo-Obra-de-Maria-Azul-300x122.png\" alt=\"Logo-Obra-de-Maria-Azul\" width=\"300\" height=\"122\" \/><\/a><\/p>\n<p align=\"center\">Contatos (0xx12) 3186 2055<\/p>\n<p align=\"center\">ou pelo e-mail <span style=\"color: #17397a\">peregrinacoes@cancaonova.com<\/span><\/p>\n<p align=\"center\">Mais que vigens&#8230;encontros com Deus!<\/p>\n<p align=\"center\">Informa\u00e7\u00f5es gerais<\/p>\n<p align=\"center\">(0xx12) 3186 2000 ramal\u00a02055<\/p>\n<p align=\"center\">Venha Peregrinar conosco!<\/p>\n","protected":false},"excerpt":{"rendered":"<p>Conhecer a Terra \u00a0Santa \u00e9 uma gra\u00e7a\u00a0impar&#8230; E viver uma festa t\u00e3o linda como \u00a0Pentecostes trilhando os caminhos de Jesus na Terra Santa \u00e9 uma experi\u00eancia emocionante, transformadora e renovadora. A\u00a0parceria Can\u00e7\u00e3o Nova e Obra de Maria, promove \u00a0a 4&#8230;<\/p>\n","protected":false},"author":1,"featured_media":14650,"comment_status":"open","ping_status":"closed","sticky":false,"template":"","format":"standard","meta":{"_mi_skip_tracking":false,"_monsterinsights_sitenote_active":false,"_monsterinsights_sitenote_note":"","_monsterinsights_sitenote_category":0,"footnotes":""},"categories":[5041,2621],"tags":[],"_links":{"self":[{"href":"https:\/\/blog.cancaonova.com\/peregrinacoes\/wp-json\/wp\/v2\/posts\/5481"}],"collection":[{"href":"https:\/\/blog.cancaonova.com\/peregrinacoes\/wp-json\/wp\/v2\/posts"}],"about":[{"href":"https:\/\/blog.cancaonova.com\/peregrinacoes\/wp-json\/wp\/v2\/types\/post"}],"author":[{"embeddable":true,"href":"https:\/\/blog.cancaonova.com\/peregrinacoes\/wp-json\/wp\/v2\/users\/1"}],"replies":[{"embeddable":true,"href":"https:\/\/blog.cancaonova.com\/peregrinacoes\/wp-json\/wp\/v2\/comments?post=5481"}],"version-history":[{"count":10,"href":"https:\/\/blog.cancaonova.com\/peregrinacoes\/wp-json\/wp\/v2\/posts\/5481\/revisions"}],"predecessor-version":[{"id":14519,"href":"https:\/\/blog.cancaonova.com\/peregrinacoes\/wp-json\/wp\/v2\/posts\/5481\/revisions\/14519"}],"wp:featuredmedia":[{"embeddable":true,"href":"https:\/\/blog.cancaonova.com\/peregrinacoes\/wp-json\/wp\/v2\/media\/14650"}],"wp:attachment":[{"href":"https:\/\/blog.cancaonova.com\/peregrinacoes\/wp-json\/wp\/v2\/media?parent=5481"}],"wp:term":[{"taxonomy":"category","embeddable":true,"href":"https:\/\/blog.cancaonova.com\/peregrinacoes\/wp-json\/wp\/v2\/categories?post=5481"},{"taxonomy":"post_tag","embeddable":true,"href":"https:\/\/blog.cancaonova.com\/peregrinacoes\/wp-json\/wp\/v2\/tags?post=5481"}],"curies":[{"name":"wp","href":"https:\/\/api.w.org\/{rel}","templated":true}]}}