{"id":7311,"date":"2014-08-25T12:00:21","date_gmt":"2014-08-25T14:00:21","guid":{"rendered":"http:\/\/blog.cancaonova.com\/peregrinacoes\/2008\/09\/02\/terra-santa-monte-tabor\/"},"modified":"2014-11-27T16:22:32","modified_gmt":"2014-11-27T18:22:32","slug":"terra-santa-monte-tabor","status":"publish","type":"post","link":"https:\/\/blog.cancaonova.com\/peregrinacoes\/2014\/08\/25\/terra-santa-monte-tabor\/","title":{"rendered":"Terra Santa-Monte Tabor"},"content":{"rendered":"<blockquote>\n<h1>Mais que viagens&#8230; encontros com Deus!<\/h1>\n<\/blockquote>\n<p style=\"text-align: center\"><span style=\"color: #0000ff\"><strong>Transfigurado estava l\u00e1&#8230;<\/strong><\/span><\/p>\n<p><img loading=\"lazy\" decoding=\"async\" class=\"aligncenter\" src=\"http:\/\/blog.cancaonova.com\/peregrinacoes\/files\/2008\/08\/fotos-terra-santa-032.jpg\" alt=\"fotos-terra-santa-032.jpg\" width=\"445\" height=\"300\" \/><\/p>\n<p>Esta \u00e9 a colina que se destaca ao sudoeste do <a href=\"http:\/\/blog.cancaonova.com\/peregrinacoes\/2008\/09\/22\/terra-santa-mar-da-galileia\/#respond\">Mar da Galil\u00e9ia<\/a>, regi\u00e3o com poucas eleva\u00e7\u00f5es. Foi aos p\u00e9s do Monte Tabor que D\u00e9bora e Baraque derrotaram as for\u00e7as de S\u00edsera.<\/p>\n<p><img loading=\"lazy\" decoding=\"async\" class=\"aligncenter\" src=\"http:\/\/blog.cancaonova.com\/peregrinacoes\/files\/2008\/08\/fotos-terra-santa-033.jpg\" alt=\"fotos-terra-santa-033.jpg\" width=\"454\" height=\"304\" \/><\/p>\n<p>Uma estrada serpenteia por entre uma floresta de pinheiros levando ao topo do monte e \u00e0 Igreja Cat\u00f3lica da Transfigura\u00e7\u00e3o e ao monast\u00e9rio adjacente. <strong>A vista desde o topo, ao norte pra <a href=\"http:\/\/blog.cancaonova.com\/peregrinacoes\/2008\/08\/19\/terra-santa-nazare\/#respond\">Nazar\u00e9 <\/a>e a leste para o <a href=\"http:\/\/blog.cancaonova.com\/peregrinacoes\/2008\/09\/22\/terra-santa-mar-da-galileia\/#respond\">Mar da Galil\u00e9ia<\/a><\/strong>, \u00e9 deslumbrante.<\/p>\n<p><img loading=\"lazy\" decoding=\"async\" class=\"aligncenter\" src=\"http:\/\/blog.cancaonova.com\/peregrinacoes\/files\/2008\/08\/fotos-terra-santa-046.jpg\" alt=\"fotos-terra-santa-046.jpg\" width=\"459\" height=\"310\" \/><\/p>\n<p><img loading=\"lazy\" decoding=\"async\" class=\"aligncenter\" src=\"http:\/\/blog.cancaonova.com\/peregrinacoes\/files\/2008\/08\/fotos-terra-santa-034.jpg\" alt=\"fotos-terra-santa-034.jpg\" width=\"459\" height=\"307\" \/><\/p>\n<p align=\"left\">\u00a0Acredita-se que Monte Tabor possa ser o &#8220;alto monte&#8221; de onde Jesus ascendeu e foi transfigurado frente a Pedro, Tiago e Jo\u00e3o. Mais tarde, onde foi visto conversando com Mois\u00e9s e com o profeta Elias <strong>(Mateus 17:6-13; Marcos 9, 2-8, Lucas 9:28-36).<\/strong><\/p>\n<p align=\"left\"><img loading=\"lazy\" decoding=\"async\" class=\"aligncenter\" src=\"http:\/\/blog.cancaonova.com\/peregrinacoes\/files\/2008\/08\/fotos-terra-santa-045.jpg\" alt=\"fotos-terra-santa-045.jpg\" width=\"462\" height=\"309\" \/><\/p>\n<p align=\"center\">\u00a0O <strong>Monte Tabor<\/strong> est\u00e1 no nosso roteiro da Peregrina\u00e7\u00e3o para a Terra Santa.<\/p>\n<h1 style=\"text-align: center\" align=\"center\"><span style=\"color: #0000ff\">Proxima sa\u00edda:<\/span><\/h1>\n<h1 style=\"text-align: center\">15 de abril de 2015<\/h1>\n<h2 style=\"text-align: center\"><span style=\"color: #800000\">Terra Santa<\/span><\/h2>\n<h2 style=\"text-align: center\"><span style=\"text-decoration: underline;color: #0000ff\">Pe. Euz\u00e9bio e Camila Assad<\/span><\/h2>\n<p>&nbsp;<\/p>\n<p><!-- \t\t@page { margin: 2cm } \t\tP { margin-bottom: 0.21cm } \t--><\/p>\n<p align=\"center\"><strong>Peregrinar para a Terra Santa\u2026 S\u00f3 por Obra de Maria.<\/strong><\/p>\n<p align=\"center\">\u00a0<a href=\"http:\/\/blog.cancaonova.com\/peregrinacoes\/files\/2014\/09\/Logo-Obra-de-Maria-Azul.png\"><img loading=\"lazy\" decoding=\"async\" class=\"aligncenter size-medium wp-image-14228\" src=\"http:\/\/blog.cancaonova.com\/peregrinacoes\/files\/2014\/09\/Logo-Obra-de-Maria-Azul-300x122.png\" alt=\"Logo-Obra-de-Maria-Azul\" width=\"300\" height=\"122\" \/><\/a><\/p>\n<p align=\"center\">Contatos (0xx12) 3186 2055<\/p>\n<p align=\"center\">ou pelo\u00a0e-mail <span style=\"color: #17397a\"><a href=\"mailto:peregrinacoes@cancaonova.com\">peregrinacoes@cancaonova.com<\/a><\/span><\/p>\n<p align=\"center\"><strong>Mais que viagens&#8230; encontros com Deus!<\/strong><\/p>\n<p align=\"center\">\u00a0Informa\u00e7\u00f5es gerais<\/p>\n<p align=\"center\"><span style=\"font-size: x-small\">(0\u00d712) 3186 2000 ramal 2055<\/span><\/p>\n<p align=\"center\"><a href=\"http:\/\/blog.cancaonova.com\/peregrinacoes\/category\/cadastre-se-aqui\/\" target=\"_self\">CADASTRE-SE AQUI! <\/a><\/p>\n","protected":false},"excerpt":{"rendered":"<p>Mais que viagens&#8230; encontros com Deus! Transfigurado estava l\u00e1&#8230; Esta \u00e9 a colina que se destaca ao sudoeste do Mar da Galil\u00e9ia, regi\u00e3o com poucas eleva\u00e7\u00f5es. Foi aos p\u00e9s do Monte Tabor que D\u00e9bora e Baraque derrotaram as for\u00e7as de&#8230;<\/p>\n","protected":false},"author":1,"featured_media":13248,"comment_status":"open","ping_status":"closed","sticky":false,"template":"","format":"standard","meta":{"_mi_skip_tracking":false,"_monsterinsights_sitenote_active":false,"_monsterinsights_sitenote_note":"","_monsterinsights_sitenote_category":0,"footnotes":""},"categories":[1281,5041],"tags":[],"_links":{"self":[{"href":"https:\/\/blog.cancaonova.com\/peregrinacoes\/wp-json\/wp\/v2\/posts\/7311"}],"collection":[{"href":"https:\/\/blog.cancaonova.com\/peregrinacoes\/wp-json\/wp\/v2\/posts"}],"about":[{"href":"https:\/\/blog.cancaonova.com\/peregrinacoes\/wp-json\/wp\/v2\/types\/post"}],"author":[{"embeddable":true,"href":"https:\/\/blog.cancaonova.com\/peregrinacoes\/wp-json\/wp\/v2\/users\/1"}],"replies":[{"embeddable":true,"href":"https:\/\/blog.cancaonova.com\/peregrinacoes\/wp-json\/wp\/v2\/comments?post=7311"}],"version-history":[{"count":12,"href":"https:\/\/blog.cancaonova.com\/peregrinacoes\/wp-json\/wp\/v2\/posts\/7311\/revisions"}],"predecessor-version":[{"id":14450,"href":"https:\/\/blog.cancaonova.com\/peregrinacoes\/wp-json\/wp\/v2\/posts\/7311\/revisions\/14450"}],"wp:featuredmedia":[{"embeddable":true,"href":"https:\/\/blog.cancaonova.com\/peregrinacoes\/wp-json\/wp\/v2\/media\/13248"}],"wp:attachment":[{"href":"https:\/\/blog.cancaonova.com\/peregrinacoes\/wp-json\/wp\/v2\/media?parent=7311"}],"wp:term":[{"taxonomy":"category","embeddable":true,"href":"https:\/\/blog.cancaonova.com\/peregrinacoes\/wp-json\/wp\/v2\/categories?post=7311"},{"taxonomy":"post_tag","embeddable":true,"href":"https:\/\/blog.cancaonova.com\/peregrinacoes\/wp-json\/wp\/v2\/tags?post=7311"}],"curies":[{"name":"wp","href":"https:\/\/api.w.org\/{rel}","templated":true}]}}