{"id":8264,"date":"2009-05-19T08:53:05","date_gmt":"2009-05-19T05:53:05","guid":{"rendered":"http:\/\/blog.cancaonova.com\/peregrinacoes\/?p=8264"},"modified":"2009-05-19T15:32:46","modified_gmt":"2009-05-19T12:32:46","slug":"encontro-com-jesus-palavra-viva","status":"publish","type":"post","link":"https:\/\/blog.cancaonova.com\/peregrinacoes\/2009\/05\/19\/encontro-com-jesus-palavra-viva\/","title":{"rendered":"Encontro com Jesus Palavra Viva"},"content":{"rendered":"<blockquote><p>Mais que viagem&#8230; Um encontro com Deus!<\/p><\/blockquote>\n<p><strong>Tradi\u00e7\u00e3o oral de um povo que tem consci\u00eancia de ser escolhido&#8230;<\/strong><\/p>\n<p>Muito rapidamente tomou consci\u00eancia da sua elei\u00e7\u00e3o, atrav\u00e9s de seus pais, Abra\u00e3o e os patriarcas: &#8220;tua posteridade ser\u00e1 numerosa como as estrelas do c\u00e9u e os gr\u00e3os de areia do mar!&#8221; Ele \u00e9 &#8220;o povo eleito e amado por um amor eterno&#8221;. Deus lhe doou: a sua alian\u00e7a, a sua terra, os seus reis, o seu perd\u00e3o; Deus lhe doar\u00e1 a seu Enviado!<\/p>\n<p><em>&#8220;Bendito seja o Senhor Deus de Israel, <\/em><\/p>\n<p><em>porque visitou o seu povo e realizou\u00a0 a sua liberta\u00e7\u00e3o,<\/em><\/p>\n<p><em>e nos suscitou uma for\u00e7a de salva\u00e7\u00e3o <\/em><\/p>\n<p><em>na fam\u00edlia de Davi, seu servo.<\/em><\/p>\n<p><em>\u00c9 oque ele anunciara <\/em><\/p>\n<p><em>pela boca de seus santos profetas de outrora: <\/em><\/p>\n<p><em>uma salva\u00e7\u00e3o que nos liberta dos nossos inimigos <\/em><\/p>\n<p><em>e da m\u00e3o de todos os que nos odeiam.<\/em><\/p>\n<p><em>Ele mostrou a sua bondade para com os nosso pais <\/em><\/p>\n<p><em>e se lembrou da sua alian\u00e7a santa!&#8221;<\/em><\/p>\n<p>(Lc 1, 68-72)-Canto de Zacarias, o pai de Jo\u00e3o Batista.<\/p>\n<p><img loading=\"lazy\" decoding=\"async\" class=\"alignnone size-medium wp-image-7892\" src=\"http:\/\/blog.cancaonova.com\/peregrinacoes\/files\/2008\/09\/fotos-terra-santa-315.jpg\" alt=\"\" width=\"430\" height=\"282\" \/><\/p>\n<p><strong>Uma tradi\u00e7\u00e3o oral s\u00f3 posteriormente escrita&#8230; <\/strong><\/p>\n<p>Ser\u00e1 somente entre 600 e 400 anos antes da Era Crist\u00e3 que se come\u00e7ar\u00e1 a escrever em pergaminhos as tradi\u00e7\u00f5es transmitidas de gera\u00e7\u00e3o pelo povo judeu. N\u00f3s hoje temos forte tend\u00eancia a pensar que os fatos b\u00edblicos tenham sido escritos quase com um acr\u00f4nica jornal\u00edstica, logo ap\u00f3s o acontecimento, mas na verdade n\u00e3o foi assim: entre o acontecimento e seu registro por escrito na B\u00edblia, decorreram s\u00e9culos, e os fatos foram entregues passando de boca para orelha com relativos coment\u00e1rios e interpreta\u00e7\u00f5es. Estamos longe do m\u00e9todo de contar a hist\u00f3ria hoje.<\/p>\n<p style=\"text-align: center\"><strong>Terra Santa&#8230; S\u00f3 por Obra de Maria.<\/strong><\/p>\n<p align=\"center\"><a href=\"http:\/\/www.obrademaria.com.br\" target=\"_self\"><img loading=\"lazy\" decoding=\"async\" class=\"alignnone size-medium wp-image-4351\" src=\"http:\/\/blog.cancaonova.com\/peregrinacoes\/files\/2007\/12\/barra_top.jpg\" alt=\"\" width=\"314\" height=\"56\" \/><\/a><strong> <\/strong><\/p>\n<p align=\"center\">Contatos (0xx12) 3186 2055<\/p>\n<p align=\"center\">ou pelo\u00a0e-mail <span style=\"color: #17397a\"><a href=\"mailto:peregrinacoes@cancaonova.com\">peregrinacoes@cancaonova.com<\/a><\/span><\/p>\n<p align=\"center\"><strong>Mais que viagens&#8230;encontros com Deus!<\/strong><\/p>\n<p align=\"center\">Informa\u00e7\u00f5es gerais<\/p>\n<p align=\"center\"><span style=\"font-size: x-small\">(0\u00d712) 3186 2055 ramal 2451<\/span><\/p>\n<p align=\"center\"><a href=\"http:\/\/blog.cancaonova.com\/peregrinacoes\/category\/cadastre-se-aqui\/\" target=\"_self\">CADASTRE-SE<\/a><\/p>\n","protected":false},"excerpt":{"rendered":"<p>Mais que viagem&#8230; Um encontro com Deus! Tradi\u00e7\u00e3o oral de um povo que tem consci\u00eancia de ser escolhido&#8230; Muito rapidamente tomou consci\u00eancia da sua elei\u00e7\u00e3o, atrav\u00e9s de seus pais, Abra\u00e3o e os patriarcas: &#8220;tua posteridade ser\u00e1 numerosa como as estrelas&#8230;<\/p>\n","protected":false},"author":1,"featured_media":0,"comment_status":"open","ping_status":"closed","sticky":false,"template":"","format":"standard","meta":{"_mi_skip_tracking":false,"_monsterinsights_sitenote_active":false,"_monsterinsights_sitenote_note":"","_monsterinsights_sitenote_category":0,"footnotes":""},"categories":[5041],"tags":[],"_links":{"self":[{"href":"https:\/\/blog.cancaonova.com\/peregrinacoes\/wp-json\/wp\/v2\/posts\/8264"}],"collection":[{"href":"https:\/\/blog.cancaonova.com\/peregrinacoes\/wp-json\/wp\/v2\/posts"}],"about":[{"href":"https:\/\/blog.cancaonova.com\/peregrinacoes\/wp-json\/wp\/v2\/types\/post"}],"author":[{"embeddable":true,"href":"https:\/\/blog.cancaonova.com\/peregrinacoes\/wp-json\/wp\/v2\/users\/1"}],"replies":[{"embeddable":true,"href":"https:\/\/blog.cancaonova.com\/peregrinacoes\/wp-json\/wp\/v2\/comments?post=8264"}],"version-history":[{"count":8,"href":"https:\/\/blog.cancaonova.com\/peregrinacoes\/wp-json\/wp\/v2\/posts\/8264\/revisions"}],"predecessor-version":[{"id":9393,"href":"https:\/\/blog.cancaonova.com\/peregrinacoes\/wp-json\/wp\/v2\/posts\/8264\/revisions\/9393"}],"wp:attachment":[{"href":"https:\/\/blog.cancaonova.com\/peregrinacoes\/wp-json\/wp\/v2\/media?parent=8264"}],"wp:term":[{"taxonomy":"category","embeddable":true,"href":"https:\/\/blog.cancaonova.com\/peregrinacoes\/wp-json\/wp\/v2\/categories?post=8264"},{"taxonomy":"post_tag","embeddable":true,"href":"https:\/\/blog.cancaonova.com\/peregrinacoes\/wp-json\/wp\/v2\/tags?post=8264"}],"curies":[{"name":"wp","href":"https:\/\/api.w.org\/{rel}","templated":true}]}}