{"id":9609,"date":"2009-05-11T19:47:01","date_gmt":"2009-05-11T16:47:01","guid":{"rendered":"http:\/\/blog.cancaonova.com\/peregrinacoes\/?p=9609"},"modified":"2009-09-18T23:27:44","modified_gmt":"2009-09-18T20:27:44","slug":"voce-gostaria-de-peregrinar-com-todas-as-suas-despesas-pagas","status":"publish","type":"post","link":"https:\/\/blog.cancaonova.com\/peregrinacoes\/2009\/05\/11\/voce-gostaria-de-peregrinar-com-todas-as-suas-despesas-pagas\/","title":{"rendered":"Voc\u00ea gostaria de peregrinar com todas as suas despesas pagas?"},"content":{"rendered":"<p>Visite algum destes lugares com todas as suas despesas pagas.<\/p>\n<p align=\"center\"><a title=\"basilica-do-santo-sepulcro1.jpg\" href=\"http:\/\/blog.cancaonova.com\/peregrinacoes\/files\/2008\/03\/basilica-do-santo-sepulcro1.jpg\"><img loading=\"lazy\" decoding=\"async\" src=\"http:\/\/blog.cancaonova.com\/peregrinacoes\/files\/2008\/03\/basilica-do-santo-sepulcro1.jpg\" alt=\"basilica-do-santo-sepulcro1.jpg\" width=\"399\" height=\"397\" \/><\/a><\/p>\n<p align=\"center\"><strong>Terra Santa <\/strong><\/p>\n<p align=\"center\"><a title=\"atenas.jpg\" href=\"http:\/\/blog.cancaonova.com\/peregrinacoes\/files\/2007\/12\/atenas.jpg\"><img loading=\"lazy\" decoding=\"async\" src=\"http:\/\/blog.cancaonova.com\/peregrinacoes\/files\/2007\/12\/atenas.jpg\" alt=\"atenas.jpg\" width=\"402\" height=\"302\" \/><\/a><\/p>\n<p align=\"center\"><strong>Turquia e Gr\u00e9cia<\/strong><\/p>\n<p align=\"center\"><a title=\"lisieux.jpg\" href=\"http:\/\/blog.cancaonova.com\/peregrinacoes\/files\/2008\/05\/lisieux.jpg\"><img loading=\"lazy\" decoding=\"async\" src=\"http:\/\/blog.cancaonova.com\/peregrinacoes\/files\/2008\/05\/lisieux.jpg\" alt=\"lisieux.jpg\" width=\"410\" height=\"329\" \/><\/a><\/p>\n<p align=\"center\"><strong>Lisieux <\/strong><\/p>\n<p><a title=\"igreja105-medjugorje.jpg\" href=\"http:\/\/blog.cancaonova.com\/peregrinacoes\/files\/2007\/12\/igreja105-medjugorje.jpg\"><img loading=\"lazy\" decoding=\"async\" src=\"http:\/\/blog.cancaonova.com\/peregrinacoes\/files\/2007\/12\/igreja105-medjugorje.jpg\" alt=\"igreja105-medjugorje.jpg\" width=\"411\" height=\"347\" \/><\/a><\/p>\n<p align=\"center\"><strong>Medjugorje <\/strong><\/p>\n<p align=\"center\"><a title=\"coliseu.jpg\" rel=\"attachment wp-att-1301\" href=\"http:\/\/blog.cancaonova.com\/peregrinacoes\/?attachment_id=1301\"><img loading=\"lazy\" decoding=\"async\" src=\"http:\/\/blog.cancaonova.com\/peregrinacoes\/files\/2007\/08\/coliseu.jpg\" alt=\"coliseu.jpg\" width=\"417\" height=\"316\" \/><\/a><\/p>\n<p align=\"center\"><strong>Roma<\/strong><\/p>\n<p align=\"center\"><a title=\"imagem_praca_sao_pedro1.jpg\" href=\"http:\/\/blog.cancaonova.com\/peregrinacoes\/files\/2008\/01\/imagem_praca_sao_pedro1.jpg\"><img loading=\"lazy\" decoding=\"async\" src=\"http:\/\/blog.cancaonova.com\/peregrinacoes\/files\/2008\/01\/imagem_praca_sao_pedro1.jpg\" alt=\"imagem_praca_sao_pedro1.jpg\" width=\"419\" height=\"562\" \/><\/a><\/p>\n<p align=\"center\"><strong>Vaticano <\/strong><\/p>\n<p align=\"center\"><a title=\"santuario-divina-misericodia.jpg\" rel=\"attachment wp-att-1621\" href=\"http:\/\/blog.cancaonova.com\/peregrinacoes\/?attachment_id=1621\"><img loading=\"lazy\" decoding=\"async\" src=\"http:\/\/blog.cancaonova.com\/peregrinacoes\/files\/2007\/08\/santuario-divina-misericodia.jpg\" alt=\"santuario-divina-misericodia.jpg\" width=\"430\" height=\"204\" \/><\/a><\/p>\n<p align=\"center\"><strong> Crac\u00f3via-S.Faustina<\/strong><\/p>\n<p align=\"center\"><a title=\"basilica-de-lourdes.jpg\" href=\"http:\/\/blog.cancaonova.com\/peregrinacoes\/files\/2007\/12\/basilica-de-lourdes.jpg\"><img loading=\"lazy\" decoding=\"async\" src=\"http:\/\/blog.cancaonova.com\/peregrinacoes\/files\/2007\/12\/basilica-de-lourdes.jpg\" alt=\"basilica-de-lourdes.jpg\" width=\"425\" height=\"407\" \/><\/a><\/p>\n<p align=\"center\"><strong>Lourdes <\/strong><\/p>\n<p align=\"center\"><a title=\"santuario-dia-treze-13.jpg\" rel=\"attachment wp-att-3941\" href=\"http:\/\/blog.cancaonova.com\/peregrinacoes\/2009\/05\/11\/voce-gostaria-de-peregrinar-com-todas-as-suas-despesas-pagas\/santuario-dia-treze-13jpg-2\/\"><img loading=\"lazy\" decoding=\"async\" src=\"http:\/\/blog.cancaonova.com\/peregrinacoes\/files\/2007\/12\/santuario-dia-treze-13.jpg\" alt=\"santuario-dia-treze-13.jpg\" width=\"426\" height=\"428\" \/><\/a><\/p>\n<p align=\"center\"><strong>F\u00e1tima <\/strong><\/p>\n<p align=\"center\"><a title=\"santuario-de-guadalupe1.jpg\" rel=\"attachment wp-att-4211\" href=\"http:\/\/blog.cancaonova.com\/peregrinacoes\/2009\/05\/11\/voce-gostaria-de-peregrinar-com-todas-as-suas-despesas-pagas\/santuario-de-guadalupe1jpg\/\"><img loading=\"lazy\" decoding=\"async\" src=\"http:\/\/blog.cancaonova.com\/peregrinacoes\/files\/2007\/12\/santuario-de-guadalupe1.jpg\" alt=\"santuario-de-guadalupe1.jpg\" width=\"430\" height=\"346\" \/><\/a><\/p>\n<p align=\"center\"><strong>Guadalupe<\/strong><\/p>\n<p align=\"center\"><a title=\"muro.jpg\" rel=\"attachment wp-att-4381\" href=\"http:\/\/blog.cancaonova.com\/peregrinacoes\/2009\/05\/11\/voce-gostaria-de-peregrinar-com-todas-as-suas-despesas-pagas\/murojpg\/\"><img loading=\"lazy\" decoding=\"async\" src=\"http:\/\/blog.cancaonova.com\/peregrinacoes\/files\/2008\/01\/muro.jpg\" alt=\"muro.jpg\" width=\"422\" height=\"307\" \/><\/a><\/p>\n<p align=\"center\"><strong> Jerusal\u00e9m<\/strong> <strong> <\/strong><\/p>\n<p><strong> <\/strong><\/p>\n<p><strong>Voc\u00ea pode ganhar esta peregrina\u00e7\u00e3o, conseguindo 15 pessoas confirmadas para mesma peregrina\u00e7\u00e3o.<\/strong><\/p>\n<p>Confira\u00a0este testemunho e veja como\u00a0este sonho pode se tornar realidade.<\/p>\n<p><em>&#8220;Sou <strong>Maria Bernadete<\/strong>, arrecadora h\u00e1 6 anos. Desde quando conheci totalmente Deus, tinha uma grande vontade de conhecer a Terra Santa, na Can\u00e7\u00e3o Nova sempre passava propagandas de viagens e peregrina\u00e7\u00f5es para l\u00e1. Pensei em comprar a passagem para ir, mas n\u00e3o entendia nada de d\u00f3lar e pensava que era muito caro. Em dezembro de 2005, recebi uma carta\u00a0da Can\u00e7\u00e3o Nova sobre a promo\u00e7\u00e3o de peregrina\u00e7\u00e3o para junho e julho de 2006, dizendo que vendendo 15 passagens, a minha seria inteiramente gr\u00e1tis. Me interessei\u00a0muito e sa\u00ed oferecendo as pessoas que eu encontrava, muitos n\u00e3o levavam a s\u00e9rio e desanimei totalmente. No m\u00eas de janeiro de 2006 encontrei uma amiga idosa e doente se esfor\u00e7ava para ir, porque eu, com sa\u00fade n\u00e3o me esfor\u00e7ava? Ent\u00e3o comecei a oferecer novamente e rezar \u00e0 Santa Rita de C\u00e1ssia. Vendia de 3 a 5 viagens, ao fim n\u00e3o havia vendido somente as 15 mas, 18 viagens. Ent\u00e3o a viagem ficou marcada para 5 de mar\u00e7o de 2007. Fomos acompanhados pelo Dunga e pela N\u00e9ia. Me senti muito feliz, \u00e9 inexplic\u00e1vel, parecia um sonho. Por onde\u00a0passava eu louvava a Deus e me emocionava. Conheci os lugares por onde Jesus passou, as curas, os milagres que ele realizou. Me renovei no batismo \u00e0 beira do Rio Jord\u00e3o, me senti tocada em Nazar\u00e9 e Bel\u00e9m, lugar onde Jesus nasceu&#8230;\u00e9 bom sentir a presen\u00e7a de\u00a0Deus, ainda mais quando estamos na casa d&#8217;Ele. Tudo aconteceu gra\u00e7as a Ele, a Obra de Maria e a Can\u00e7\u00e3o Nova. Rezo para que no pr\u00f3ximo ano eu receba a gra\u00e7a de peregrinar novamente. Pe\u00e7o a Deus que d\u00ea a opotunidade de outras pessoas realizem o mesmo sonho que eu realizei. E agrade\u00e7o a Can\u00e7\u00e3o e a Obra de Maria por esta maravilhosa oportunidade. Esse foi o melhor presente eu poderia receber.\u00a0&#8220;<\/em><\/p>\n<p align=\"center\"><strong>Assista\u00a0este v\u00eddeo e\u00a0imagine voc\u00ea podendo conhecer estes lugares santo com as suas despesas pagas.<\/strong><\/p>\n<p align=\"center\"><object width=\"480\" height=\"385\"><param name=\"movie\" value=\"http:\/\/www.youtube.com\/v\/DWOXMYJsByA\"><\/param><param name=\"allowFullScreen\" value=\"true\"><\/param><param name=\"allowscriptaccess\" value=\"always\"><\/param><embed src=\"http:\/\/www.youtube.com\/v\/DWOXMYJsByA\" type=\"application\/x-shockwave-flash\" allowscriptaccess=\"always\" allowfullscreen=\"true\" width=\"480\" height=\"385\"><\/embed><\/object>\n<\/p>\n<p align=\"center\"><strong>Venha Peregrinar conosco pois\u00a0viajar por tantos lugares, s\u00f3 por Obra de Maria.<\/strong><\/p>\n<p align=\"center\"><a title=\"barra_top.jpg\" href=\"http:\/\/blog.cancaonova.com\/peregrinacoes\/files\/2007\/09\/barra_top.jpg\"><img decoding=\"async\" src=\"http:\/\/blog.cancaonova.com\/peregrinacoes\/files\/2007\/09\/barra_top.jpg\" alt=\"barra_top.jpg\" \/><\/a><\/p>\n<p align=\"center\">Contatos (0xx12) 31860 2055<\/p>\n<p align=\"center\">ou pelo\u00a0e-mail <span style=\"color: #17397a\">peregrinacoes@cancaonova.com<\/span><\/p>\n<p align=\"center\">Mais que viagens&#8230; encontros com Deus!<\/p>\n<p align=\"center\">Informa\u00e7\u00f5es gerais<\/p>\n<p align=\"center\"><span style=\"font-size: x-small\">(0\u00d712) 3186 2000 ramal 2451<\/span><\/p>\n","protected":false},"excerpt":{"rendered":"<p>Visite algum destes lugares com todas as suas despesas pagas. Terra Santa Turquia e Gr\u00e9cia Lisieux Medjugorje Roma Vaticano Crac\u00f3via-S.Faustina Lourdes F\u00e1tima Guadalupe Jerusal\u00e9m Voc\u00ea pode ganhar esta peregrina\u00e7\u00e3o, conseguindo 15 pessoas confirmadas para mesma peregrina\u00e7\u00e3o. Confira\u00a0este testemunho e veja&#8230;<\/p>\n","protected":false},"author":1,"featured_media":0,"comment_status":"open","ping_status":"closed","sticky":false,"template":"","format":"standard","meta":{"_mi_skip_tracking":false,"_monsterinsights_sitenote_active":false,"_monsterinsights_sitenote_note":"","_monsterinsights_sitenote_category":0,"footnotes":""},"categories":[19423],"tags":[6201],"_links":{"self":[{"href":"https:\/\/blog.cancaonova.com\/peregrinacoes\/wp-json\/wp\/v2\/posts\/9609"}],"collection":[{"href":"https:\/\/blog.cancaonova.com\/peregrinacoes\/wp-json\/wp\/v2\/posts"}],"about":[{"href":"https:\/\/blog.cancaonova.com\/peregrinacoes\/wp-json\/wp\/v2\/types\/post"}],"author":[{"embeddable":true,"href":"https:\/\/blog.cancaonova.com\/peregrinacoes\/wp-json\/wp\/v2\/users\/1"}],"replies":[{"embeddable":true,"href":"https:\/\/blog.cancaonova.com\/peregrinacoes\/wp-json\/wp\/v2\/comments?post=9609"}],"version-history":[{"count":7,"href":"https:\/\/blog.cancaonova.com\/peregrinacoes\/wp-json\/wp\/v2\/posts\/9609\/revisions"}],"predecessor-version":[{"id":11580,"href":"https:\/\/blog.cancaonova.com\/peregrinacoes\/wp-json\/wp\/v2\/posts\/9609\/revisions\/11580"}],"wp:attachment":[{"href":"https:\/\/blog.cancaonova.com\/peregrinacoes\/wp-json\/wp\/v2\/media?parent=9609"}],"wp:term":[{"taxonomy":"category","embeddable":true,"href":"https:\/\/blog.cancaonova.com\/peregrinacoes\/wp-json\/wp\/v2\/categories?post=9609"},{"taxonomy":"post_tag","embeddable":true,"href":"https:\/\/blog.cancaonova.com\/peregrinacoes\/wp-json\/wp\/v2\/tags?post=9609"}],"curies":[{"name":"wp","href":"https:\/\/api.w.org\/{rel}","templated":true}]}}