{"id":9771,"date":"2009-06-05T19:18:20","date_gmt":"2009-06-05T16:18:20","guid":{"rendered":"http:\/\/blog.cancaonova.com\/peregrinacoes\/?p=9771"},"modified":"2009-08-18T17:45:29","modified_gmt":"2009-08-18T14:45:29","slug":"israel-2","status":"publish","type":"post","link":"https:\/\/blog.cancaonova.com\/peregrinacoes\/2009\/06\/05\/israel-2\/","title":{"rendered":"Israel"},"content":{"rendered":"<blockquote><p>Mais que viagens&#8230; encontros com Deus!<\/p><\/blockquote>\n<p>O <strong>Estado de Israel<\/strong>( em \u00e1rabe \u062f\u0648\u0644\u0629 \u0625\u0633\u0631\u0627\u0626\u064a\u0644, transl. <em>Daul\u00e1t Isr\u0101&#8217;\u012bl<\/em>) \u00e9 um pa\u00eds no <span class=\"mw-redirect\">Oriente M\u00e9dio<\/span>, na extremidade sudeste do mar Mediterr\u00e2neo. \u00c9 uma rep\u00fablica <span class=\"mw-redirect\">democr\u00e1tica parlamentar<\/span> fundada em <span class=\"mw-redirect\">14 de Maio<\/span> de 1948. \u00c9 o \u00fanico estado judeu em todo o mundo. Embora Israel nunca tenha definido oficialmente as suas fronteiras, actualmente divide com o L\u00edbano a norte, S\u00edria e Jord\u00e2nia ao leste e Egito no sudoeste. A Cisjord\u00e2nia e a Faixa de Gaza tamb\u00e9m s\u00e3o confrontantes.<\/p>\n<p><img loading=\"lazy\" decoding=\"async\" class=\"alignnone size-medium wp-image-9774\" src=\"http:\/\/blog.cancaonova.com\/peregrinacoes\/files\/2009\/06\/fotos-terra-santa-0861-300x180.jpg\" alt=\"\" width=\"300\" height=\"180\" \/><\/p>\n<p>A capital declarada (mas n\u00e3o reconhecida pela comunidade internacional) do pa\u00eds e sede do governo \u00e9 Jerusal\u00e9m, que \u00e9 tamb\u00e9m a resid\u00eancia do presidente da na\u00e7\u00e3o, reparti\u00e7\u00f5es do governo, suprema corte e o Knesset (parlamento). A Lei B\u00e1sica estabelece que &#8220;<em>Jerusal\u00e9m, completa e unida, \u00e9 a capital de Israel<\/em>&#8221; apesar de a <span class=\"mw-redirect\">Autoridade Palestina<\/span> ver Jerusal\u00e9m Oriental como futura capital da Palestina e as <span class=\"mw-redirect\">Na\u00e7\u00f5es Unidas<\/span> e a maioria dos pa\u00edses n\u00e3o aceitarem a Lei B\u00e1sica, argumentando que o status final deve esperar futuras negocia\u00e7\u00f5es entre Israel e a Autoridade Palestina. A maioria dos pa\u00edses mant\u00e9m sua embaixada em Tel Aviv. Israel \u00e9 considerada tamb\u00e9m o pa\u00eds mais avan\u00e7ado da regi\u00e3o em termos de liberdade de imprensa<sup>[9]<\/sup>, regulamenta\u00e7\u00f5es empresariais, competi\u00e7\u00e3o econ\u00f4mica, liberdade econ\u00f4mica e <span class=\"mw-redirect\">\u00edndice de desenvolvimento humano<\/span> m\u00e9dio.<\/p>\n<p>Segundo as escrituras b\u00edblicas, Israel \u00e9 a terra prometida por Deus aos hebreus e o ber\u00e7o da religi\u00e3o e da cultura judaicas<\/p>\n<p><img loading=\"lazy\" decoding=\"async\" class=\"alignnone size-medium wp-image-9772\" src=\"http:\/\/blog.cancaonova.com\/peregrinacoes\/files\/2009\/06\/fotos-terra-santa-1202-300x198.jpg\" alt=\"\" width=\"300\" height=\"198\" \/><\/p>\n<p align=\"center\"><strong>Terra Santa<\/strong>&#8230; S\u00f3 por Obra de Maria.<\/p>\n<p align=\"center\"><a href=\"www.obrademaria.com.br\" target=\"_blank\"><img loading=\"lazy\" decoding=\"async\" class=\"alignnone size-medium wp-image-9474\" src=\"http:\/\/blog.cancaonova.com\/peregrinacoes\/files\/2009\/05\/barra_top6-300x54.jpg\" alt=\"\" width=\"300\" height=\"54\" \/><\/a><\/p>\n<p align=\"center\"><strong> <\/strong><\/p>\n<p align=\"center\">Contatos (0xx12) 3186 2055<\/p>\n<p align=\"center\">ou pelo\u00a0e-mail <span style=\"color: #17397a\">peregrinacoes@cancaonova.com<\/span><\/p>\n<p align=\"center\"><strong>Mais que viagens&#8230; encontros com Deus!<\/strong><\/p>\n<p align=\"center\">Informa\u00e7\u00f5es gerais<\/p>\n<p align=\"center\"><span style=\"font-size: x-small\">(0\u00d712) 3186 2000 ramal 2451<\/span><\/p>\n<p align=\"center\"><a href=\"http:\/\/blog.cancaonova.com\/peregrinacoes\/cadastre-se-aqui\/\">CADASTRE-SE AQUI!<\/a><\/p>\n","protected":false},"excerpt":{"rendered":"<p>Mais que viagens&#8230; encontros com Deus! O Estado de Israel( em \u00e1rabe \u062f\u0648\u0644\u0629 \u0625\u0633\u0631\u0627\u0626\u064a\u0644, transl. Daul\u00e1t Isr\u0101&#8217;\u012bl) \u00e9 um pa\u00eds no Oriente M\u00e9dio, na extremidade sudeste do mar Mediterr\u00e2neo. \u00c9 uma rep\u00fablica democr\u00e1tica parlamentar fundada em 14 de Maio de&#8230;<\/p>\n","protected":false},"author":1,"featured_media":0,"comment_status":"open","ping_status":"closed","sticky":false,"template":"","format":"standard","meta":{"_mi_skip_tracking":false,"_monsterinsights_sitenote_active":false,"_monsterinsights_sitenote_note":"","_monsterinsights_sitenote_category":0,"footnotes":""},"categories":[5041],"tags":[],"_links":{"self":[{"href":"https:\/\/blog.cancaonova.com\/peregrinacoes\/wp-json\/wp\/v2\/posts\/9771"}],"collection":[{"href":"https:\/\/blog.cancaonova.com\/peregrinacoes\/wp-json\/wp\/v2\/posts"}],"about":[{"href":"https:\/\/blog.cancaonova.com\/peregrinacoes\/wp-json\/wp\/v2\/types\/post"}],"author":[{"embeddable":true,"href":"https:\/\/blog.cancaonova.com\/peregrinacoes\/wp-json\/wp\/v2\/users\/1"}],"replies":[{"embeddable":true,"href":"https:\/\/blog.cancaonova.com\/peregrinacoes\/wp-json\/wp\/v2\/comments?post=9771"}],"version-history":[{"count":4,"href":"https:\/\/blog.cancaonova.com\/peregrinacoes\/wp-json\/wp\/v2\/posts\/9771\/revisions"}],"predecessor-version":[{"id":9776,"href":"https:\/\/blog.cancaonova.com\/peregrinacoes\/wp-json\/wp\/v2\/posts\/9771\/revisions\/9776"}],"wp:attachment":[{"href":"https:\/\/blog.cancaonova.com\/peregrinacoes\/wp-json\/wp\/v2\/media?parent=9771"}],"wp:term":[{"taxonomy":"category","embeddable":true,"href":"https:\/\/blog.cancaonova.com\/peregrinacoes\/wp-json\/wp\/v2\/categories?post=9771"},{"taxonomy":"post_tag","embeddable":true,"href":"https:\/\/blog.cancaonova.com\/peregrinacoes\/wp-json\/wp\/v2\/tags?post=9771"}],"curies":[{"name":"wp","href":"https:\/\/api.w.org\/{rel}","templated":true}]}}