{"id":9790,"date":"2009-07-18T15:56:05","date_gmt":"2009-07-18T12:56:05","guid":{"rendered":"http:\/\/blog.cancaonova.com\/peregrinacoes\/?p=9790"},"modified":"2009-07-02T23:29:47","modified_gmt":"2009-07-02T20:29:47","slug":"via-crucis-2","status":"publish","type":"post","link":"https:\/\/blog.cancaonova.com\/peregrinacoes\/2009\/07\/18\/via-crucis-2\/","title":{"rendered":"Via Cr\u00facis"},"content":{"rendered":"<p>Mais que viagens&#8230; encontros com Deus!<\/p>\n<p><img loading=\"lazy\" decoding=\"async\" class=\"alignnone size-medium wp-image-9791\" src=\"http:\/\/blog.cancaonova.com\/peregrinacoes\/files\/2009\/06\/fotos-terra-santa-375-300x197.jpg\" alt=\"\" width=\"300\" height=\"197\" \/><\/p>\n<p>Um trajeto de aproximadamente um quil\u00f4metro e meio da Cidade Antiga de Jerusal\u00e9m, indo desde a Fortaleza Antonia, onde Jesus foi condenado por P\u00f4ncio Pilatos, ao G\u00f3lgota (Calv\u00e1rio), o local da crucifica\u00e7\u00e3o. A via Cr\u00facis \u00e9 marcada por uma capela ou por um marco descrevendo um incidente na jornada final de Jesus. O s\u00edtio tradicional do G\u00f3lgota\/Calv\u00e1rio \u00e9 a Igreja do Santo Sepulcro. Algumas denomina\u00e7\u00f5es crist\u00e3s consideram a tumba do Jardim, fora dos muros da cidade velha, como o verdadeiro localdo G\u00f3lgota\/ Calv\u00e1rio ( Mt 27, Mc 15, Lc 23, Jo 19)<\/p>\n<p><strong>1 esta\u00e7\u00e3o<\/strong><\/p>\n<p>Fortaleza Antonia: Pilatos condena Jesus.<\/p>\n<p><img loading=\"lazy\" decoding=\"async\" class=\"alignnone size-medium wp-image-9792\" src=\"http:\/\/blog.cancaonova.com\/peregrinacoes\/files\/2009\/06\/1estacao-300x199.jpg\" alt=\"\" width=\"300\" height=\"199\" \/><\/p>\n<p><strong>2 esta\u00e7\u00e3o<\/strong><\/p>\n<p>A Capela da Condena\u00e7\u00e3o: Jesus come\u00e7a a carregar a cruz.<\/p>\n<p><img loading=\"lazy\" decoding=\"async\" class=\"alignnone size-medium wp-image-9793\" src=\"http:\/\/blog.cancaonova.com\/peregrinacoes\/files\/2009\/06\/fotos-terra-santa-377-300x197.jpg\" alt=\"\" width=\"300\" height=\"197\" \/><\/p>\n<p><strong>3 esta\u00e7\u00e3o<\/strong><\/p>\n<p>Jesus cai pela pela primeira vez.<\/p>\n<p><img loading=\"lazy\" decoding=\"async\" class=\"alignnone size-medium wp-image-9794\" src=\"http:\/\/blog.cancaonova.com\/peregrinacoes\/files\/2009\/06\/fotos-terra-santa-381-300x197.jpg\" alt=\"\" width=\"300\" height=\"197\" \/><\/p>\n<p><strong>4 esta\u00e7\u00e3o<\/strong><\/p>\n<p>Jesus encontra sua m\u00e3e<\/p>\n<p><img loading=\"lazy\" decoding=\"async\" class=\"alignnone size-medium wp-image-9795\" src=\"http:\/\/blog.cancaonova.com\/peregrinacoes\/files\/2009\/06\/4448-300x225.jpg\" alt=\"\" width=\"300\" height=\"225\" \/><\/p>\n<p><strong>5 esta\u00e7\u00e3o<\/strong><\/p>\n<p>Sim\u00e3o Cireneu ajuda a Jesus a carregar a cruz<\/p>\n<p><img loading=\"lazy\" decoding=\"async\" class=\"alignnone size-medium wp-image-9796\" src=\"http:\/\/blog.cancaonova.com\/peregrinacoes\/files\/2009\/06\/t5-300x225.jpg\" alt=\"\" width=\"300\" height=\"225\" \/><\/p>\n<p><strong>6 esta\u00e7\u00e3o<\/strong><\/p>\n<p>Uma mulher de Jerusal\u00e9m seca o rosto de Jesus com um pano e o pano fica marcado com seu rosto. Vera Nika significa a &#8220;verdadeira imagem&#8221;, assim a mulher fica conhecida como &#8220;Ver\u00f4nica.&#8221;<\/p>\n<p><img loading=\"lazy\" decoding=\"async\" class=\"alignnone size-medium wp-image-9797\" src=\"http:\/\/blog.cancaonova.com\/peregrinacoes\/files\/2009\/06\/fotos-terra-santa-387-199x300.jpg\" alt=\"\" width=\"178\" height=\"269\" \/><\/p>\n<p><strong>7 esta\u00e7\u00e3o<\/strong><\/p>\n<p>Jesus cai pela segunda vez.<\/p>\n<p><img loading=\"lazy\" decoding=\"async\" class=\"alignnone size-medium wp-image-9798\" src=\"http:\/\/blog.cancaonova.com\/peregrinacoes\/files\/2009\/06\/fotos-terra-santa-382-300x197.jpg\" alt=\"\" width=\"300\" height=\"197\" \/><\/p>\n<p><strong>8 esta\u00e7\u00e3o<\/strong><\/p>\n<p>Jesus consola as mulheres de Jerusal\u00e9m<\/p>\n<p><img loading=\"lazy\" decoding=\"async\" class=\"alignnone size-medium wp-image-9799\" src=\"http:\/\/blog.cancaonova.com\/peregrinacoes\/files\/2009\/06\/fotos-terra-santa-383-268x300.jpg\" alt=\"\" width=\"268\" height=\"300\" \/><\/p>\n<p><strong>9 esta\u00e7\u00e3o<\/strong><\/p>\n<p>Jesus cai pela terceira vez<\/p>\n<p><img loading=\"lazy\" decoding=\"async\" class=\"alignnone size-medium wp-image-9800\" src=\"http:\/\/blog.cancaonova.com\/peregrinacoes\/files\/2009\/06\/999992-300x199.jpg\" alt=\"\" width=\"300\" height=\"199\" \/><\/p>\n<p><strong>10 esta\u00e7\u00e3o<\/strong><\/p>\n<p>Jesus \u00e9 despido.<\/p>\n<p><img loading=\"lazy\" decoding=\"async\" class=\"alignnone size-medium wp-image-9925\" src=\"http:\/\/blog.cancaonova.com\/peregrinacoes\/files\/2009\/07\/11-300x199.jpg\" alt=\"\" width=\"300\" height=\"199\" \/><\/p>\n<p><strong>11 esta\u00e7\u00e3o<\/strong><\/p>\n<p>Jesus \u00e9 pregado na cruz<\/p>\n<p><img loading=\"lazy\" decoding=\"async\" class=\"alignnone size-medium wp-image-9926\" src=\"http:\/\/blog.cancaonova.com\/peregrinacoes\/files\/2009\/07\/fotos-terra-santa-394-300x197.jpg\" alt=\"\" width=\"300\" height=\"197\" \/><\/p>\n<p><strong>12 esta\u00e7\u00e3o<\/strong><\/p>\n<p>Jesus morre na cruz<\/p>\n<p><img loading=\"lazy\" decoding=\"async\" class=\"alignnone size-medium wp-image-9927\" src=\"http:\/\/blog.cancaonova.com\/peregrinacoes\/files\/2009\/07\/fotos-terra-santa-395-200x300.jpg\" alt=\"\" width=\"185\" height=\"278\" \/><\/p>\n<p><strong>13 esta\u00e7\u00e3o<\/strong><\/p>\n<p>O corpo de Jesus \u00e9 retirado da cruz e lavado (a Pedra da Un\u00e7\u00e3o).<\/p>\n<p><img loading=\"lazy\" decoding=\"async\" class=\"alignnone size-medium wp-image-9928\" src=\"http:\/\/blog.cancaonova.com\/peregrinacoes\/files\/2009\/07\/fotos-terra-santa-396-300x197.jpg\" alt=\"\" width=\"300\" height=\"197\" \/><\/p>\n<p><strong>14 esta\u00e7\u00e3o<\/strong><\/p>\n<p>O corpo de Jesus \u00e9 colocado na tumba de Jos\u00e9 de Armat\u00e9ia. (* As cinco \u00faltimas esta\u00e7\u00f5es ficam dentro da Igreja do Santo Sepulcro.)<\/p>\n<p><img loading=\"lazy\" decoding=\"async\" class=\"alignnone size-medium wp-image-9929\" src=\"http:\/\/blog.cancaonova.com\/peregrinacoes\/files\/2009\/07\/14-300x199.jpg\" alt=\"\" width=\"300\" height=\"199\" \/><\/p>\n<p><strong>15 esta\u00e7\u00e3o<\/strong><\/p>\n<p>A Ressurei\u00e7\u00e3o de Jesus<\/p>\n<p><img loading=\"lazy\" decoding=\"async\" class=\"alignnone size-medium wp-image-9930\" src=\"http:\/\/blog.cancaonova.com\/peregrinacoes\/files\/2009\/07\/15-300x199.jpg\" alt=\"\" width=\"300\" height=\"199\" \/><\/p>\n<p>&#8220;Houve um tremor de Terra, que fez rolar a pedra que fechava o t\u00famulo do Senhor, ao mesmo tempo que uma luz brlhante saiu de dentro e projetou no ch\u00e3o os soldados, como se estivessem mortos , paralisados contra o solo, enquanto Jesus ressuscitava&#8221;<\/p>\n<p>Deixe seu pedido de ora\u00e7\u00e3o que estaremos depositando nos lugares por onde Jesus passou, na Terra Santa.<\/p>\n<p style=\"text-align: center\"><span><strong>Venha para Terra Santa conosco!<\/strong><\/span><\/p>\n<p style=\"text-align: center\"><span><strong><em>Peregrina\u00e7\u00f5es \u00e9 s\u00f3 por Obra de Maria<\/em><\/strong><\/span><\/p>\n<div>\n<p style=\"text-align: center\"><strong><a href=\"http:\/\/www.obrademaria.com.br\/\" target=\"_blank\"><img loading=\"lazy\" decoding=\"async\" class=\"alignnone size-medium wp-image-9271\" src=\"http:\/\/blog.cancaonova.com\/peregrinacoes\/files\/2009\/05\/barra_top1-300x54.jpg\" alt=\"\" width=\"300\" height=\"54\" \/><\/a><\/strong><\/p>\n<p style=\"text-align: center\"><strong>Mais que viagens\u2026 encontros com Deus! <\/strong><\/p>\n<p style=\"text-align: center\">Contatos (0xx12) 3186 2055<\/p>\n<p style=\"text-align: center\">ou pelo\u00a0e-mail <span style=\"color: #17397a\"><a href=\"mailto:peregrinacoes@cancaonova.com\"><span style=\"color: #17397a\">peregrinacoes@cancaonova.com<\/span><\/a><\/span><\/p>\n<p style=\"text-align: center\">Informa\u00e7\u00f5es gerais<\/p>\n<p style=\"text-align: center\"><span style=\"font-size: x-small\"><span style=\"font-size: xx-small\">(0\u00d712) 3186 2000 ramal 2451<\/span><\/span><\/p>\n<p style=\"text-align: center\"><a href=\"http:\/\/blog.cancaonova.com\/peregrinacoes\/category\/cadastre-se-aqui\/\"><span style=\"color: #17397a\">CADASTRE-SE<\/span><\/a><\/p>\n<p style=\"text-align: left\"><em>Deixe seu coment\u00e1rio<\/em><\/p>\n<\/div>\n","protected":false},"excerpt":{"rendered":"<p>Mais que viagens&#8230; encontros com Deus! Um trajeto de aproximadamente um quil\u00f4metro e meio da Cidade Antiga de Jerusal\u00e9m, indo desde a Fortaleza Antonia, onde Jesus foi condenado por P\u00f4ncio Pilatos, ao G\u00f3lgota (Calv\u00e1rio), o local da crucifica\u00e7\u00e3o. A via&#8230;<\/p>\n","protected":false},"author":1,"featured_media":0,"comment_status":"open","ping_status":"closed","sticky":false,"template":"","format":"standard","meta":{"_mi_skip_tracking":false,"_monsterinsights_sitenote_active":false,"_monsterinsights_sitenote_note":"","_monsterinsights_sitenote_category":0,"footnotes":""},"categories":[5041],"tags":[],"_links":{"self":[{"href":"https:\/\/blog.cancaonova.com\/peregrinacoes\/wp-json\/wp\/v2\/posts\/9790"}],"collection":[{"href":"https:\/\/blog.cancaonova.com\/peregrinacoes\/wp-json\/wp\/v2\/posts"}],"about":[{"href":"https:\/\/blog.cancaonova.com\/peregrinacoes\/wp-json\/wp\/v2\/types\/post"}],"author":[{"embeddable":true,"href":"https:\/\/blog.cancaonova.com\/peregrinacoes\/wp-json\/wp\/v2\/users\/1"}],"replies":[{"embeddable":true,"href":"https:\/\/blog.cancaonova.com\/peregrinacoes\/wp-json\/wp\/v2\/comments?post=9790"}],"version-history":[{"count":4,"href":"https:\/\/blog.cancaonova.com\/peregrinacoes\/wp-json\/wp\/v2\/posts\/9790\/revisions"}],"predecessor-version":[{"id":10140,"href":"https:\/\/blog.cancaonova.com\/peregrinacoes\/wp-json\/wp\/v2\/posts\/9790\/revisions\/10140"}],"wp:attachment":[{"href":"https:\/\/blog.cancaonova.com\/peregrinacoes\/wp-json\/wp\/v2\/media?parent=9790"}],"wp:term":[{"taxonomy":"category","embeddable":true,"href":"https:\/\/blog.cancaonova.com\/peregrinacoes\/wp-json\/wp\/v2\/categories?post=9790"},{"taxonomy":"post_tag","embeddable":true,"href":"https:\/\/blog.cancaonova.com\/peregrinacoes\/wp-json\/wp\/v2\/tags?post=9790"}],"curies":[{"name":"wp","href":"https:\/\/api.w.org\/{rel}","templated":true}]}}