{"id":9857,"date":"2014-12-19T09:36:33","date_gmt":"2014-12-19T11:36:33","guid":{"rendered":"http:\/\/blog.cancaonova.com\/peregrinacoes\/?p=9857"},"modified":"2014-12-19T08:32:44","modified_gmt":"2014-12-19T10:32:44","slug":"igreja-da-visitacao","status":"publish","type":"post","link":"https:\/\/blog.cancaonova.com\/peregrinacoes\/2014\/12\/19\/igreja-da-visitacao\/","title":{"rendered":"Igreja da Visita\u00e7\u00e3o"},"content":{"rendered":"<blockquote>\n<h2 style=\"text-align: center\"><span style=\"color: #0000ff\">Mais que viagens&#8230;\u00a0<\/span><span style=\"color: #0000ff;font-size: 1.8em;line-height: 1.5em\">Encontros com Deus!<\/span><\/h2>\n<\/blockquote>\n<p>A igreja,\u00a0 localiza-se na encosta de uma colina rochosa e sombreada por ciprestes, tamb\u00e9m \u00e9 conhecida como a Igreja do Magnificat (c\u00e2ntico de Maria em Lucas 1:46-55), na comemora\u00e7\u00e3o do seu primo deu resposta Mary Elizabeth no Evangelho epis\u00f3dio da Visita\u00e7\u00e3o. Seu hino \u00e0 gl\u00f3ria do Senhor est\u00e1 escrito em 41 l\u00ednguas, em uma parede da igreja.<\/p>\n<p><a href=\"http:\/\/blog.cancaonova.com\/peregrinacoes\/files\/2009\/06\/fotos-terra-santa-1742.jpg\"><img loading=\"lazy\" decoding=\"async\" class=\"size-medium wp-image-9858 aligncenter\" src=\"http:\/\/blog.cancaonova.com\/peregrinacoes\/files\/2009\/06\/fotos-terra-santa-1742-300x182.jpg\" alt=\"\" width=\"300\" height=\"182\" \/><\/a><br \/>\nA atual bas\u00edlica \u00e9 uma igreja franciscana projetado pelo arquiteto italiano Antonio Barluzzi e constru\u00eddo entre 1938 e 1955. A Ordem Franciscana tinha adquirido o terreno, o mais cedo na segunda metade do s\u00e9culo 17. A constru\u00e7\u00e3o trabalho revelou os restos de mais cedo, mais antigos edif\u00edcios sagrados, nomeadamente, vest\u00edgios de uma igreja da \u00e9poca bizantina e de um edif\u00edcio semelhante levantadas pela Cruzados, no s\u00e9culo 12 foram encontrados.<br \/>\n<a href=\"http:\/\/blog.cancaonova.com\/peregrinacoes\/files\/2009\/06\/fotos-terra-santa-1751.jpg\"><img loading=\"lazy\" decoding=\"async\" class=\"size-medium wp-image-9859 aligncenter\" src=\"http:\/\/blog.cancaonova.com\/peregrinacoes\/files\/2009\/06\/fotos-terra-santa-1751-300x184.jpg\" alt=\"\" width=\"300\" height=\"184\" \/><\/a><br \/>\nNa frente da Igreja da Visita\u00e7\u00e3o, que \u00e9 introduzido atrav\u00e9s de um port\u00e3o em ferro forjado art\u00edstica, \u00e9 um pouco p\u00f3rtico encimado por uma graciosa torre sineira. Este edif\u00edcio \u00e9 constitu\u00eddo por duas partes. No chamado Upper Igreja servi\u00e7os religiosos sejam detidos, ao passo que na cripta encontra-se uma caverna na qual um milagroso Primavera quebrou diante no exato momento em que a Virgem saudou Isabel.<\/p>\n<p>Entre outras curiosidades, vale a pena mencionar uma pedra contra um muro, que tem o cunho de um rapaz do corpo. Tradicionalmente, acredita-se que o menino Jo\u00e3o deixou esta impress\u00e3o, quando Elizabeth escondeu-o de Herodes&#8217;s soldados no momento do abate dos inocentes.<\/p>\n<p align=\"center\"><strong>Venha Peregrinar conosco!!!<\/strong><\/p>\n<blockquote>\n<h4 align=\"center\"><span style=\"color: #800000\"><b>Sa\u00eddas para Terra Santa em todos os meses do ano!!!<\/b><\/span><\/h4>\n<\/blockquote>\n<p align=\"center\">\n<p align=\"center\"><strong><span style=\"text-decoration: underline\"><span style=\"color: #0000ff\">Informe-se<\/span><\/span><\/strong><\/p>\n<p style=\"text-align: center\"><a href=\"http:\/\/blog.cancaonova.com\/peregrinacoes\/files\/2014\/09\/Logo-Obra-de-Maria-Azul.png\"><img loading=\"lazy\" decoding=\"async\" class=\"aligncenter size-medium wp-image-14228\" src=\"http:\/\/blog.cancaonova.com\/peregrinacoes\/files\/2014\/09\/Logo-Obra-de-Maria-Azul-300x122.png\" alt=\"Logo-Obra-de-Maria-Azul\" width=\"300\" height=\"122\" \/><\/a><\/p>\n<p align=\"center\">Contatos (0xx12) 31860 2055<\/p>\n<p align=\"center\">ou pelo\u00a0e-mail <span style=\"color: #17397a\">peregrinacoes@cancaonova.com<\/span><\/p>\n<p align=\"center\">Mais que viagens&#8230; encontros com Deus!<\/p>\n<p align=\"center\">Informa\u00e7\u00f5es gerais<\/p>\n<p align=\"center\"><span style=\"font-size: x-small\">(0\u00d712) 3186 2000 ramal 2055<\/span><\/p>\n","protected":false},"excerpt":{"rendered":"<p>Mais que viagens&#8230;\u00a0Encontros com Deus! A igreja,\u00a0 localiza-se na encosta de uma colina rochosa e sombreada por ciprestes, tamb\u00e9m \u00e9 conhecida como a Igreja do Magnificat (c\u00e2ntico de Maria em Lucas 1:46-55), na comemora\u00e7\u00e3o do seu primo deu resposta Mary&#8230;<\/p>\n","protected":false},"author":1,"featured_media":14433,"comment_status":"open","ping_status":"closed","sticky":false,"template":"","format":"standard","meta":{"_mi_skip_tracking":false,"_monsterinsights_sitenote_active":false,"_monsterinsights_sitenote_note":"","_monsterinsights_sitenote_category":0,"footnotes":""},"categories":[1281,5041],"tags":[],"_links":{"self":[{"href":"https:\/\/blog.cancaonova.com\/peregrinacoes\/wp-json\/wp\/v2\/posts\/9857"}],"collection":[{"href":"https:\/\/blog.cancaonova.com\/peregrinacoes\/wp-json\/wp\/v2\/posts"}],"about":[{"href":"https:\/\/blog.cancaonova.com\/peregrinacoes\/wp-json\/wp\/v2\/types\/post"}],"author":[{"embeddable":true,"href":"https:\/\/blog.cancaonova.com\/peregrinacoes\/wp-json\/wp\/v2\/users\/1"}],"replies":[{"embeddable":true,"href":"https:\/\/blog.cancaonova.com\/peregrinacoes\/wp-json\/wp\/v2\/comments?post=9857"}],"version-history":[{"count":6,"href":"https:\/\/blog.cancaonova.com\/peregrinacoes\/wp-json\/wp\/v2\/posts\/9857\/revisions"}],"predecessor-version":[{"id":14494,"href":"https:\/\/blog.cancaonova.com\/peregrinacoes\/wp-json\/wp\/v2\/posts\/9857\/revisions\/14494"}],"wp:featuredmedia":[{"embeddable":true,"href":"https:\/\/blog.cancaonova.com\/peregrinacoes\/wp-json\/wp\/v2\/media\/14433"}],"wp:attachment":[{"href":"https:\/\/blog.cancaonova.com\/peregrinacoes\/wp-json\/wp\/v2\/media?parent=9857"}],"wp:term":[{"taxonomy":"category","embeddable":true,"href":"https:\/\/blog.cancaonova.com\/peregrinacoes\/wp-json\/wp\/v2\/categories?post=9857"},{"taxonomy":"post_tag","embeddable":true,"href":"https:\/\/blog.cancaonova.com\/peregrinacoes\/wp-json\/wp\/v2\/tags?post=9857"}],"curies":[{"name":"wp","href":"https:\/\/api.w.org\/{rel}","templated":true}]}}