{"id":10976,"date":"2012-06-05T14:06:06","date_gmt":"2012-06-05T17:06:06","guid":{"rendered":"http:\/\/blog.cancaonova.com\/redacao\/?p=10976"},"modified":"2012-06-06T15:13:28","modified_gmt":"2012-06-06T18:13:28","slug":"cancao-nova-atinge-300-mil-curticoes-no-facebook","status":"publish","type":"post","link":"https:\/\/blog.cancaonova.com\/redacao\/cancao-nova-atinge-300-mil-curticoes-no-facebook\/","title":{"rendered":"Can\u00e7\u00e3o Nova atinge 300 mil curti\u00e7\u00f5es no Facebook"},"content":{"rendered":"<hr \/>\n<p style=\"text-align: center;\"><a href=\"http:\/\/www.facebook.com\/cancaonova\" target=\"_blank\"><strong>CLIQUE AQUI ACOMPANHE AO VIVO O AC\u00daSTICO COM ELIANA RIBEIRO<\/strong><\/a><\/p>\n<hr \/>\n<p><strong><em>A Can\u00e7\u00e3o Nova quer comemorar com voc\u00ea esta marca<\/em><\/strong><\/p>\n<p><a rel=\"attachment wp-att-10985\" href=\"http:\/\/blog.cancaonova.com\/redacao\/cancao-nova-atinge-300-mil-curticoes-no-facebook\/05_eventos-002-2\/\"><img loading=\"lazy\" decoding=\"async\" class=\"alignleft size-full wp-image-10985\" src=\"http:\/\/blog.cancaonova.com\/redacao\/files\/2012\/06\/05_eventos-002.jpg\" alt=\"300 mil f\u00e3s no Facebook\" width=\"333\" height=\"225\" srcset=\"https:\/\/blog.cancaonova.com\/redacao\/files\/2012\/06\/05_eventos-002.jpg 370w, https:\/\/blog.cancaonova.com\/redacao\/files\/2012\/06\/05_eventos-002-300x202.jpg 300w\" sizes=\"(max-width: 333px) 100vw, 333px\" \/><\/a><\/p>\n<p style=\"text-align: justify;\">A Can\u00e7\u00e3o Nova acaba de chegar \u00e0 marca de 300 mil curti\u00e7\u00f5es. Bora comemorar, galera!<\/p>\n<p style=\"text-align: justify;\">Como forma de agradecer aos 300 mil usu\u00e1rios que fazem parte dessa fam\u00edlia &#8211; entre s\u00f3cios evangelizadores, amigos e parceiros -, n\u00f3s estamos organizando uma transmiss\u00e3o, ao vivo, com\u00a0<a href=\"http:\/\/blog.cancaonova.com\/elianaribeiro\/\" target=\"_blank\">Eliana Ribeiro<\/a>.<\/p>\n<p style=\"text-align: justify;\">Fique ligado no nosso\u00a0<a href=\"http:\/\/www.facebook.com\/cancaonova\" target=\"_blank\">Facebook<\/a> para saber\u00a0todas as novidades.<\/p>\n<p style=\"text-align: justify;\">Se voc\u00ea ainda n\u00e3o curte nossa p\u00e1gina, corra l\u00e1, ainda d\u00e1 tempo. Voc\u00ea n\u00e3o vai ficar de fora dessa festa, vai?<\/p>\n<p style=\"text-align: justify;\">A p\u00e1gina da Can\u00e7\u00e3o Nova no Facebook possui um alcance aproximado de 8 milh\u00f5es de usu\u00e1rios. \u00c9 por meio desta ferramenta que o internauta fica por dentro de tudo que acontece nos principais canais do cancaonova.com, al\u00e9m de receber, em sua timeline, imagens e frases dos principais pregadores da comunidade cat\u00f3lica.<\/p>\n<p style=\"text-align: justify;\">A Can\u00e7\u00e3o Nova realiza seu trabalho de evangeliza\u00e7\u00e3o pelos meios de comunica\u00e7\u00e3o, isso inclui atualmente v\u00e1rias m\u00eddias sociais como <strong><a href=\"http:\/\/twitter.com\/cancaonova\" target=\"_blank\">Twitter<\/a><\/strong>, <strong><a href=\"http:\/\/www.facebook.com\/cancaonova\" target=\"_blank\">Facebook<\/a><\/strong>, <strong><a href=\"http:\/\/plus.google.com\/b\/116552566546956895257\/116552566546956895257\" target=\"_blank\">Google Plus<\/a><\/strong>, entre outros.<\/p>\n<hr \/>\n<p style=\"text-align: justify;\">&#8220;Curtir&#8221; uma p\u00e1gina significa que a pessoa se interessou pelo conte\u00fado que ali \u00e9 publicado e clicou no bot\u00e3o &#8220;curtir&#8221;. Com isso, ela passa a receber todas as novidades da Can\u00e7\u00e3o Nova direto no seu Facebook.<\/p>\n<hr \/>\n<p><span style=\"font-weight: bold;\">Conhe\u00e7a mais do nosso conte\u00fado:<\/span><\/p>\n<p><a href=\"http:\/\/www.webtvcn.com\/\" target=\"_blank\">:: WebTVCN, muitos v\u00eddeos para voc\u00ea<\/a><br \/>\n<a href=\"http:\/\/gentedefe.com\/\" target=\"_blank\">:: Gente de f\u00e9, a sua comunidade de relacionamento crist\u00e3<\/a><br \/>\n<a href=\"http:\/\/podcast.cancaonova.com\/\" target=\"_blank\">:: Podcasts: ou\u00e7a \u00e1udios sobre variados assuntos<\/a><br \/>\n<a href=\"http:\/\/paroquias.cancaonova.com\/\" target=\"_blank\">:: Cadastre sua par\u00f3quia ou capela no Portal Can\u00e7\u00e3o Nova<\/a><\/p>\n<p><strong>Para o seu celular:<\/strong><\/p>\n<p><a href=\"http:\/\/m.cancaonova.com\/\" target=\"_blank\">:: Can\u00e7\u00e3o Nova Mobile<\/a><br \/>\n<a href=\"http:\/\/m.cancaonova.com\/mobile\/?cat=1\" target=\"_blank\">:: Conhe\u00e7a nossos aplicativos para iOS<\/a><br \/>\n<a href=\"http:\/\/m.cancaonova.com\/mobile\/?cat=6\" target=\"_blank\">:: Conhe\u00e7a nossos aplicativos para Android<\/a><\/p>\n<p><strong>Mais canais na web:<\/strong><\/p>\n<p><a href=\"http:\/\/meadiciona.com\/cancaonova\" target=\"_blank\">:: meadiciona.com\/cancaonova<\/a><\/p>\n","protected":false},"excerpt":{"rendered":"<p>CLIQUE AQUI ACOMPANHE AO VIVO O AC\u00daSTICO COM ELIANA RIBEIRO A Can\u00e7\u00e3o Nova quer comemorar com voc\u00ea esta marca A Can\u00e7\u00e3o Nova acaba de chegar \u00e0 marca de 300 mil curti\u00e7\u00f5es. Bora comemorar, galera! Como forma de agradecer aos 300&#8230;<\/p>\n","protected":false},"author":4543,"featured_media":0,"comment_status":"open","ping_status":"open","sticky":false,"template":"","format":"standard","meta":{"_mi_skip_tracking":false,"_monsterinsights_sitenote_active":false,"_monsterinsights_sitenote_note":"","_monsterinsights_sitenote_category":0,"footnotes":""},"categories":[27],"tags":[5011,27678,14201,124629,29916,3721],"_links":{"self":[{"href":"https:\/\/blog.cancaonova.com\/redacao\/wp-json\/wp\/v2\/posts\/10976"}],"collection":[{"href":"https:\/\/blog.cancaonova.com\/redacao\/wp-json\/wp\/v2\/posts"}],"about":[{"href":"https:\/\/blog.cancaonova.com\/redacao\/wp-json\/wp\/v2\/types\/post"}],"author":[{"embeddable":true,"href":"https:\/\/blog.cancaonova.com\/redacao\/wp-json\/wp\/v2\/users\/4543"}],"replies":[{"embeddable":true,"href":"https:\/\/blog.cancaonova.com\/redacao\/wp-json\/wp\/v2\/comments?post=10976"}],"version-history":[{"count":46,"href":"https:\/\/blog.cancaonova.com\/redacao\/wp-json\/wp\/v2\/posts\/10976\/revisions"}],"predecessor-version":[{"id":11004,"href":"https:\/\/blog.cancaonova.com\/redacao\/wp-json\/wp\/v2\/posts\/10976\/revisions\/11004"}],"wp:attachment":[{"href":"https:\/\/blog.cancaonova.com\/redacao\/wp-json\/wp\/v2\/media?parent=10976"}],"wp:term":[{"taxonomy":"category","embeddable":true,"href":"https:\/\/blog.cancaonova.com\/redacao\/wp-json\/wp\/v2\/categories?post=10976"},{"taxonomy":"post_tag","embeddable":true,"href":"https:\/\/blog.cancaonova.com\/redacao\/wp-json\/wp\/v2\/tags?post=10976"}],"curies":[{"name":"wp","href":"https:\/\/api.w.org\/{rel}","templated":true}]}}