{"id":11296,"date":"2012-06-19T15:00:10","date_gmt":"2012-06-19T18:00:10","guid":{"rendered":"http:\/\/blog.cancaonova.com\/redacao\/?p=11296"},"modified":"2012-06-21T15:19:00","modified_gmt":"2012-06-21T18:19:00","slug":"qual-midia-social-atende-suas-necessidades","status":"publish","type":"post","link":"https:\/\/blog.cancaonova.com\/redacao\/qual-midia-social-atende-suas-necessidades\/","title":{"rendered":"Qual m\u00eddia social atende suas necessidades?"},"content":{"rendered":"<p style=\"text-align: justify;\">Atualmente, h\u00e1 centenas de m\u00eddias sociais com as mais diversas finalidades espalhadas pela internet. Ao contr\u00e1rio do que muitos pensam, mais do que estar presente em todas elas, \u00e9 preciso saber onde atuar com qualidade e efic\u00e1cia.<\/p>\n<p style=\"text-align: justify;\"><a rel=\"attachment wp-att-11297\" href=\"http:\/\/blog.cancaonova.com\/redacao\/qual-midia-social-atende-suas-necessidades\/370-250-300x202\/\"><img loading=\"lazy\" decoding=\"async\" class=\"alignleft size-full wp-image-11297\" src=\"http:\/\/blog.cancaonova.com\/redacao\/files\/2012\/06\/370-250-300x202.jpg\" alt=\"M\u00eddias Sociais\" width=\"300\" height=\"202\" \/><\/a>Para isso, \u00e9 preciso identificar a necessidade da institui\u00e7\u00e3o antes de criar sua conta em determinado servi\u00e7o, assim como o p\u00fablico-alvo e a forma que deseja interagir com ele.<\/p>\n<p style=\"text-align: justify;\">Para fazer essa identifica\u00e7\u00e3o com efic\u00e1cia, \u00e9 preciso responder, primeiramente, tr\u00eas perguntas: \u201cQuem eu quero atingir?\u201d, \u201cComo eu quero atingi-los?\u201d e \u201cO que eu espero alcan\u00e7ar?\u201d. Tendo posse dessas respostas, voc\u00ea ter\u00e1 cumprido a primeira etapa para iniciar uma campanha de Marketing de M\u00eddias Sociais.<\/p>\n<p style=\"text-align: justify;\">O passo seguinte \u00e9 conhecer as redes sociais e saber quais as suas finalidades. S\u00f3 assim ser\u00e1 poss\u00edvel tra\u00e7ar um plano de a\u00e7\u00e3o baseado em um ou mais recursos de intera\u00e7\u00e3o.<!--more--><\/p>\n<p style=\"text-align: justify;\">Para que toda a teoria apresentada fique mais clara, vamos pegar como exemplo uma par\u00f3quia que deseja divulgar seus trabalhos voltados para os jovens da comunidade.<\/p>\n<p style=\"text-align: justify;\">Podemos ver que a primeira pergunta j\u00e1 foi respondida no pr\u00f3prio problema: o p\u00fablico-alvo \u00e9 o jovem, geralmente na faixa et\u00e1ria de 15 a 25 anos. Para a segunda pergunta, podemos verificar quais as formas usadas para a divulga\u00e7\u00e3o, ou seja, \u00e1udio, imagem ou v\u00eddeo. Isso precisa estar bem claro para a equipe, pois ela deve estar qualificada para o trabalho e os equipamentos devem estar \u00e0 sua disposi\u00e7\u00e3o.<\/p>\n<p style=\"text-align: justify;\">Hoje, com a baixa no pre\u00e7o dos eletr\u00f4nicos, \u00e9 poss\u00edvel trabalhar a\u00e7\u00f5es multim\u00eddias utilizando apenas um equipamento, mesmo que este n\u00e3o tenha qualidade profissional.<\/p>\n<p style=\"text-align: justify;\">Para responder a terceira pergunta, \u00e9 preciso tra\u00e7ar o objetivo dessa campanha. Nesse caso, o que se espera \u00e9 divulgar o trabalho para os jovens da comunidade. Um trabalho de divulga\u00e7\u00e3o caracteriza uma a\u00e7\u00e3o totalmente diferente, pois, geralmente, atinge um p\u00fablico que nem ao menos conhece seu trabalho. Ent\u00e3o, \u00e9 preciso apresent\u00e1-lo como se fosse algo novo, mas, ao mesmo tempo, ser objetivo.<\/p>\n<p style=\"text-align: justify;\">Uma a\u00e7\u00e3o de marketing em m\u00eddias sociais \u00e9 algo que requer tempo e dedica\u00e7\u00e3o, por isso \u00e9 preciso levar em considera\u00e7\u00e3o a possibilidade de ter uma pessoa ou equipe trabalhando nessa \u00e1rea.<\/p>\n<p style=\"text-align: justify;\">A realidade de muitas igrejas no Brasil n\u00e3o permite grandes investimentos, sendo assim, a criatividade ser\u00e1 um diferencial essencial em qualquer a\u00e7\u00e3o trabalhada. Tendo como exemplo a realidade da par\u00f3quia citada acima, seria indicado trabalhar com, no m\u00e1ximo, tr\u00eas m\u00eddias distintas, tentando fazer com que uma complemente a outra.<\/p>\n<p style=\"text-align: justify;\">Para essa indica\u00e7\u00e3o em espec\u00edfico, o ideal \u00e9 trabalhar com tr\u00eas m\u00eddias sociais:<\/p>\n<p style=\"text-align: justify;\"><strong>Twitter<\/strong> \u2013 apesar do limite de caracteres, ainda \u00e9 o canal mais indicado para intera\u00e7\u00e3o com os usu\u00e1rios que se interessam pelo seu conte\u00fado. \u00c9 recomendado para a transmiss\u00e3o de informa\u00e7\u00f5es curtas, geralmente com links direcionados para um conte\u00fado mais detalhado ou para uma imagem. Essa ferramenta \u00e9 muito eficiente para identificar a opini\u00e3o dos usu\u00e1rios sobre o que \u00e9 publicado.<em><br \/>\n<\/em><\/p>\n<p style=\"text-align: justify;\"><strong>Facebook<\/strong> \u2013 permite engajamento e intera\u00e7\u00e3o maior com os usu\u00e1rios, al\u00e9m de ser totalmente personaliz\u00e1vel. Ele pode ser utilizado tamb\u00e9m como reposit\u00f3rio de fotos e v\u00eddeos, caso a estrutura da par\u00f3quia n\u00e3o permita a utiliza\u00e7\u00e3o de m\u00eddias espec\u00edficas.<br \/>\n<em>Dica<\/em>: \u00c9 importante ressaltar que para as empresas, institui\u00e7\u00f5es e personalidades \u00e9 necess\u00e1rio a cria\u00e7\u00e3o de uma &#8220;p\u00e1gina&#8221;, pois o recurso &#8220;perfil&#8221; \u00e9 indicado para usu\u00e1rios comuns. Os perfis possuem limita\u00e7\u00e3o de apenas 5 mil amigos, j\u00e1 as p\u00e1ginas suportam um n\u00famero maior de f\u00e3s e permitem a utiliza\u00e7\u00e3o de recursos interessantes pelos aplicativos para o Facebook.<\/p>\n<p style=\"text-align: justify;\"><strong>Blog<\/strong> &#8211;  deve ser rico em conte\u00fado, pois ser\u00e1 o lugar para o qual todas as m\u00eddias sociais v\u00e3o convergir. \u00c9 por meio dele que voc\u00ea vai manter as demais ferramentas. \u00c9 interessante utilizar, principalmente, o Twitter para redirecionar o conte\u00fado do seu blog, assim como utilizar o Facebook para divulgar novas postagens que voc\u00ea vai produzir. \u00c9 recomend\u00e1vel, ao menos nos seis primeiros meses, que as postagens sejam di\u00e1rias, pois isso contribue para que seu blog ganhe relev\u00e2ncia comparado a outros do mesmo segmento.<\/p>\n<p style=\"text-align: justify;\">Portanto, o segredo \u00e9 saber onde estar, qual conceito de ferramenta utilizar e, principalmente, ter disponibilidade e criatividade para extrair o m\u00e1ximo do que ela pode oferecer. As m\u00eddias sociais s\u00e3o uma realidade e devem ser exploradas em prol da evangeliza\u00e7\u00e3o.<\/p>\n","protected":false},"excerpt":{"rendered":"<p>Atualmente, h\u00e1 centenas de m\u00eddias sociais com as mais diversas finalidades espalhadas pela internet. Ao contr\u00e1rio do que muitos pensam, mais do que estar presente em todas elas, \u00e9 preciso saber onde atuar com qualidade e efic\u00e1cia. Para isso, \u00e9&#8230;<\/p>\n","protected":false},"author":4543,"featured_media":11297,"comment_status":"open","ping_status":"open","sticky":false,"template":"","format":"standard","meta":{"_mi_skip_tracking":false,"_monsterinsights_sitenote_active":false,"_monsterinsights_sitenote_note":"","_monsterinsights_sitenote_category":0,"footnotes":""},"categories":[27],"tags":[671,5011,14201,50749,113,3721],"_links":{"self":[{"href":"https:\/\/blog.cancaonova.com\/redacao\/wp-json\/wp\/v2\/posts\/11296"}],"collection":[{"href":"https:\/\/blog.cancaonova.com\/redacao\/wp-json\/wp\/v2\/posts"}],"about":[{"href":"https:\/\/blog.cancaonova.com\/redacao\/wp-json\/wp\/v2\/types\/post"}],"author":[{"embeddable":true,"href":"https:\/\/blog.cancaonova.com\/redacao\/wp-json\/wp\/v2\/users\/4543"}],"replies":[{"embeddable":true,"href":"https:\/\/blog.cancaonova.com\/redacao\/wp-json\/wp\/v2\/comments?post=11296"}],"version-history":[{"count":15,"href":"https:\/\/blog.cancaonova.com\/redacao\/wp-json\/wp\/v2\/posts\/11296\/revisions"}],"predecessor-version":[{"id":11393,"href":"https:\/\/blog.cancaonova.com\/redacao\/wp-json\/wp\/v2\/posts\/11296\/revisions\/11393"}],"wp:featuredmedia":[{"embeddable":true,"href":"https:\/\/blog.cancaonova.com\/redacao\/wp-json\/wp\/v2\/media\/11297"}],"wp:attachment":[{"href":"https:\/\/blog.cancaonova.com\/redacao\/wp-json\/wp\/v2\/media?parent=11296"}],"wp:term":[{"taxonomy":"category","embeddable":true,"href":"https:\/\/blog.cancaonova.com\/redacao\/wp-json\/wp\/v2\/categories?post=11296"},{"taxonomy":"post_tag","embeddable":true,"href":"https:\/\/blog.cancaonova.com\/redacao\/wp-json\/wp\/v2\/tags?post=11296"}],"curies":[{"name":"wp","href":"https:\/\/api.w.org\/{rel}","templated":true}]}}