{"id":11353,"date":"2012-06-20T17:33:29","date_gmt":"2012-06-20T20:33:29","guid":{"rendered":"http:\/\/blog.cancaonova.com\/redacao\/?p=11353"},"modified":"2012-06-21T15:18:49","modified_gmt":"2012-06-21T18:18:49","slug":"saiba-o-que-aconteceu-no-riosocial","status":"publish","type":"post","link":"https:\/\/blog.cancaonova.com\/redacao\/saiba-o-que-aconteceu-no-riosocial\/","title":{"rendered":"Saiba o que aconteceu no Rio+Social"},"content":{"rendered":"<p><strong>Evento reuniu profissionais de m\u00eddias sociais e personalidades do mundo inteiro<\/strong><\/p>\n<p style=\"text-align: justify;\">Ontem, dia 19 de junho, aconteceu o Rio+Social, um evento que, paralelamente ao Rio+20, buscou encontrar solu\u00e7\u00f5es vi\u00e1veis para problemas de sustentabilidade e meio ambiente. O Portal Can\u00e7\u00e3o Nova esteve presente no encontro e acompanhou tudo que foi discutido.<\/p>\n<p style=\"text-align: justify;\"><a rel=\"attachment wp-att-11354\" href=\"http:\/\/blog.cancaonova.com\/redacao\/saiba-o-que-aconteceu-no-riosocial\/58406126388125580_r18yvmur_f\/\"><img loading=\"lazy\" decoding=\"async\" class=\"alignleft size-full wp-image-11354\" src=\"http:\/\/blog.cancaonova.com\/redacao\/files\/2012\/06\/58406126388125580_r18yvmUr_f.jpg\" alt=\"Rio+Social\" width=\"370\" height=\"250\" srcset=\"https:\/\/blog.cancaonova.com\/redacao\/files\/2012\/06\/58406126388125580_r18yvmUr_f.jpg 370w, https:\/\/blog.cancaonova.com\/redacao\/files\/2012\/06\/58406126388125580_r18yvmUr_f-300x202.jpg 300w\" sizes=\"(max-width: 370px) 100vw, 370px\" \/><\/a>O Rio+Social reuniu personalidades, profissionais e defensores dessas causas em um mesmo palco, permitindo que os 500 convidados, que l\u00e1 estiveram, pudessem ver a realidade desses problemas de v\u00e1rios \u00e2ngulos.<\/p>\n<p style=\"text-align: justify;\">Entre as pessoas que passaram pelo palco estava Pete Cashmore, fundador do grupo Mashable; Luciano Hulk, presidente do Instituto Criar; Ted Turner, presidente da CNN e da Funda\u00e7\u00e3o das Na\u00e7\u00f5es Unidas; Hans Vestberg, presidente da Ericsson, entre outros.<\/p>\n<p style=\"text-align: justify;\">Um dos principais temas debatidos nas mesas-redondas foi \u201ccomo os jovens podem fazer a diferen\u00e7a nas m\u00eddias sociais, lutando pelo meio ambiente e a sustentabilidade\u201d. Ted Turner foi enf\u00e1tico quando disse que n\u00e3o podemos delegar tarefas de acordo com a idade, sexo ou classe social.<!--more--><\/p>\n<p style=\"text-align: justify;\">\u201cQuando tive a inspira\u00e7\u00e3o de produzir o desenho \u201cCapit\u00e3o Planeta\u201d &#8211; primeiro desenho a abordar temas ambientais -, n\u00e3o era mais jovem, mas, mesmo assim, vi que precisava fazer algo mais do que j\u00e1 fazia. Utilizei-me dos recursos daquela \u00e9poca e, mesmo que a tecnologia tenha mudado, o esfor\u00e7o e iniciativa precisam ser os mesmos\u201d, afirmou o presidente da CNN.<\/p>\n<p style=\"text-align: justify;\"><strong>Rio C+40<\/strong><\/p>\n<p style=\"text-align: justify;\">Foi uma c\u00fapula, paralela ao Rio+20, que reuniu os prefeitos das 40 maiores cidades do mundo, entre eles os governantes da cidade de S\u00e3o Paulo e do Rio de Janeiro. O principal tema debatido foi encontrar um modo de diminuir a emiss\u00e3o de gases que provocam o efeito estufa.<\/p>\n<p style=\"text-align: justify;\">Ao fim do dia, eles assinaram um documento, no qual se comprometem a diminuir em 1,3 bilh\u00f5es de toneladas as emiss\u00f5es de CO\u00b2 na atmosfera at\u00e9 2030. Esse n\u00famero \u00e9 semelhante \u00e0 emiss\u00e3o de gases que pa\u00edses como o Brasil e o M\u00e9xico podem produzir em 18 anos.<\/p>\n<p style=\"text-align: justify;\"><strong>Rio+20<\/strong><\/p>\n<p style=\"text-align: justify;\">Hoje, dia 20 de junho, l\u00edderes de 193 pa\u00edses estar\u00e3o reunidos na Rio+20 para assinar o documento elaborado durante todo o evento. Alguns especialistas dizem que o rascunho ficou abaixo da expectativa, pois pontos esperados, como metas e prazos, n\u00e3o foram estipulados. Outra meta que tamb\u00e9m n\u00e3o consta no documento \u00e9 a cria\u00e7\u00e3o de uma comiss\u00e3o da ONU espec\u00edfica para tratar de assuntos ambientais.<\/p>\n<p style=\"text-align: justify;\">O ministro da Secretaria Geral da Presid\u00eancia, Gilberto Carvalho, acredita em altera\u00e7\u00f5es no documento que foi apresentado, na madrugada de ter\u00e7a-feira, pelos mais de 700 diplomatas.<\/p>\n<p style=\"text-align: justify;\">\u201cA cr\u00edtica das entidades da sociedade civil tem de ser levada em considera\u00e7\u00e3o. N\u00e3o vamos dar esse texto por definitivo. J\u00e1 houve algumas confer\u00eancias em que a a\u00e7\u00e3o dos governantes p\u00f4de levar a mudan\u00e7as. O texto apresentado aqui \u00e9 um texto base. Haver\u00e1 ainda muita discuss\u00e3o em torno dele. Penso que as cr\u00edticas s\u00e3o importantes para contribuir com esse debate\u201d, disse o ministro.<\/p>\n","protected":false},"excerpt":{"rendered":"<p>Evento reuniu profissionais de m\u00eddias sociais e personalidades do mundo inteiro Ontem, dia 19 de junho, aconteceu o Rio+Social, um evento que, paralelamente ao Rio+20, buscou encontrar solu\u00e7\u00f5es vi\u00e1veis para problemas de sustentabilidade e meio ambiente. O Portal Can\u00e7\u00e3o Nova&#8230;<\/p>\n","protected":false},"author":4543,"featured_media":11354,"comment_status":"open","ping_status":"open","sticky":false,"template":"","format":"standard","meta":{"_mi_skip_tracking":false,"_monsterinsights_sitenote_active":false,"_monsterinsights_sitenote_note":"","_monsterinsights_sitenote_category":0,"footnotes":""},"categories":[1351],"tags":[32592,124659,124657,124656,16011],"_links":{"self":[{"href":"https:\/\/blog.cancaonova.com\/redacao\/wp-json\/wp\/v2\/posts\/11353"}],"collection":[{"href":"https:\/\/blog.cancaonova.com\/redacao\/wp-json\/wp\/v2\/posts"}],"about":[{"href":"https:\/\/blog.cancaonova.com\/redacao\/wp-json\/wp\/v2\/types\/post"}],"author":[{"embeddable":true,"href":"https:\/\/blog.cancaonova.com\/redacao\/wp-json\/wp\/v2\/users\/4543"}],"replies":[{"embeddable":true,"href":"https:\/\/blog.cancaonova.com\/redacao\/wp-json\/wp\/v2\/comments?post=11353"}],"version-history":[{"count":21,"href":"https:\/\/blog.cancaonova.com\/redacao\/wp-json\/wp\/v2\/posts\/11353\/revisions"}],"predecessor-version":[{"id":11391,"href":"https:\/\/blog.cancaonova.com\/redacao\/wp-json\/wp\/v2\/posts\/11353\/revisions\/11391"}],"wp:featuredmedia":[{"embeddable":true,"href":"https:\/\/blog.cancaonova.com\/redacao\/wp-json\/wp\/v2\/media\/11354"}],"wp:attachment":[{"href":"https:\/\/blog.cancaonova.com\/redacao\/wp-json\/wp\/v2\/media?parent=11353"}],"wp:term":[{"taxonomy":"category","embeddable":true,"href":"https:\/\/blog.cancaonova.com\/redacao\/wp-json\/wp\/v2\/categories?post=11353"},{"taxonomy":"post_tag","embeddable":true,"href":"https:\/\/blog.cancaonova.com\/redacao\/wp-json\/wp\/v2\/tags?post=11353"}],"curies":[{"name":"wp","href":"https:\/\/api.w.org\/{rel}","templated":true}]}}