{"id":11414,"date":"2012-06-22T17:07:48","date_gmt":"2012-06-22T20:07:48","guid":{"rendered":"http:\/\/blog.cancaonova.com\/redacao\/?p=11414"},"modified":"2012-06-22T17:07:49","modified_gmt":"2012-06-22T20:07:49","slug":"cancao-nova-investe-na-evangelizacao-infantojuvenil","status":"publish","type":"post","link":"https:\/\/blog.cancaonova.com\/redacao\/cancao-nova-investe-na-evangelizacao-infantojuvenil\/","title":{"rendered":"Can\u00e7\u00e3o Nova investe na Evangeliza\u00e7\u00e3o infantojuvenil"},"content":{"rendered":"<p style=\"text-align: justify\">A Can\u00e7\u00e3o Nova est\u00e1 investindo, cada vez mais, na evangeliza\u00e7\u00e3o de crian\u00e7as e pr\u00e9-adolescentes por meio de livros infantis:<\/p>\n<p style=\"text-align: justify\">Neste m\u00eas, a Editora Can\u00e7\u00e3o Nova disponibiliza dois novos produtos. O primeiro que gostar\u00edamos de lhe apresentar \u00e9 o primeiro Mang\u00e1 cat\u00f3lico, em l\u00edngua portuguesa, cujo tema \u00e9 &#8216;Rei Davi&#8217;.<\/p>\n<p style=\"text-align: justify\">Nesta primeira edi\u00e7\u00e3o, voc\u00ea conhecer\u00e1 Davi &#8211; um dos mais interessantes e fascinantes reis do Antigo Testamento &#8211; de uma forma surpreendente, sem deixar de lado a riqueza dos seus ensinamentos.<\/p>\n<p style=\"text-align: justify\">A hist\u00f3ria \u00e9 contada com incr\u00edveis ilustra\u00e7\u00f5es, di\u00e1logos inteligentes e uma pitada de irrever\u00eancia.\u00a0Esta leitura \u00e9 para voc\u00ea que quer conhecer e se aprofundar nas hist\u00f3rias b\u00edblicas de um jeito inovador e descontra\u00eddo.<\/p>\n<p style=\"text-align: justify\">Venha embarcar conosco na saga desse her\u00f3i b\u00edblico e se encantar com sua hist\u00f3ria!<\/p>\n<p><a rel=\"attachment wp-att-11419\" href=\"http:\/\/blog.cancaonova.com\/redacao\/cancao-nova-investe-na-evangelizacao-infantojuvenil\/mangaa1-2\/\"><img loading=\"lazy\" decoding=\"async\" class=\"aligncenter size-full wp-image-11419\" src=\"http:\/\/blog.cancaonova.com\/redacao\/files\/2012\/06\/mangaa11.jpg\" alt=\"Primeiro Mang\u00e1 Cat\u00f3lico em Portugu\u00eas\" width=\"600\" height=\"600\" srcset=\"https:\/\/blog.cancaonova.com\/redacao\/files\/2012\/06\/mangaa11.jpg 600w, https:\/\/blog.cancaonova.com\/redacao\/files\/2012\/06\/mangaa11-150x150.jpg 150w, https:\/\/blog.cancaonova.com\/redacao\/files\/2012\/06\/mangaa11-300x300.jpg 300w\" sizes=\"(max-width: 600px) 100vw, 600px\" \/><\/a><\/p>\n<p style=\"text-align: justify\">O segundo lan\u00e7amento, deste m\u00eas, \u00e9 o livro &#8216;Para vencer o medo e derrotar o drag\u00e3o&#8217;, escrito e ilustrado pelo mission\u00e1rio M\u00e1rcio Mendes.<\/p>\n<p style=\"text-align: justify\">Uma hist\u00f3ria infantojuvenil com um contexto inspirador, divertido e bem-humorado. Nele, voc\u00ea vai conhecer Daniel. O livro traz lindas ilustra\u00e7\u00f5es e um toque de poesia.<\/p>\n<p style=\"text-align: justify\">Ao fazer a leitura desta obra, os leitores ser\u00e3o incentivados a vencer o medo, a descobrir a import\u00e2ncia da verdadeira amizade e aumentar sua autoestima.\u00a0Uma boa leitura tem sempre o dom de aquecer a alma e curar o cora\u00e7\u00e3o.<\/p>\n<p style=\"text-align: justify\">\u00c9 mais gostoso aprender sorrindo.<\/p>\n<p><a rel=\"attachment wp-att-11421\" href=\"http:\/\/blog.cancaonova.com\/redacao\/cancao-nova-investe-na-evangelizacao-infantojuvenil\/marcio1\/\"><img loading=\"lazy\" decoding=\"async\" class=\"aligncenter size-full wp-image-11421\" src=\"http:\/\/blog.cancaonova.com\/redacao\/files\/2012\/06\/marcio1.jpg\" alt=\" LIVRO &quot;PARA VENCER O MEDO E DERROTAR O DRAG\u00c3O&quot;\" width=\"600\" height=\"600\" srcset=\"https:\/\/blog.cancaonova.com\/redacao\/files\/2012\/06\/marcio1.jpg 600w, https:\/\/blog.cancaonova.com\/redacao\/files\/2012\/06\/marcio1-150x150.jpg 150w, https:\/\/blog.cancaonova.com\/redacao\/files\/2012\/06\/marcio1-300x300.jpg 300w\" sizes=\"(max-width: 600px) 100vw, 600px\" \/><\/a><\/p>\n<p>Estes livros j\u00e1 est\u00e3o dispon\u00edveis na loja virtual Can\u00e7\u00e3o Nova: <a href=\"http:\/\/loja.cancaonova.com\/\" target=\"_blank\">loja.cancaonova.com<\/a><\/p>\n","protected":false},"excerpt":{"rendered":"<p>A Can\u00e7\u00e3o Nova est\u00e1 investindo, cada vez mais, na evangeliza\u00e7\u00e3o de crian\u00e7as e pr\u00e9-adolescentes por meio de livros infantis: Neste m\u00eas, a Editora Can\u00e7\u00e3o Nova disponibiliza dois novos produtos. O primeiro que gostar\u00edamos de lhe apresentar \u00e9 o primeiro Mang\u00e1&#8230;<\/p>\n","protected":false},"author":4590,"featured_media":0,"comment_status":"open","ping_status":"open","sticky":false,"template":"","format":"standard","meta":{"_mi_skip_tracking":false,"_monsterinsights_sitenote_active":false,"_monsterinsights_sitenote_note":"","_monsterinsights_sitenote_category":0,"footnotes":""},"categories":[14631,1331],"tags":[],"_links":{"self":[{"href":"https:\/\/blog.cancaonova.com\/redacao\/wp-json\/wp\/v2\/posts\/11414"}],"collection":[{"href":"https:\/\/blog.cancaonova.com\/redacao\/wp-json\/wp\/v2\/posts"}],"about":[{"href":"https:\/\/blog.cancaonova.com\/redacao\/wp-json\/wp\/v2\/types\/post"}],"author":[{"embeddable":true,"href":"https:\/\/blog.cancaonova.com\/redacao\/wp-json\/wp\/v2\/users\/4590"}],"replies":[{"embeddable":true,"href":"https:\/\/blog.cancaonova.com\/redacao\/wp-json\/wp\/v2\/comments?post=11414"}],"version-history":[{"count":21,"href":"https:\/\/blog.cancaonova.com\/redacao\/wp-json\/wp\/v2\/posts\/11414\/revisions"}],"predecessor-version":[{"id":11537,"href":"https:\/\/blog.cancaonova.com\/redacao\/wp-json\/wp\/v2\/posts\/11414\/revisions\/11537"}],"wp:attachment":[{"href":"https:\/\/blog.cancaonova.com\/redacao\/wp-json\/wp\/v2\/media?parent=11414"}],"wp:term":[{"taxonomy":"category","embeddable":true,"href":"https:\/\/blog.cancaonova.com\/redacao\/wp-json\/wp\/v2\/categories?post=11414"},{"taxonomy":"post_tag","embeddable":true,"href":"https:\/\/blog.cancaonova.com\/redacao\/wp-json\/wp\/v2\/tags?post=11414"}],"curies":[{"name":"wp","href":"https:\/\/api.w.org\/{rel}","templated":true}]}}