{"id":11417,"date":"2012-06-23T08:00:38","date_gmt":"2012-06-23T11:00:38","guid":{"rendered":"http:\/\/blog.cancaonova.com\/redacao\/?p=11417"},"modified":"2013-03-20T11:03:01","modified_gmt":"2013-03-20T14:03:01","slug":"epub-catolico-para-as-familias","status":"publish","type":"post","link":"https:\/\/blog.cancaonova.com\/redacao\/epub-catolico-para-as-familias\/","title":{"rendered":"ePub cat\u00f3lico para as familias"},"content":{"rendered":"<h3 style=\"text-align: justify\"><span style=\"font-weight: normal\"><br \/>\n<\/span><\/h3>\n<p style=\"text-align: justify\">A fam\u00edlia, de modo especial, \u00e9 uma escola de amor, porque a conviv\u00eancia di\u00e1ria nos obriga a acolher os outros com respeito, di\u00e1logo, compreens\u00e3o, toler\u00e2ncia e paci\u00eancia. Esse exerc\u00edcio forte de viv\u00eancia das virtudes faz cada um crescer como pessoa humana.\u00a0Na fam\u00edlia, Deus nos ensina a amar e nos d\u00e1 a oportunidade de sermos amados. A harmonia conjugal \u00e9 atingida quando o casal, na viv\u00eancia do amor, \u2018supera a si mesmo\u2019 e harmoniza as suas qualidades numa uni\u00e3o s\u00f3lida e profunda.<\/p>\n<p style=\"text-align: justify\">Pensando na fam\u00edlia e na import\u00e2ncia que ela tem em nossas vidas, o portal cancaonova.com separou dois conte\u00fados com este tema. S\u00e3o textos publicados pelo cancaonova.com e reunidos no formato ePub para voc\u00ea levar para onde quiser e ler \u00e0 vontade.<!--continue lendo--><\/p>\n<p style=\"text-align: justify\">:: Saiba o que \u00e9 ePub no artigo:\u00a0<a title=\"http:\/\/blog.cancaonova.com\/redacao\/epub-cancao-nova-um-novo-meio-de-acesso-a-leitura\/\" rel=\"bookmark\" href=\"http:\/\/blog.cancaonova.com\/redacao\/epub-cancao-nova-um-novo-meio-de-acesso-a-leitura\/\">EPub Can\u00e7\u00e3o Nova, um novo meio de acesso \u00e0 leitura<\/a>.<\/p>\n<p style=\"text-align: justify\"><a href=\"http:\/\/blog.cancaonova.com\/redacao\/?download=Planejamento.epub\"><img loading=\"lazy\" decoding=\"async\" class=\"size-medium wp-image-11449 alignleft\" src=\"http:\/\/blog.cancaonova.com\/redacao\/files\/2012\/06\/epub_planejamento_familiar-211x300.jpg\" alt=\"\" width=\"211\" height=\"300\" srcset=\"https:\/\/blog.cancaonova.com\/redacao\/files\/2012\/06\/epub_planejamento_familiar-211x300.jpg 211w, https:\/\/blog.cancaonova.com\/redacao\/files\/2012\/06\/epub_planejamento_familiar.jpg 250w\" sizes=\"(max-width: 211px) 100vw, 211px\" \/><\/a><\/p>\n<h3 style=\"text-align: justify\">ePub: Planejamento Familiar e o m\u00e9todo natural<\/h3>\n<p style=\"text-align: justify\">H\u00e1, ainda hoje, uma mentira muito difundida de que a limita\u00e7\u00e3o da natalidade \u00e9 o rem\u00e9dio necess\u00e1rio e &#8220;indispens\u00e1vel&#8221; para sanar todos os males da humanidade. Hoje, est\u00e1 no ar, sente-se, cheira-se, vive-se um clima &#8220;anticrian\u00e7a&#8221;, que acaba desembocando num clima de antivida.<\/p>\n<p style=\"text-align: justify\">Este clima est\u00e1 contagiando a todos e muitas raz\u00f5es se apresentam para justific\u00e1-lo. Os m\u00e9todos naturais de reconhecimento da fertilidade s\u00e3o instrumentos\u00a0fundamentais para a concretiza\u00e7\u00e3o do planejamento natural da fam\u00edlia.<\/p>\n<p style=\"text-align: justify\">Oferecendo uma alternativa cientificamente bem fundamentada, eles ajudam a resgatar a busca do &#8220;conhecer-se&#8221; e a valorizar as for\u00e7as oferecidas pela pr\u00f3pria natureza. Dentro desse contexto, o portal cancaonova.com reuniu alguns dos artigos para compor este trabalho.<\/p>\n<p style=\"text-align: justify\"><strong>Artigos e autores: <\/strong>N\u00e3o temos gente demais &#8211; Agostinho Bertoldi e Elisabete T. S. Bertoldi \/ As regras do M\u00e9todo Billings &#8211; Marian Corkill \/ Usar anticoncepcional ou n\u00e3o, eis a quest\u00e3o! &#8211; Mariella Silva Oliveira \/ Filhos, por que t\u00ea-los &#8211; Felipe Aquino \/ Os filhos, dom precios\u00edssimo do matrim\u00f3nio &#8211; Vaticano<\/p>\n<p style=\"text-align: justify\"><a href=\"http:\/\/blog.cancaonova.com\/redacao\/?download=Filhos.epub\"><img loading=\"lazy\" decoding=\"async\" class=\"alignright size-medium wp-image-11462\" src=\"http:\/\/blog.cancaonova.com\/redacao\/files\/2012\/06\/epub_filhos-211x300.jpg\" alt=\"\" width=\"211\" height=\"300\" srcset=\"https:\/\/blog.cancaonova.com\/redacao\/files\/2012\/06\/epub_filhos-211x300.jpg 211w, https:\/\/blog.cancaonova.com\/redacao\/files\/2012\/06\/epub_filhos.jpg 250w\" sizes=\"(max-width: 211px) 100vw, 211px\" \/><\/a><\/p>\n<h3 style=\"text-align: justify\">ePub: Filhos, uma b\u00ean\u00e7\u00e3o de Deus<\/h3>\n<p style=\"text-align: justify\">A Sagrada Escritura e a pr\u00e1tica tradicional da Igreja veem nas fam\u00edlias numerosas um sinal da b\u00ean\u00e7\u00e3o divina e da generosidade dos pais.<\/p>\n<p style=\"text-align: justify\">A tarefa fundamental da fam\u00edlia \u00e9 o servi\u00e7o \u00e0 vida.\u00a0\u00c9 realizar, na hist\u00f3ria, a b\u00ean\u00e7\u00e3o origin\u00e1ria do Criador, transmitindo a imagem divina pela gera\u00e7\u00e3o de homem a homem. A situa\u00e7\u00e3o social e cultural dos nossos tempos dificulta a compreens\u00e3o dessa verdade.<\/p>\n<p style=\"text-align: justify\">Nasceu, assim, uma mentalidade contra a vida. Mas a Igreja cr\u00ea, firmemente, que a vida humana, mesmo se d\u00e9bil e com sofrimento, \u00e9 sempre um espl\u00eandido dom do Deus da bondade. Contra o pessimismo e o ego\u00edsmo, que obscurecem o mundo, a Igreja est\u00e1 do lado da vida&#8221; (Familiaris Cons\u00f3rtio, 30).<\/p>\n<p style=\"text-align: justify\"><strong>Artigos e autores: <\/strong>Filhos, uma b\u00ean\u00e7\u00e3o de Deus &#8211; Professor Felipe Aquino \/ Filhos tornam o casamento mais feliz &#8211; Professor Felipe Aquino \/ Filhos, sempre uma b\u00ean\u00e7\u00e3o &#8211; Mara S.M. Louren\u00e7o \/ Filhos disciplinados &#8211; Professor Felipe Aquino \/ Filhos, por que t\u00ea-los? &#8211; Professor Felipe Aquino \/ Como formar a consci\u00eancia dos filhos &#8211; Padre Alir Sanagiotto, scj \/ Para que sejas feliz, honre teus pais &#8211; Padre Jonas Abib<\/p>\n<p style=\"text-align: justify\"><em>(Para baixar este conte\u00fado, basta clicar na capa do ePub logo acima)<\/em><\/p>\n<p style=\"text-align: justify\"><em>Caso voc\u00ea seja usu\u00e1rio de algum dispositivo m\u00f3vel (tablet ou smartphone), pode realizar o download direto no seu aparelho e visualiz\u00e1-lo com a ajuda de um aplicativo leitor de ePub. Mas se voc\u00ea deseja fazer o download no seu computador (desktop ou notebook), ser\u00e1 preciso utilizar os navegadores Internet Explorer ou Google Chrome para realiz\u00e1-lo. Feito isso, basta visualiz\u00e1-lo por meio do seu aplicativo de leitor de ePub.<\/em><\/p>\n<p style=\"text-align: justify\"><strong><strong>::. <\/strong><a title=\"EPub Can\u00e7\u00e3o Nova, um novo meio de acesso \u00e0 leitura\" href=\"http:\/\/blog.cancaonova.com\/redacao\/epub-cancao-nova-um-novo-meio-de-acesso-a-leitura\/\" target=\"_blank\">Clique aqui e veja outros ePubs criados pelo Portal cancaonova.com<\/a><\/strong><\/p>\n<p style=\"text-align: justify\"><strong>Conhe\u00e7a mais do nosso conte\u00fado:<\/strong><\/p>\n<p style=\"text-align: justify\"><a href=\"http:\/\/www.webtvcn.com\/\" target=\"_blank\">:: WebTVCN, muitos v\u00eddeos para voc\u00ea<\/a><br \/>\n<a href=\"http:\/\/gentedefe.com\/\" target=\"_blank\">:: Gente de f\u00e9, a sua comunidade de relacionamento crist\u00e3<\/a><br \/>\n<a href=\"http:\/\/podcast.cancaonova.com\/\" target=\"_blank\">:: Podcasts: ou\u00e7a \u00e1udios sobre variados assuntos<\/a><br \/>\n<a href=\"http:\/\/paroquias.cancaonova.com\/\" target=\"_blank\">:: Cadastre sua par\u00f3quia ou capela no Portal Can\u00e7\u00e3o Nova<\/a><\/p>\n<p style=\"text-align: justify\"><strong>Para o seu celular:<\/strong><\/p>\n<p style=\"text-align: justify\"><a href=\"http:\/\/www.cancaonovamobile.com\/\" target=\"_blank\">:: Can\u00e7\u00e3o Nova Mobile<\/a><br \/>\n<a href=\"http:\/\/cnchama.com.br\/\" target=\"_blank\">:: CN Chama, a Palavra de Deus no seu celular<\/a><br \/>\n<a href=\"http:\/\/iphone.cancaonova.com\/\" target=\"_blank\">:: iPhone<\/a><\/p>\n<p style=\"text-align: justify\"><strong>Mais canais na web:<\/strong><\/p>\n<p style=\"text-align: justify\"><a href=\"http:\/\/meadiciona.com\/cancaonova\" target=\"_blank\">:: meadiciona.com\/cancaonova<\/a><\/p>\n","protected":false},"excerpt":{"rendered":"<p>A fam\u00edlia, de modo especial, \u00e9 uma escola de amor, porque a conviv\u00eancia di\u00e1ria nos obriga a acolher os outros com respeito, di\u00e1logo, compreens\u00e3o, toler\u00e2ncia e paci\u00eancia. Esse exerc\u00edcio forte de viv\u00eancia das virtudes faz cada um crescer como pessoa&#8230;<\/p>\n","protected":false},"author":4608,"featured_media":0,"comment_status":"closed","ping_status":"closed","sticky":false,"template":"","format":"standard","meta":{"_mi_skip_tracking":false,"_monsterinsights_sitenote_active":false,"_monsterinsights_sitenote_note":"","_monsterinsights_sitenote_category":0,"footnotes":""},"categories":[141277,100588],"tags":[63026,124615,124617,124616,40],"_links":{"self":[{"href":"https:\/\/blog.cancaonova.com\/redacao\/wp-json\/wp\/v2\/posts\/11417"}],"collection":[{"href":"https:\/\/blog.cancaonova.com\/redacao\/wp-json\/wp\/v2\/posts"}],"about":[{"href":"https:\/\/blog.cancaonova.com\/redacao\/wp-json\/wp\/v2\/types\/post"}],"author":[{"embeddable":true,"href":"https:\/\/blog.cancaonova.com\/redacao\/wp-json\/wp\/v2\/users\/4608"}],"replies":[{"embeddable":true,"href":"https:\/\/blog.cancaonova.com\/redacao\/wp-json\/wp\/v2\/comments?post=11417"}],"version-history":[{"count":89,"href":"https:\/\/blog.cancaonova.com\/redacao\/wp-json\/wp\/v2\/posts\/11417\/revisions"}],"predecessor-version":[{"id":16168,"href":"https:\/\/blog.cancaonova.com\/redacao\/wp-json\/wp\/v2\/posts\/11417\/revisions\/16168"}],"wp:attachment":[{"href":"https:\/\/blog.cancaonova.com\/redacao\/wp-json\/wp\/v2\/media?parent=11417"}],"wp:term":[{"taxonomy":"category","embeddable":true,"href":"https:\/\/blog.cancaonova.com\/redacao\/wp-json\/wp\/v2\/categories?post=11417"},{"taxonomy":"post_tag","embeddable":true,"href":"https:\/\/blog.cancaonova.com\/redacao\/wp-json\/wp\/v2\/tags?post=11417"}],"curies":[{"name":"wp","href":"https:\/\/api.w.org\/{rel}","templated":true}]}}