{"id":11581,"date":"2012-06-26T16:42:23","date_gmt":"2012-06-26T19:42:23","guid":{"rendered":"http:\/\/blog.cancaonova.com\/redacao\/?p=11581"},"modified":"2012-06-26T16:42:24","modified_gmt":"2012-06-26T19:42:24","slug":"o-cristao-e-as-midias-sociais","status":"publish","type":"post","link":"https:\/\/blog.cancaonova.com\/redacao\/o-cristao-e-as-midias-sociais\/","title":{"rendered":"O crist\u00e3o e as m\u00eddias sociais"},"content":{"rendered":"<p style=\"text-align: justify;\">De acordo com uma ag\u00eancia de not\u00edcias inglesa, que realizou uma pesquisa sobre o comportamento de crist\u00e3os nas redes sociais, o n\u00famero de fi\u00e9is que compartilham sua f\u00e9 nas m\u00eddias t\u00eam crescido cada vez mais.<\/p>\n<p style=\"text-align: justify;\"><a rel=\"attachment wp-att-11599\" href=\"http:\/\/blog.cancaonova.com\/redacao\/o-cristao-e-as-midias-sociais\/26_eventos-002\/\"><img loading=\"lazy\" decoding=\"async\" class=\"alignleft size-full wp-image-11599\" title=\"26_eventos-002\" src=\"http:\/\/blog.cancaonova.com\/redacao\/files\/2012\/06\/26_eventos-002.jpg\" alt=\"26_eventos-002\" width=\"370\" height=\"250\" srcset=\"https:\/\/blog.cancaonova.com\/redacao\/files\/2012\/06\/26_eventos-002.jpg 370w, https:\/\/blog.cancaonova.com\/redacao\/files\/2012\/06\/26_eventos-002-300x202.jpg 300w\" sizes=\"(max-width: 370px) 100vw, 370px\" \/><\/a><\/p>\n<p style=\"text-align: justify;\">Entre os crist\u00e3os entrevistados, 84% concordaram que a internet \u00e9 um enorme espa\u00e7o de miss\u00e3o, e 64% disseram que usam as m\u00eddias como o Facebook, Twitter e Youtube.<\/p>\n<p style=\"text-align: justify;\">A pesquisa tamb\u00e9m apontou que crist\u00e3os de v\u00e1rias idades utilizam as redes sociais, sendo que 71% postam links crist\u00e3os, mission\u00e1rios; enquanto 73% posta conte\u00fado de compartilhamento da f\u00e9 que professam.<\/p>\n<p style=\"text-align: justify;\">Esse n\u00famero se intensifica quando falamos de jovens que s\u00e3o mais ativos nas m\u00eddias sociais. A faixa et\u00e1ria de 16 a 18 anos responde por 87% das pessoas que evangelizam, intencionalmente, por esses meios.<\/p>\n<p style=\"text-align: justify;\">Atenta a esse crescimento e sabendo da variedade de conte\u00fado que pode ser encontrado nas m\u00eddias sociais, a Igreja, por meio do Papa Bento XVI, demonstrou sua preocupa\u00e7\u00e3o, em especial com os jovens, em rela\u00e7\u00e3o a como um crist\u00e3o deve se portar nestes canais.<\/p>\n<p style=\"text-align: justify;\">\u201cAs redes sociais como Facebook, entre outras, devem ser espa\u00e7os de di\u00e1logo, mas tamb\u00e9m de cautela. Por uma quest\u00e3o de prud\u00eancia, faz bem analisar, criteriosamente, as atualiza\u00e7\u00f5es de status, saber o que comentar em fotos, ter o discernimento para escolher o que &#8220;curtir&#8221; e o que n\u00e3o merece ser &#8220;curtido&#8221;, partilhar postagens que fa\u00e7am refletir ou sorrir, sem ferir a dignidade humana. O mais importante \u00e9 que a comunica\u00e7\u00e3o seja \u201cn\u00e3o s\u00f3 uma troca de dados, mas tamb\u00e9m, e cada vez mais, uma partilha\u201d, afirma o Santo Padre.<\/p>\n<p style=\"text-align: justify;\">Apesar dos n\u00fameros positivos, apenas 25% dos entrevistados disseram que sua Igreja local encorajava a evangeliza\u00e7\u00e3o on-line e 78% disseram que ela deveria ser mais ativa nas m\u00eddias sociais. Este \u00e9 um pedido de Bento XVI, para que n\u00e3o s\u00f3 os fi\u00e9is, mas tamb\u00e9m todo o clero, esteja presente nestes meios e seja refer\u00eancia para os crist\u00e3os que ali est\u00e3o.<\/p>\n","protected":false},"excerpt":{"rendered":"<p>De acordo com uma ag\u00eancia de not\u00edcias inglesa, que realizou uma pesquisa sobre o comportamento de crist\u00e3os nas redes sociais, o n\u00famero de fi\u00e9is que compartilham sua f\u00e9 nas m\u00eddias t\u00eam crescido cada vez mais. Entre os crist\u00e3os entrevistados, 84%&#8230;<\/p>\n","protected":false},"author":4543,"featured_media":11599,"comment_status":"open","ping_status":"open","sticky":false,"template":"","format":"standard","meta":{"_mi_skip_tracking":false,"_monsterinsights_sitenote_active":false,"_monsterinsights_sitenote_note":"","_monsterinsights_sitenote_category":0,"footnotes":""},"categories":[27],"tags":[16368,95892,35257,2231,13851],"_links":{"self":[{"href":"https:\/\/blog.cancaonova.com\/redacao\/wp-json\/wp\/v2\/posts\/11581"}],"collection":[{"href":"https:\/\/blog.cancaonova.com\/redacao\/wp-json\/wp\/v2\/posts"}],"about":[{"href":"https:\/\/blog.cancaonova.com\/redacao\/wp-json\/wp\/v2\/types\/post"}],"author":[{"embeddable":true,"href":"https:\/\/blog.cancaonova.com\/redacao\/wp-json\/wp\/v2\/users\/4543"}],"replies":[{"embeddable":true,"href":"https:\/\/blog.cancaonova.com\/redacao\/wp-json\/wp\/v2\/comments?post=11581"}],"version-history":[{"count":7,"href":"https:\/\/blog.cancaonova.com\/redacao\/wp-json\/wp\/v2\/posts\/11581\/revisions"}],"predecessor-version":[{"id":11601,"href":"https:\/\/blog.cancaonova.com\/redacao\/wp-json\/wp\/v2\/posts\/11581\/revisions\/11601"}],"wp:featuredmedia":[{"embeddable":true,"href":"https:\/\/blog.cancaonova.com\/redacao\/wp-json\/wp\/v2\/media\/11599"}],"wp:attachment":[{"href":"https:\/\/blog.cancaonova.com\/redacao\/wp-json\/wp\/v2\/media?parent=11581"}],"wp:term":[{"taxonomy":"category","embeddable":true,"href":"https:\/\/blog.cancaonova.com\/redacao\/wp-json\/wp\/v2\/categories?post=11581"},{"taxonomy":"post_tag","embeddable":true,"href":"https:\/\/blog.cancaonova.com\/redacao\/wp-json\/wp\/v2\/tags?post=11581"}],"curies":[{"name":"wp","href":"https:\/\/api.w.org\/{rel}","templated":true}]}}