{"id":12091,"date":"2012-07-21T19:28:54","date_gmt":"2012-07-21T22:28:54","guid":{"rendered":"http:\/\/blog.cancaonova.com\/redacao\/?p=12091"},"modified":"2012-07-21T21:23:38","modified_gmt":"2012-07-22T00:23:38","slug":"diario-de-bordo-portal-cancao-nova","status":"publish","type":"post","link":"https:\/\/blog.cancaonova.com\/redacao\/diario-de-bordo-portal-cancao-nova\/","title":{"rendered":"Di\u00e1rio de Bordo Portal Can\u00e7\u00e3o Nova"},"content":{"rendered":"<p style=\"text-align: justify;\"><a rel=\"attachment wp-att-12109\" href=\"http:\/\/blog.cancaonova.com\/redacao\/diario-de-bordo-portal-cancao-nova\/dunga-okey-6\/\"><img loading=\"lazy\" decoding=\"async\" class=\"alignleft size-full wp-image-12109\" title=\"dunga okey\" src=\"http:\/\/blog.cancaonova.com\/redacao\/files\/2012\/07\/dunga-okey5.jpg\" alt=\"\" width=\"370\" height=\"250\" srcset=\"https:\/\/blog.cancaonova.com\/redacao\/files\/2012\/07\/dunga-okey5.jpg 370w, https:\/\/blog.cancaonova.com\/redacao\/files\/2012\/07\/dunga-okey5-300x202.jpg 300w\" sizes=\"(max-width: 370px) 100vw, 370px\" \/><\/a>Fotos como essa de Dunga  e boa parte do material que voc\u00ea v\u00ea em nossas redes sociais, \u00e9 produzido pela nossa equipe de fotografia do Portal Can\u00e7\u00e3o Nova, que trabalha com afinco para levar a melhor imagem pra voc\u00ea.<\/p>\n<p style=\"text-align: justify;\">Neste PHN 2012 temos contemplado como Deus tem revelado sua face no rosto de cada jovem que veio pra Can\u00e7\u00e3o Nova. Voc\u00ea pode conferir todas as fotos produzidas, em nossas p\u00e1ginas:<\/p>\n<p><strong><span style=\"color: #0033cc;\"><a href=\"http:\/\/www.flickr.com\/photos\/cancaonova\/collections\/72157630640758326\/\" target=\"_blank\">::Veja fotos no <\/a><span style=\"color: #0000ff;\"><a href=\"http:\/\/www.flickr.com\/photos\/cancaonova\/collections\/72157630640758326\/\" target=\"_blank\">Flick<\/a><span style=\"color: #ff0000;\"><a href=\"http:\/\/www.flickr.com\/photos\/cancaonova\/collections\/72157630640758326\/\" target=\"_blank\">r<\/a><br \/>\n<\/span><\/span><\/span><\/strong><a href=\"https:\/\/www.facebook.com\/media\/set\/?set=a.10150943172034632.420757.45027114631&amp;type=3\" target=\"_blank\"><strong><span style=\"color: #0033cc; font-size: xx-small;\">:: Veja + fotos tamb\u00e9m no Facebook<\/span><\/strong><\/a><\/p>\n<p style=\"text-align: justify;\">Tivemos hoje uma grande oportunidade: Um v\u00eddeo com padre F\u00e1bio de Melo falando para os internautas. Para isso acontecer nosso rep\u00f3rter do dia, Gustavo Henrique <a href=\"https:\/\/twitter.com\/gh_souza\" target=\"_blank\"><span style=\"text-decoration: underline;\"><strong><span style=\"color: #0000ff;\">(@gh_souza)<\/span><\/strong><\/span><\/a> , precisou ficar de plant\u00e3o aguardando ansiosamente a chegada do Padre F\u00e1bio, antes de fazer sua prega\u00e7\u00e3o aqui na Can\u00e7\u00e3o Nova: <a href=\"http:\/\/www.cancaonova.com\/portal\/canais\/eventos\/novoeventos\/cobertura.php?cod=2700&amp;pre=7546&amp;tit=Profetas%20no%20meio%20da%20juventude\" target=\"_blank\"><\/a><a href=\"http:\/\/goo.gl\/UvqEm\" target=\"_blank\"><span style=\"text-decoration: underline;\"><span style=\"color: #0000ff;\"><strong>Veja prega\u00e7\u00e3o do Padre F\u00e1bio nesta manh\u00e3.<\/strong><\/span><\/span><\/a><span style=\"text-decoration: underline;\"><span style=\"color: #0000ff;\"><strong> <\/strong><\/span><\/span>Voc\u00ea pode conferir o v\u00eddeo da chegada do Padre F\u00e1bio de Melo,\u00a0 aqui na Can\u00e7\u00e3o Nova neste s\u00e1bado de PHN.<\/p>\n<p><object classid=\"clsid:d27cdb6e-ae6d-11cf-96b8-444553540000\" width=\"370\" height=\"250\" codebase=\"http:\/\/download.macromedia.com\/pub\/shockwave\/cabs\/flash\/swflash.cab#version=6,0,40,0\"><param name=\"allowFullScreen\" value=\"true\" \/><param name=\"allowscriptaccess\" value=\"always\" \/><param name=\"src\" value=\"http:\/\/www.youtube.com\/v\/EeXFxQXtLZo?version=3&amp;hl=pt_BR\" \/><param name=\"allowfullscreen\" value=\"true\" \/><embed type=\"application\/x-shockwave-flash\" width=\"370\" height=\"250\" src=\"http:\/\/www.youtube.com\/v\/EeXFxQXtLZo?version=3&amp;hl=pt_BR\" allowscriptaccess=\"always\" allowfullscreen=\"true\"><\/embed><\/object><\/p>\n<p style=\"text-align: justify;\">A tarde nossos trabalhos seguiram com a transmiss\u00f5es\u00a0 ao vivo dentro do portal cancaonova.com e seguimos com bastidores da ch\u00e1cara de Santa Cruz,\u00a0 mostrando os peregrinos presentes aqui neste acampamento. Ainda hoje teremos mais 3 Shows com Banda Conexa, Dunga e o lan\u00e7amento do CD Quero er Livre com Banda Ignis. Tudo isso sendo levado com detalhes para voc\u00ea nosso internauta. O objetivo de uma cobertura como essa, \u00e9 levar seu cora\u00e7\u00e3o a experimentar o amor de Deus.<\/p>\n<p>Para isso acontecer tem muita gente unida trabalhando com amor e dedica\u00e7\u00e3o, empenho e dinamismo, nos bastidores pra que voc\u00ea fique bem pertinho de Deus.<\/p>\n<p>Continue seguindo nossos bastidores aqui no blog da reda\u00e7\u00e3o.<\/p>\n<p>Confira os v\u00eddeos bastidores de transmiss\u00e3o via <a href=\"https:\/\/twitter.com\/cancaonova\" target=\"_blank\">@cancaonova<\/a><br \/>\n<a href=\"http:\/\/www.ustream.tv\/recorded\/24154604\" target=\"_blank\">Passagem de som com Banda Conexa.<\/a><br \/>\n<a href=\"http:\/\/www.ustream.tv\/channel\/transmissao-ao-vivo-bastidores-phn2012#utm_campaign=www.yoono.com&amp;utm_source=11612813&amp;utm_medium=social\" target=\"_blank\">Movimenta\u00e7\u00e3o da Ch\u00e1cara na noite de S\u00e1bado<\/a><\/p>\n<p>Deus Aben\u00e7oe voc\u00ea<br \/>\nCristiane Viana<br \/>\n<span style=\"text-decoration: underline;\"><strong><span style=\"color: #0000ff;\">@vianacn<\/span><\/strong><\/span><\/p>\n<div id=\"_mcePaste\" style=\"position: absolute; left: -10000px; top: 0px; width: 1px; height: 1px; overflow: hidden;\">Voc\u00ea est\u00e1 acompanhando nossa tranmiss\u00e3o ? <a class=\"  twitter-hashtag pretty-link\" title=\"#PHN2012\" href=\"https:\/\/twitter.com\/#%21\/search\/%23PHN2012\">#<strong>PHN2012<\/strong><\/a> live on <a class=\"  twitter-hashtag pretty-link\" title=\"#Ustream\" href=\"https:\/\/twitter.com\/#%21\/search\/%23Ustream\">#<strong>Ustream<\/strong><\/a>.  <a class=\"twitter-timeline-link\" title=\"http:\/\/ustre.am\/MJ1r\" rel=\"nofollow\" href=\"http:\/\/t.co\/11N4Z58G\" target=\"_blank\">http:\/\/ustre.am\/MJ1r<\/a><\/div>\n","protected":false},"excerpt":{"rendered":"<p>Fotos como essa de Dunga e boa parte do material que voc\u00ea v\u00ea em nossas redes sociais, \u00e9 produzido pela nossa equipe de fotografia do Portal Can\u00e7\u00e3o Nova, que trabalha com afinco para levar a melhor imagem pra voc\u00ea. Neste&#8230;<\/p>\n","protected":false},"author":4543,"featured_media":0,"comment_status":"open","ping_status":"open","sticky":false,"template":"","format":"standard","meta":{"_mi_skip_tracking":false,"_monsterinsights_sitenote_active":false,"_monsterinsights_sitenote_note":"","_monsterinsights_sitenote_category":0,"footnotes":""},"categories":[11751,1351],"tags":[178147,14681,16384,79895],"_links":{"self":[{"href":"https:\/\/blog.cancaonova.com\/redacao\/wp-json\/wp\/v2\/posts\/12091"}],"collection":[{"href":"https:\/\/blog.cancaonova.com\/redacao\/wp-json\/wp\/v2\/posts"}],"about":[{"href":"https:\/\/blog.cancaonova.com\/redacao\/wp-json\/wp\/v2\/types\/post"}],"author":[{"embeddable":true,"href":"https:\/\/blog.cancaonova.com\/redacao\/wp-json\/wp\/v2\/users\/4543"}],"replies":[{"embeddable":true,"href":"https:\/\/blog.cancaonova.com\/redacao\/wp-json\/wp\/v2\/comments?post=12091"}],"version-history":[{"count":40,"href":"https:\/\/blog.cancaonova.com\/redacao\/wp-json\/wp\/v2\/posts\/12091\/revisions"}],"predecessor-version":[{"id":12137,"href":"https:\/\/blog.cancaonova.com\/redacao\/wp-json\/wp\/v2\/posts\/12091\/revisions\/12137"}],"wp:attachment":[{"href":"https:\/\/blog.cancaonova.com\/redacao\/wp-json\/wp\/v2\/media?parent=12091"}],"wp:term":[{"taxonomy":"category","embeddable":true,"href":"https:\/\/blog.cancaonova.com\/redacao\/wp-json\/wp\/v2\/categories?post=12091"},{"taxonomy":"post_tag","embeddable":true,"href":"https:\/\/blog.cancaonova.com\/redacao\/wp-json\/wp\/v2\/tags?post=12091"}],"curies":[{"name":"wp","href":"https:\/\/api.w.org\/{rel}","templated":true}]}}