{"id":12775,"date":"2012-08-14T16:04:55","date_gmt":"2012-08-14T19:04:55","guid":{"rendered":"http:\/\/blog.cancaonova.com\/redacao\/?p=12775"},"modified":"2012-08-14T16:40:21","modified_gmt":"2012-08-14T19:40:21","slug":"youcat-school-um-jeito-jovem-de-aprender-a-fe","status":"publish","type":"post","link":"https:\/\/blog.cancaonova.com\/redacao\/youcat-school-um-jeito-jovem-de-aprender-a-fe\/","title":{"rendered":"YouCat School: um jeito jovem de aprender a f\u00e9"},"content":{"rendered":"<p style=\"text-align: justify;\"><a rel=\"attachment wp-att-12782\" href=\"http:\/\/blog.cancaonova.com\/redacao\/youcat-school-um-jeito-jovem-de-aprender-a-fe\/14_materia-002\/\"><img loading=\"lazy\" decoding=\"async\" class=\"alignleft size-full wp-image-12782\" title=\"YouCat School\" src=\"http:\/\/blog.cancaonova.com\/redacao\/files\/2012\/08\/14_materia-002.jpg\" alt=\"YouCat School\" width=\"370\" height=\"250\" srcset=\"https:\/\/blog.cancaonova.com\/redacao\/files\/2012\/08\/14_materia-002.jpg 370w, https:\/\/blog.cancaonova.com\/redacao\/files\/2012\/08\/14_materia-002-300x202.jpg 300w\" sizes=\"(max-width: 370px) 100vw, 370px\" \/><\/a>Na contracapa do YouCat (Catecismo Jovem da Igreja Cat\u00f3lica), est\u00e1 a seguinte frase do Papa Bento XVI: <em>\u201cEstudai o catecismo! Este \u00e9 o desejo do meu cora\u00e7\u00e3o. Formai grupos de estudo e redes sociais, partilhai-o na internet!\u201d<\/em>.<\/p>\n<p style=\"text-align: justify;\">Como forma de colocar em pr\u00e1tica este pedido do Santo Padre, o Setor Juventude da diocese de Lorena (SP), em parceria com a Can\u00e7\u00e3o Nova, colocou em pr\u00e1tica o projeto &#8216;YouCat School&#8217;, cujo objetivo \u00e9 propagar o conte\u00fado do Catecismo entre os jovens, em prepara\u00e7\u00e3o \u00e0 Jornada Mundial da Juventude Rio 2013.<\/p>\n<p style=\"text-align: justify;\"><strong>YouCat School<\/strong><\/p>\n<p style=\"text-align: justify;\">Por meio de encontros presenciais e virtuais, uma equipe, formada por jovens, resolveu levar o conte\u00fado do YouCat para a juventude da diocese de Lorena. O trabalho deu t\u00e3o certo que outras dioceses do pa\u00eds se interessaram pelo projeto e, atualmente, mais de 20 delas, em todo o Brasil, est\u00e3o iniciando o primeiro m\u00f3dulo do YouCat School.<!--more--><\/p>\n<p style=\"text-align: justify;\"><strong><a href=\"http:\/\/www.cancaonova.com\/portal\/canais\/eventos\/novoeventos\/cobertura.php?cob=2710\" target=\"_blank\">::. Saiba como foi o Aprofundamento YouCat School<\/a><\/strong><\/p>\n<p style=\"text-align: justify;\">O curso \u00e9 formado por quatro m\u00f3dulos que, em m\u00e9dia, duram oito semanas cada. Neste curso, os jovens ir\u00e3o se aprofundar nos mais variados temas da doutrina cat\u00f3lica, como gra\u00e7a, santidade, pecado, amor, sacramentos, ora\u00e7\u00e3o, entre muitos outros.<\/p>\n<p style=\"text-align: justify;\">As aulas possuem uma linguagem jovem e bem direta, fazendo com que o p\u00fablico se identifique ainda mais com o conte\u00fado. Atualmente, as aulas s\u00e3o ministradas, todos os fins de semana, sendo que uma \u00e9 presencial e a outra on-line. Este m\u00e9todo foi adotado tendo em vista o tempo que o jovem passa na internet, muitas vezes &#8220;consumindo&#8221; informa\u00e7\u00f5es sem nenhuma tipo de valor crist\u00e3o.<\/p>\n<p style=\"text-align: justify;\">Para conhecer mais sobre o projeto, acesse a <strong><a href=\"https:\/\/www.facebook.com\/youcatschool\" target=\"_blank\">p\u00e1gina do YouCat School no Facebook<\/a><\/strong> e o <strong><a href=\"http:\/\/twitter.com\/youcatschool\" target=\"_blank\">perfil no Twitter<\/a><\/strong>. As aulas do primeiro m\u00f3dulo j\u00e1 est\u00e3o dispon\u00edveis no <strong><a href=\"http:\/\/www.youtube.com\/playlist?list=PL351527D55BD0ACD0&amp;feature=plcp\" target=\"_blank\">Canal do Youtube<\/a><\/strong>.<\/p>\n<p style=\"text-align: justify;\">Se voc\u00ea tem interesse em participar deste projeto, mas n\u00e3o h\u00e1 turmas na sua regi\u00e3o, entre em contato pelo <strong><a href=\"https:\/\/www.facebook.com\/youcatschool\" target=\"_blank\">Facebook<\/a><\/strong> e saiba como levar o YouCat School para a sua diocese ou par\u00f3quia. Ou envie um e-mail para: <strong>youcatschool@gmail.com<\/strong>.<\/p>\n<p style=\"text-align: justify;\"><strong><a href=\"https:\/\/www.facebook.com\/ghenriquesouza\" target=\"_blank\">Gustavo Souza<\/a><\/strong> <em>Produtor de Conte\u00fado <\/em><\/p>\n","protected":false},"excerpt":{"rendered":"<p>Na contracapa do YouCat (Catecismo Jovem da Igreja Cat\u00f3lica), est\u00e1 a seguinte frase do Papa Bento XVI: \u201cEstudai o catecismo! Este \u00e9 o desejo do meu cora\u00e7\u00e3o. Formai grupos de estudo e redes sociais, partilhai-o na internet!\u201d. Como forma de&#8230;<\/p>\n","protected":false},"author":4543,"featured_media":12783,"comment_status":"open","ping_status":"open","sticky":false,"template":"","format":"standard","meta":{"_mi_skip_tracking":false,"_monsterinsights_sitenote_active":false,"_monsterinsights_sitenote_note":"","_monsterinsights_sitenote_category":0,"footnotes":""},"categories":[1331],"tags":[124752,51,3401,48358,124751],"_links":{"self":[{"href":"https:\/\/blog.cancaonova.com\/redacao\/wp-json\/wp\/v2\/posts\/12775"}],"collection":[{"href":"https:\/\/blog.cancaonova.com\/redacao\/wp-json\/wp\/v2\/posts"}],"about":[{"href":"https:\/\/blog.cancaonova.com\/redacao\/wp-json\/wp\/v2\/types\/post"}],"author":[{"embeddable":true,"href":"https:\/\/blog.cancaonova.com\/redacao\/wp-json\/wp\/v2\/users\/4543"}],"replies":[{"embeddable":true,"href":"https:\/\/blog.cancaonova.com\/redacao\/wp-json\/wp\/v2\/comments?post=12775"}],"version-history":[{"count":18,"href":"https:\/\/blog.cancaonova.com\/redacao\/wp-json\/wp\/v2\/posts\/12775\/revisions"}],"predecessor-version":[{"id":12788,"href":"https:\/\/blog.cancaonova.com\/redacao\/wp-json\/wp\/v2\/posts\/12775\/revisions\/12788"}],"wp:featuredmedia":[{"embeddable":true,"href":"https:\/\/blog.cancaonova.com\/redacao\/wp-json\/wp\/v2\/media\/12783"}],"wp:attachment":[{"href":"https:\/\/blog.cancaonova.com\/redacao\/wp-json\/wp\/v2\/media?parent=12775"}],"wp:term":[{"taxonomy":"category","embeddable":true,"href":"https:\/\/blog.cancaonova.com\/redacao\/wp-json\/wp\/v2\/categories?post=12775"},{"taxonomy":"post_tag","embeddable":true,"href":"https:\/\/blog.cancaonova.com\/redacao\/wp-json\/wp\/v2\/tags?post=12775"}],"curies":[{"name":"wp","href":"https:\/\/api.w.org\/{rel}","templated":true}]}}