{"id":12830,"date":"2012-08-17T12:09:42","date_gmt":"2012-08-17T15:09:42","guid":{"rendered":"http:\/\/blog.cancaonova.com\/redacao\/?p=12830"},"modified":"2012-08-17T13:54:36","modified_gmt":"2012-08-17T16:54:36","slug":"nao-desista-da-sua-familia","status":"publish","type":"post","link":"https:\/\/blog.cancaonova.com\/redacao\/nao-desista-da-sua-familia\/","title":{"rendered":"N\u00e3o desista da sua fam\u00edlia"},"content":{"rendered":"<p style=\"text-align: justify\">Ol\u00e1, amigos!<\/p>\n<p style=\"text-align: justify\">Nesta \u201cSemana Nacional da Fam\u00edlia\u201d, vivi uma experi\u00eancia muito bonita que partilho com voc\u00ea nesse post.<\/p>\n<p style=\"text-align: justify\">Minha esposa, Rosen\u00ed, fez anivers\u00e1rio na \u00faltima quarta-feira, 15 de agosto. Um dia antes, na ter\u00e7a-feira, precisei ir a S\u00e3o Paulo para fazer um exame m\u00e9dico. A caminho do hospital, saindo da esta\u00e7\u00e3o do metr\u00f4, encontrei uma linda igreja com as portas abertas. Aquela era para mim a imagem de um \u201co\u00e1sis\u201d, de paz no meio de toda agita\u00e7\u00e3o urbana.<\/p>\n<p style=\"text-align: justify\">\n<p><a rel=\"attachment wp-att-12840\" href=\"http:\/\/blog.cancaonova.com\/redacao\/nao-desista-da-sua-familia\/familia_alexandre\/\"><img loading=\"lazy\" decoding=\"async\" class=\"size-medium wp-image-12840 alignleft\" src=\"http:\/\/blog.cancaonova.com\/redacao\/files\/2012\/08\/familia_alexandre-300x225.jpg\" alt=\"fam\u00edlia alexandre can\u00e7\u00e3o nova\" width=\"300\" height=\"225\" srcset=\"https:\/\/blog.cancaonova.com\/redacao\/files\/2012\/08\/familia_alexandre-300x225.jpg 300w, https:\/\/blog.cancaonova.com\/redacao\/files\/2012\/08\/familia_alexandre.jpg 400w\" sizes=\"(max-width: 300px) 100vw, 300px\" \/><\/a><\/p>\n<p style=\"text-align: justify\">\n<p style=\"text-align: justify\">Dentro dela, reinava um profundo sil\u00eancio. A serenidade que eu sentia, naquele lugar sagrado, contrastava-se com toda a minha inquieta\u00e7\u00e3o. Aproximei-me de um dos bancos de madeira e ajoelhei-me. Estava exausto fisicamente e com a mente tomada por in\u00fameras preocupa\u00e7\u00f5es.<\/p>\n<p style=\"text-align: justify\">Fiquei um bom tempo ali, calado, apenas \u201csaboreando\u201d aquele fecundo sil\u00eancio que apascentava meu agitado interior. Foi assim, desse jeito, minha ora\u00e7\u00e3o a Deus.<\/p>\n<p style=\"text-align: justify\">De repente, vi uma linda imagem de S\u00e3o Jos\u00e9 numa das laterais da igreja. Contemplando aquela imagem do pai nutr\u00edcio de Jesus, pedi ao meu querido Jos\u00e9 que me auxiliasse em meio \u00e0s lutas do dia a dia.<\/p>\n<p style=\"text-align: justify\">Vendo aquela imagem de S\u00e3o Jos\u00e9 sustentando o Menino Jesus em seus bra\u00e7os, compreendi que meu papel como esposo e pai \u00e9 de cuidar, com todo o amor, da minha fam\u00edlia. Minha esposa e meus filhos precisam saber que o \u201chomem da casa\u201d \u00e9 algu\u00e9m atento \u00e0s necessidades deles, algu\u00e9m que se faz presente por meio de gestos concretos de amor. A exemplo de S\u00e3o Jos\u00e9, tamb\u00e9m preciso sustentar, \u201cnos bra\u00e7os\u201d, a linda fam\u00edlia que Deus me confiou!<!--more--><\/p>\n<p style=\"text-align: justify\">Sa\u00ed daquela igreja com o prop\u00f3sito de ser cada vez mais \u201cJos\u00e9\u201d para a \u201cMaria\u201d que Jesus colocou ao meu lado h\u00e1 11 anos.<\/p>\n<p style=\"text-align: justify\">S\u00e3o Jos\u00e9, em muitas gravuras e imagens, \u00e9 comumente conhecido por trazer l\u00edrios na sua m\u00e3o. Voltando para casa, ap\u00f3s meu exame, passei pela floricultura e dei \u00e0 minha esposa &#8211; como presente de anivers\u00e1rio \u2013 um arranjo com l\u00edrios (em vez de rom\u00e2nticas rosas). Queria, de alguma forma, que, no dia do anivers\u00e1rio dela, a Rosen\u00ed sentisse S\u00e3o Jos\u00e9 tamb\u00e9m se fazendo presente como um convidado de honra em sua festa.<\/p>\n<p style=\"text-align: justify\">No cart\u00e3o que acompanhava o arranjo, escrevi: \u201cNeste dia em que voc\u00ea celebra o dom da sua vida e a sua consagra\u00e7\u00e3o a Nossa Senhora, pe\u00e7o que S\u00e3o Jos\u00e9 a visite e cuide de voc\u00ea como cuidou de Sua amada Virgem Maria. Te amo. Parab\u00e9ns!\u201d Foi o suficiente para minha esposa ir \u00e0s l\u00e1grimas, toda emocionada. Como recompensa por aquele gesto de carinho, ganhei um beijo apaixonado e um sorriso especial da minha \u201cMaria\u201d, agora bem cuidada e amada pelo seu \u201cJos\u00e9\u201d.<\/p>\n<p style=\"text-align: justify\">Escrevi tudo isso apenas para dizer a voc\u00ea algo em que acredito: <strong>a for\u00e7a de um gesto sincero de amor pode libertar nossa fam\u00edlia do terr\u00edvel fardo do abandono.<\/strong><\/p>\n<p style=\"text-align: justify\">Como \u00e9 triste constatar tantos pais, filhos e casais abandonados! Pessoas que \u201cvivem\u201d, mas n\u00e3o \u201cconvivem\u201d dentro do pr\u00f3prio lar. Filhos que crescem sem a presen\u00e7a segura de um pai, casais num constante p\u00e9 de guerra, m\u00e3es desrespeitadas e ignoradas pelos pr\u00f3prios filhos. Enfim, lares nos quais a indiferen\u00e7a, o ego\u00edsmo, a viol\u00eancia nas palavras e nos atos servem como instrumentos de autodestrui\u00e7\u00e3o. No cora\u00e7\u00e3o do Pai, nenhum filho Seu pode continuar sendo maltratado pelo abandono e pelo desamor.<\/p>\n<p style=\"text-align: justify\">Pe\u00e7o a Deus, nesta Semana Nacional da Fam\u00edlia, que Ele atinja cada lar que sofre pela aus\u00eancia de gestos concretos de amor. Pode ser que esta seja a triste e atual situa\u00e7\u00e3o da sua fam\u00edlia, mas saiba que Jesus nunca deixou de acreditar na restaura\u00e7\u00e3o da fam\u00edlia humana. Ele quer ver o seu lar transformado e feliz. Para isso, Jesus deu um precioso dom a cada um de n\u00f3s: a capacidade de escolha. Portanto, escolha bem. Fa\u00e7a, livremente, sua op\u00e7\u00e3o pelo amor e pelo perd\u00e3o.<\/p>\n<p style=\"text-align: justify\">Quanto a mim, tamb\u00e9m j\u00e1 fiz minha escolha de vida: optei por ser \u201cJos\u00e9\u201d, ou seja, ser um homem de Deus a servi\u00e7o daqueles que me foram confiados. L\u00e1 em casa, minha recompensa di\u00e1ria tem sido ver minha fam\u00edlia mais e mais feliz, dentro de um lar aben\u00e7oado por Deus e revigorado em cada gesto concreto de amor e reconcilia\u00e7\u00e3o. Vale a pena, meus irm\u00e3os, ser, aos olhos do mundo, esta \u201cIgreja dom\u00e9stica\u201d!<\/p>\n<p style=\"text-align: justify\">Concluo esse post com o seguinte apelo: \u201cN\u00e3o desista da sua fam\u00edlia!\u201d Para isso voc\u00ea pode contar com o generoso aux\u00edlio de S\u00e3o Jos\u00e9, de Nossa Senhora e desta Palavra Divina que nos impulsiona a n\u00e3o desanimar na reconstru\u00e7\u00e3o da nossa fam\u00edlia:<\/p>\n<p style=\"text-align: justify\"><em>\u201cToda casa tem um construtor. Ora, quem constr\u00f3i tudo \u00e9 Deus\u201d (Hebreus 3,4).<\/em><\/p>\n<p style=\"text-align: justify\">Amparado por este vers\u00edculo, diga a voc\u00ea mesmo com f\u00e9: \u201cM\u00e3os \u00e0 obra!\u201d<\/p>\n<p style=\"text-align: justify\">Deus o aben\u00e7oe.<\/p>\n<p style=\"text-align: justify\"><strong>Alexandre Oliveira \u2013 Comunidade Can\u00e7\u00e3o Nova<\/strong><\/p>\n","protected":false},"excerpt":{"rendered":"<p>Ol\u00e1, amigos! Nesta \u201cSemana Nacional da Fam\u00edlia\u201d, vivi uma experi\u00eancia muito bonita que partilho com voc\u00ea nesse post. Minha esposa, Rosen\u00ed, fez anivers\u00e1rio na \u00faltima quarta-feira, 15 de agosto. Um dia antes, na ter\u00e7a-feira, precisei ir a S\u00e3o Paulo para&#8230;<\/p>\n","protected":false},"author":18,"featured_media":0,"comment_status":"open","ping_status":"open","sticky":false,"template":"","format":"standard","meta":{"_mi_skip_tracking":false,"_monsterinsights_sitenote_active":false,"_monsterinsights_sitenote_note":"","_monsterinsights_sitenote_category":0,"footnotes":""},"categories":[5131],"tags":[5011,52,40,721,178141,231,10051,19413,11511],"_links":{"self":[{"href":"https:\/\/blog.cancaonova.com\/redacao\/wp-json\/wp\/v2\/posts\/12830"}],"collection":[{"href":"https:\/\/blog.cancaonova.com\/redacao\/wp-json\/wp\/v2\/posts"}],"about":[{"href":"https:\/\/blog.cancaonova.com\/redacao\/wp-json\/wp\/v2\/types\/post"}],"author":[{"embeddable":true,"href":"https:\/\/blog.cancaonova.com\/redacao\/wp-json\/wp\/v2\/users\/18"}],"replies":[{"embeddable":true,"href":"https:\/\/blog.cancaonova.com\/redacao\/wp-json\/wp\/v2\/comments?post=12830"}],"version-history":[{"count":15,"href":"https:\/\/blog.cancaonova.com\/redacao\/wp-json\/wp\/v2\/posts\/12830\/revisions"}],"predecessor-version":[{"id":12858,"href":"https:\/\/blog.cancaonova.com\/redacao\/wp-json\/wp\/v2\/posts\/12830\/revisions\/12858"}],"wp:attachment":[{"href":"https:\/\/blog.cancaonova.com\/redacao\/wp-json\/wp\/v2\/media?parent=12830"}],"wp:term":[{"taxonomy":"category","embeddable":true,"href":"https:\/\/blog.cancaonova.com\/redacao\/wp-json\/wp\/v2\/categories?post=12830"},{"taxonomy":"post_tag","embeddable":true,"href":"https:\/\/blog.cancaonova.com\/redacao\/wp-json\/wp\/v2\/tags?post=12830"}],"curies":[{"name":"wp","href":"https:\/\/api.w.org\/{rel}","templated":true}]}}