{"id":12891,"date":"2012-08-18T17:18:02","date_gmt":"2012-08-18T20:18:02","guid":{"rendered":"http:\/\/blog.cancaonova.com\/redacao\/?p=12891"},"modified":"2012-08-18T17:54:58","modified_gmt":"2012-08-18T20:54:58","slug":"13%c2%aa-romaria-salesiana","status":"publish","type":"post","link":"https:\/\/blog.cancaonova.com\/redacao\/13%c2%aa-romaria-salesiana\/","title":{"rendered":"13\u00aa Romaria Salesiana"},"content":{"rendered":"<p style=\"text-align: justify\">Na manh\u00e3 de s\u00e1bado (18), teve inicio a 13\u00ba Romaria Salesiana, na cidade de Aparecida, interior de S\u00e3o Paulo. Centenas de peregrinos se reuniram para esta tradicional caminhada, que teve inicio \u00e0s 10 horas, saindo do Porto do Igua\u00e7u rumo ao Santu\u00e1rio Nacional de Aparecida.<\/p>\n<p style=\"text-align: justify\">Salesianos de diversos lugares do Brasil estavam presentes, como \u00e9 o caso da dona F\u00e1tima Tavares, coordenadora de uma caravana que saiu da Vila Guacuri, Pedreira, S\u00e3o Paulo, e trousse cerca de 40 pessoas para participar desta romaria. Todos estavam uniformizados, em comemora\u00e7\u00e3o aos 120 anos da Fam\u00edlia Salesiana no Brasil.<\/p>\n<p style=\"text-align: justify\">\n<p><a rel=\"attachment wp-att-12892\" href=\"http:\/\/blog.cancaonova.com\/redacao\/13%c2%aa-romaria-salesiana\/attachment\/120\/\"><img loading=\"lazy\" decoding=\"async\" class=\"size-full wp-image-12892\" src=\"http:\/\/blog.cancaonova.com\/redacao\/files\/2012\/08\/120.jpg\" alt=\"Caravana de Vila Guacuri\" width=\"600\" height=\"400\" srcset=\"https:\/\/blog.cancaonova.com\/redacao\/files\/2012\/08\/120.jpg 600w, https:\/\/blog.cancaonova.com\/redacao\/files\/2012\/08\/120-300x200.jpg 300w\" sizes=\"(max-width: 600px) 100vw, 600px\" \/><\/a><\/p>\n<p style=\"text-align: center\">\n<p style=\"text-align: center\"><a href=\"http:\/\/www.flickr.com\/photos\/cancaonova\/sets\/72157631130771408\/\" target=\"_blank\"><strong><span style=\"color: #0000ff\">Veja mais fotos no Flik<span style=\"color: #ff00ff\">r<\/span><\/span><\/strong><br \/>\n<\/a><\/p>\n<p>Rafael da Cruz Oliveira juntamente com sua esposa Fl\u00e1via, trouxeram seu filho Gabriel para participar deste grande evento:<\/p>\n<p>\u201cViemos com o cora\u00e7\u00e3o muito alegre para  participar deste momento em fam\u00edlia e para agradecer a Deus, e pedir a  intercess\u00e3o da Virgem Maria, por todos os nossos familiares e para  incentivar o nosso filho j\u00e1 cedo a devo\u00e7\u00e3o marina\u201d. Rafael e sua fam\u00edlia  vieram com uma caravana que saiu do bairro Santa Terezinha, Pedreira  S\u00e3o Paulo.<\/p>\n<p style=\"text-align: center\"><a rel=\"attachment wp-att-12913\" href=\"http:\/\/blog.cancaonova.com\/redacao\/13%c2%aa-romaria-salesiana\/_mg_3623-2\/\"><img loading=\"lazy\" decoding=\"async\" class=\"aligncenter size-full wp-image-12913\" src=\"http:\/\/blog.cancaonova.com\/redacao\/files\/2012\/08\/MG_36231.jpg\" alt=\"Rafael, Fl\u00e1via e seu filho Gabriel\" width=\"576\" height=\"383\" srcset=\"https:\/\/blog.cancaonova.com\/redacao\/files\/2012\/08\/MG_36231.jpg 800w, https:\/\/blog.cancaonova.com\/redacao\/files\/2012\/08\/MG_36231-300x199.jpg 300w\" sizes=\"(max-width: 576px) 100vw, 576px\" \/><\/a><\/p>\n<p style=\"text-align: center\">\n<p style=\"text-align: center\"><a href=\"http:\/\/www.flickr.com\/photos\/cancaonova\/sets\/72157631130771408\/\" target=\"_blank\"><strong>Veja mais fotos no Flikr<\/strong><\/a><\/p>\n<p style=\"text-align: justify\">Uma caravana de crismandos, com cerda de 100 jovens da Par\u00f3quia Nossa Senhora Auxiliadora de Campinas-SP, tamb\u00e9m estiveram presentes no local.<\/p>\n<p style=\"text-align: justify\">O jovem coordenador, que tamb\u00e9m se chama Rafael, afirmou que esteve presente desde a primeira romaria, como crismando, e agora ele \u00e9 coordenador de crisma e promotor de caravanas para que outros jovens, assim como ele, um dia tenham a oportunidade de conhecer um pouco mais da hist\u00f3ria de Nossa Senhora Aparecida.<\/p>\n<p style=\"text-align: center\"><a rel=\"attachment wp-att-12914\" href=\"http:\/\/blog.cancaonova.com\/redacao\/13%c2%aa-romaria-salesiana\/img_3650-2\/\"><img loading=\"lazy\" decoding=\"async\" class=\"aligncenter size-full wp-image-12914\" src=\"http:\/\/blog.cancaonova.com\/redacao\/files\/2012\/08\/IMG_36501.jpg\" alt=\"Crismandos da Padr\u00f3quia Nossa Senhora Auxiliadora de Campinas\" width=\"576\" height=\"383\" srcset=\"https:\/\/blog.cancaonova.com\/redacao\/files\/2012\/08\/IMG_36501.jpg 800w, https:\/\/blog.cancaonova.com\/redacao\/files\/2012\/08\/IMG_36501-300x199.jpg 300w\" sizes=\"(max-width: 576px) 100vw, 576px\" \/><\/a><\/p>\n<p style=\"text-align: center\"><a href=\"http:\/\/www.flickr.com\/photos\/cancaonova\/sets\/72157631130771408\/\" target=\"_blank\"><strong>Veja mais fotos no Flikr<\/strong><\/a><\/p>\n<p style=\"text-align: justify\">Os fi\u00e9is caminharam cerca de 4km, com o andor de Dom Bosco e Madre Mazzarello, juntamente com um carro de som. Ao chegar no Santu\u00e1rio, os romeiros foram recepcionados com uma queima de fogos e bal\u00f5es que foram soltos ao vento.<\/p>\n<p style=\"text-align: justify\">Para encerrar esta bela Romaria, Dom Altieri, presidiu uma Santa Missa na Bas\u00edlica Nacional de Aparecida, que em sua homilia ressaltou:<em> \u201c\u00c9 uma alegria poder dar continuidade, como fam\u00edlia Salesiana, que \u00e9\u00a0 parte da Igreja e povo de Deus, a este trabalho t\u00e3o bonito de <\/em><em>Dom Bosco e Madre Mazzarello em nossos dias, <\/em><em>pois temos em nosso &#8216;dna&#8217; \u00a0esta miss\u00e3o.\u201d<\/em><\/p>\n<p style=\"text-align: justify\"><a href=\"http:\/\/vobr.webtvcn.com\/2012\/agosto\/homiliadeaparecida.mp3\" target=\"_blank\"><strong>Ou\u00e7a esta homilia na \u00edntegra aqui.<\/strong><\/a><\/p>\n<p style=\"text-align: center\">\n<p style=\"text-align: center\">\n<p style=\"text-align: center\">Confira outras mat\u00e9rias relacionadas \u00e0s Romarias Salesianas:<\/p>\n<p style=\"text-align: center\"><a href=\"http:\/\/noticias.cancaonova.com\/noticia.php?id=277406\" target=\"_blank\"><strong>Alegria e devo\u00e7\u00e3o marcam a 11\u00aa Romaria Salesiana em Aparecida<\/strong><\/a><\/p>\n<p style=\"text-align: center\"><a href=\"http:\/\/www.cancaonova.com\/portal\/canais\/eventos\/novoeventos\/cobertura.php?tit=Romaria+Salesiana%2C+uma+caminhada+de+reencontros&amp;cod=2593&amp;sob=7249\" target=\"_blank\"><strong>Romaria Salesiana, uma caminhada de reencontros<\/strong><\/a><\/p>\n","protected":false},"excerpt":{"rendered":"<p>Saiba como foi a 13\u00aa Romaria Salesiana na Cidade de Aparecida do Norte <a href=\"https:\/\/blog.cancaonova.com\/redacao\/13%c2%aa-romaria-salesiana\/\">Continue lendo <span class=\"meta-nav\">&rarr;<\/span><\/a><\/p>\n","protected":false},"author":4590,"featured_media":0,"comment_status":"open","ping_status":"open","sticky":false,"template":"","format":"standard","meta":{"_mi_skip_tracking":false,"_monsterinsights_sitenote_active":false,"_monsterinsights_sitenote_note":"","_monsterinsights_sitenote_category":0,"footnotes":""},"categories":[1351,14631,32],"tags":[],"_links":{"self":[{"href":"https:\/\/blog.cancaonova.com\/redacao\/wp-json\/wp\/v2\/posts\/12891"}],"collection":[{"href":"https:\/\/blog.cancaonova.com\/redacao\/wp-json\/wp\/v2\/posts"}],"about":[{"href":"https:\/\/blog.cancaonova.com\/redacao\/wp-json\/wp\/v2\/types\/post"}],"author":[{"embeddable":true,"href":"https:\/\/blog.cancaonova.com\/redacao\/wp-json\/wp\/v2\/users\/4590"}],"replies":[{"embeddable":true,"href":"https:\/\/blog.cancaonova.com\/redacao\/wp-json\/wp\/v2\/comments?post=12891"}],"version-history":[{"count":39,"href":"https:\/\/blog.cancaonova.com\/redacao\/wp-json\/wp\/v2\/posts\/12891\/revisions"}],"predecessor-version":[{"id":12923,"href":"https:\/\/blog.cancaonova.com\/redacao\/wp-json\/wp\/v2\/posts\/12891\/revisions\/12923"}],"wp:attachment":[{"href":"https:\/\/blog.cancaonova.com\/redacao\/wp-json\/wp\/v2\/media?parent=12891"}],"wp:term":[{"taxonomy":"category","embeddable":true,"href":"https:\/\/blog.cancaonova.com\/redacao\/wp-json\/wp\/v2\/categories?post=12891"},{"taxonomy":"post_tag","embeddable":true,"href":"https:\/\/blog.cancaonova.com\/redacao\/wp-json\/wp\/v2\/tags?post=12891"}],"curies":[{"name":"wp","href":"https:\/\/api.w.org\/{rel}","templated":true}]}}