{"id":12984,"date":"2012-08-26T00:00:12","date_gmt":"2012-08-26T03:00:12","guid":{"rendered":"http:\/\/blog.cancaonova.com\/redacao\/?p=12984"},"modified":"2012-08-24T16:08:21","modified_gmt":"2012-08-24T19:08:21","slug":"vocacao-caminho-de-liberdade","status":"publish","type":"post","link":"https:\/\/blog.cancaonova.com\/redacao\/vocacao-caminho-de-liberdade\/","title":{"rendered":"Voca\u00e7\u00e3o, caminho de liberdade"},"content":{"rendered":"<p><img loading=\"lazy\" decoding=\"async\" class=\"alignright size-medium wp-image-13025\" src=\"http:\/\/blog.cancaonova.com\/redacao\/files\/2012\/08\/409652_463601830316996_163685594_n-225x300.jpg\" alt=\"\" width=\"225\" height=\"300\" srcset=\"https:\/\/blog.cancaonova.com\/redacao\/files\/2012\/08\/409652_463601830316996_163685594_n-225x300.jpg 225w, https:\/\/blog.cancaonova.com\/redacao\/files\/2012\/08\/409652_463601830316996_163685594_n.jpg 540w\" sizes=\"(max-width: 225px) 100vw, 225px\" \/><\/p>\n<p><span style=\"color: #000000\">Me chamo Samuel Ferreira de Almeida, tenho 30 anos e sou mission\u00e1rio na comunidade Can\u00e7\u00e3o Nova h\u00e1 quase 9 anos e atualmente trabalho no portal cancaonova.com. Comecei a buscar minha voca\u00e7\u00e3o com a idade de 18 anos, deixei minha casa na cidade de Aruj\u00e1-SP, minha fam\u00edlia, amigos, meu trabalho, tudo para me dedicar inteiramente a Deus atrav\u00e9s da vida missionaria na comunidade Can\u00e7\u00e3o Nova. Foi buscando minha voca\u00e7\u00e3o que conheci minha linda esposa Graziela, tamb\u00e9m da comunidade Can\u00e7\u00e3o Nova, temos um filho que nasceu a dois meses, nosso querido Jo\u00e3o Pedro.<\/span><\/p>\n<p>Voca\u00e7\u00e3o para mim \u00e9 um caminho de liberdade e para ser livre \u00e9 preciso antes de tudo se encontrar, com Deus, consigo mesmo e com os outros. Somente partindo de uma base s\u00f3lida eu posso caminhar para me tornar cada vez mais livre, \u00e9 nos aproximando de Jesus que vamos nos libertando de muitas coisas que nos amarram e nos prendem e que nos impedem de avan\u00e7ar.<\/p>\n<p><!--continue lendo-->Toda voca\u00e7\u00e3o deve levar a Deus, e s\u00f3 seremos capazes nos realizar plenamente desta forma. Se o que eu fa\u00e7o n\u00e3o me leva para Deus eu n\u00e3o posso ter medo de mudar e buscar minha verdadeira voca\u00e7\u00e3o, aquilo para o qual Deus me criou.<\/p>\n<p>Muitas pessoas quando buscam sua voca\u00e7\u00e3o, n\u00e3o a encontram pois n\u00e3o partem de um ponto de \u00ednicio, n\u00e3o tem uma base. Muitos querem ser melhor para Deus, para os outros, ou para si mesmo, mas \u00e9 preciso encontrar esse lugar, esta base, este ponto inicial para assim realizar e trilhar sua voca\u00e7\u00e3o, seja na vida missionaria, ou numa profiss\u00e3o, ou no seio de uma familia.Mesmo Jesus teve sua base, seu ponto de partida, a pequena Jerusalem, mais precisamente na familia de Nazar\u00e9, no lar de Jos\u00e9 e Maria.<\/p>\n<p>Hoje percebo e posso constatar que esta base, este ponto de \u00ednicio e vontade de Deus na minha vida \u00e9 a Can\u00e7\u00e3o Nova, foi aqui o lugar que Deus escolheu para mim, \u00e9 nela que eu busco a cada dia permanecer na presen\u00e7a de Deus, ela \u00e9 a via, o caminho onde Deus quis que eu o encontrasse e buscasse cada vez.<\/p>\n<p>Seja onde for nossa voca\u00e7\u00e3o \u00e9 preciso que em cada situa\u00e7\u00e3o, eu busque estar na presen\u00e7a de Deus. <em><strong>\u201cOnde est\u00e1 o teu tesouro, a\u00ed est\u00e1 tamb\u00e9m o teu cora\u00e7\u00e3o\u201d (Mt 6, 21).<\/strong><\/em> \u00c9 preciso realizar cada tarefa, trabalho ou cada momento colocando amor em cada uma dessas situa\u00e7\u00f5es, pois somente o amor permanece, tudo mais passa, meus resultados podem ser lindos e produtivos mas se n\u00e3o habito os meus atos e n\u00e3o vivo intensamente o momento presente, por mais dificil que talvez ele possa ser, corro o risco de estar vivendo mecanicamente, fazendo as coisas no automatismo, assim como se dirige um carro, e nada disso traz frutos, poderia ser missionario, inteiramente ao servi\u00e7o de Deus, levar muitas almas para Deus, mas perder a minha pr\u00f3pria se n\u00e3o vivesse cada momento da minha vida na expectativa de me encontrar com Deus em cada situa\u00e7\u00e3o.<\/p>\n<p><img loading=\"lazy\" decoding=\"async\" class=\"size-medium wp-image-13026 alignleft\" src=\"http:\/\/blog.cancaonova.com\/redacao\/files\/2012\/08\/230634_222864837724031_1541556_n-300x199.jpg\" alt=\"\" width=\"300\" height=\"199\" srcset=\"https:\/\/blog.cancaonova.com\/redacao\/files\/2012\/08\/230634_222864837724031_1541556_n-300x199.jpg 300w, https:\/\/blog.cancaonova.com\/redacao\/files\/2012\/08\/230634_222864837724031_1541556_n.jpg 720w\" sizes=\"(max-width: 300px) 100vw, 300px\" \/><\/p>\n<p>Para descobrir minha voca\u00e7\u00e3o foram precisos 3 anos de discernimento, um caminho vocacional onde descobri que Deus me chamava a dar mais de mim, e onde a comunidade tamb\u00e9m pode ver em mim tra\u00e7os de voca\u00e7\u00e3o a este carisma. Neste caminho vocacional eu tive minha experi\u00eancia com Deus e me abri para a vida nova no Espirito e aos dons, passei a viver a rezar mais atrav\u00e9s de nossas praticas de ora\u00e7\u00e3o e de nossa espiritualidade. Posso dizer que mesmo que eu tivesse descobrido que aqui n\u00e3o era o meu lugar, teria a certeza de que o fato de buscar minha voca\u00e7\u00e3o ao longo destes 3 anos por si s\u00f3 j\u00e1 me teria feito um bem imenso e teria valido a pena aplicar em toda a minha vida esta experiencia. Sou feliz e grato a Deus pela maneira com que Ele me conduziu a descobrir sua vontade, Ele teve paci\u00eancia, mas n\u00e3o desistiu de mim e da mesma forma eu n\u00e3o quero parar, quero avan\u00e7ar e corresponder a esse amor que descobri.<\/p>\n<p>Conhe\u00e7a mais do nosso conte\u00fado:<\/p>\n<p><a href=\"http:\/\/www.webtvcn.com\/\" target=\"_blank\">:: WebTVCN, muitos v\u00eddeos para voc\u00ea<\/a><br \/>\n<a href=\"http:\/\/gentedefe.com\/\" target=\"_blank\">:: Gente de f\u00e9, a sua comunidade de relacionamento crist\u00e3<\/a><br \/>\n<a href=\"http:\/\/podcast.cancaonova.com\/\" target=\"_blank\">:: Podcasts: ou\u00e7a \u00e1udios sobre variados assuntos<\/a><br \/>\n<a href=\"http:\/\/paroquias.cancaonova.com\/\" target=\"_blank\">:: Cadastre sua par\u00f3quia ou capela no Portal Can\u00e7\u00e3o Nova<\/a><\/p>\n<p>Para o seu celular:<\/p>\n<p><a href=\"http:\/\/www.cancaonovamobile.com\/\" target=\"_blank\">:: Can\u00e7\u00e3o Nova Mobile<\/a><br \/>\n<a href=\"http:\/\/cnchama.com.br\/\" target=\"_blank\">:: CN Chama, a Palavra de Deus no seu celular<\/a><br \/>\n<a href=\"http:\/\/iphone.cancaonova.com\/\" target=\"_blank\">:: iPhone<\/a><\/p>\n<p>Mais canais na web:<\/p>\n<p><a href=\"http:\/\/meadiciona.com\/cancaonova\" target=\"_blank\">:: meadiciona.com\/cancaonova<\/a><\/p>\n","protected":false},"excerpt":{"rendered":"<p>Me chamo Samuel Ferreira de Almeida, tenho 30 anos e sou mission\u00e1rio na comunidade Can\u00e7\u00e3o Nova h\u00e1 quase 9 anos e atualmente trabalho no portal cancaonova.com. Comecei a buscar minha voca\u00e7\u00e3o com a idade de 18 anos, deixei minha casa&#8230;<\/p>\n","protected":false},"author":4608,"featured_media":0,"comment_status":"open","ping_status":"open","sticky":false,"template":"","format":"standard","meta":{"_mi_skip_tracking":false,"_monsterinsights_sitenote_active":false,"_monsterinsights_sitenote_note":"","_monsterinsights_sitenote_category":0,"footnotes":""},"categories":[1331],"tags":[124765,124764,16054,17055,141],"_links":{"self":[{"href":"https:\/\/blog.cancaonova.com\/redacao\/wp-json\/wp\/v2\/posts\/12984"}],"collection":[{"href":"https:\/\/blog.cancaonova.com\/redacao\/wp-json\/wp\/v2\/posts"}],"about":[{"href":"https:\/\/blog.cancaonova.com\/redacao\/wp-json\/wp\/v2\/types\/post"}],"author":[{"embeddable":true,"href":"https:\/\/blog.cancaonova.com\/redacao\/wp-json\/wp\/v2\/users\/4608"}],"replies":[{"embeddable":true,"href":"https:\/\/blog.cancaonova.com\/redacao\/wp-json\/wp\/v2\/comments?post=12984"}],"version-history":[{"count":71,"href":"https:\/\/blog.cancaonova.com\/redacao\/wp-json\/wp\/v2\/posts\/12984\/revisions"}],"predecessor-version":[{"id":13089,"href":"https:\/\/blog.cancaonova.com\/redacao\/wp-json\/wp\/v2\/posts\/12984\/revisions\/13089"}],"wp:attachment":[{"href":"https:\/\/blog.cancaonova.com\/redacao\/wp-json\/wp\/v2\/media?parent=12984"}],"wp:term":[{"taxonomy":"category","embeddable":true,"href":"https:\/\/blog.cancaonova.com\/redacao\/wp-json\/wp\/v2\/categories?post=12984"},{"taxonomy":"post_tag","embeddable":true,"href":"https:\/\/blog.cancaonova.com\/redacao\/wp-json\/wp\/v2\/tags?post=12984"}],"curies":[{"name":"wp","href":"https:\/\/api.w.org\/{rel}","templated":true}]}}