{"id":13696,"date":"2012-09-29T06:09:19","date_gmt":"2012-09-29T09:09:19","guid":{"rendered":"http:\/\/blog.cancaonova.com\/redacao\/?p=13696"},"modified":"2012-10-02T08:48:29","modified_gmt":"2012-10-02T11:48:29","slug":"anjo-da-guarda-na-nossa-vida","status":"publish","type":"post","link":"https:\/\/blog.cancaonova.com\/redacao\/anjo-da-guarda-na-nossa-vida\/","title":{"rendered":"O Anjo da Guarda na nossa vida"},"content":{"rendered":"<p style=\"text-align: justify\"><a rel=\"attachment wp-att-13767\" href=\"http:\/\/blog.cancaonova.com\/redacao\/anjo-da-guarda-na-nossa-vida\/anjo\/\"><img loading=\"lazy\" decoding=\"async\" class=\"alignleft size-full wp-image-13767\" style=\"margin: 5px\" src=\"http:\/\/blog.cancaonova.com\/redacao\/files\/2012\/09\/anjo.jpg\" alt=\"Anjo\" width=\"300\" height=\"200\" \/><\/a>Sempre houve uma luta eterna do bem contra o mal. No fim dos tempos, os anjos invocar\u00e3o suas trombetas e as revela\u00e7\u00f5es ser\u00e3o esclarecidas. As m\u00e1scaras todas ruir\u00e3o. Os ex\u00e9rcitos angelicais estar\u00e3o frente ao poder do mal.<br \/>\n<span style=\"color: #888888\"><strong><br \/>\n<\/strong><span style=\"color: #0000ff\"><a href=\"http:\/\/blog.cancaonova.com\/oracao\/2012\/10\/02\/santo-anjo-da-guarda\/\" target=\"_blank\">.: Reze ao seu anjo da guarda<\/a><\/span><\/span><\/p>\n<p style=\"text-align: justify\">O homem tem necessidade de perceber as coisas de Deus pela ess\u00eancia da alma, a \u00fanica que tem o sentido espiritual, a \u00fanica capaz de captar as ilumina\u00e7\u00f5es e transmiti-las ao intelecto. O anjo pode agir, na nossa vida, como instrumento de conhecimento para que possamos compreender melhor e nos encaminhar \u00e0quela viagem de ascens\u00e3o em dire\u00e7\u00e3o a Deus.<\/p>\n<p style=\"text-align: justify\">Este mundo, apesar de tudo, sabe ainda admirar sua beleza e seu encanto. Isso demostra que a natureza n\u00e3o \u00e9 somente um surpreendente mecanismo constitu\u00eddo por part\u00edculas, mas uma express\u00e3o harmoniosa de Deus, cujos anjos s\u00e3o os instrumentos.<!--more--><\/p>\n<p style=\"text-align: justify\"><a href=\"http:\/\/blog.cancaonova.com\/oracao\/category\/oracoes-diversas\/suplica-ao-anjo-da-guarda\/\" target=\"_blank\">::S\u00faplica ao anjo da guarda<\/a><\/p>\n<p style=\"text-align: justify\">Precisamos aqui, nesta terra, ser luz como os anjos uns para os outros, ser amigo, companheiro e estar presente nos momentos de tristezas e alegrias, saber sorrir e fazer sil\u00eancio acompanhado de uma abra\u00e7o quando necess\u00e1rio, pois sempre estamos acompanhados. \u00c9 preciso acreditar, confiar e convidar\u00a0o anjo da guarda para fazer parte da\u00a0nossa vida.<\/p>\n<p style=\"text-align: justify\">Ele aparece no dia em que nascemos e nos acompanha ao longo de toda a nossa vida na Terra. Ningu\u00e9m percorre seu caminho sozinho e nunca nos sentir\u00edamos desamparados se tiv\u00e9ssemos consci\u00eancia da ajuda espiritual que eles nos podem; muitas vezes, ajuda f\u00edsica tamb\u00e9m.<\/p>\n<p style=\"text-align: justify\">\u00c2nimo e confian\u00e7a! Deus n\u00e3o deixar\u00e1 que voc\u00ea se perca nas estradas da vida, pois enviar\u00e1 seu anjo para ajud\u00e1-lo!<\/p>\n","protected":false},"excerpt":{"rendered":"<p>Sempre houve uma luta eterna do bem contra o mal. No fim dos tempos, os anjos invocar\u00e3o suas trombetas e as revela\u00e7\u00f5es ser\u00e3o esclarecidas. As m\u00e1scaras todas ruir\u00e3o. Os ex\u00e9rcitos angelicais estar\u00e3o frente ao poder do mal. .: Reze ao&#8230;<\/p>\n","protected":false},"author":4610,"featured_media":0,"comment_status":"open","ping_status":"open","sticky":false,"template":"","format":"standard","meta":{"_mi_skip_tracking":false,"_monsterinsights_sitenote_active":false,"_monsterinsights_sitenote_note":"","_monsterinsights_sitenote_category":0,"footnotes":""},"categories":[15401],"tags":[20890,15975,16807,261,22748],"_links":{"self":[{"href":"https:\/\/blog.cancaonova.com\/redacao\/wp-json\/wp\/v2\/posts\/13696"}],"collection":[{"href":"https:\/\/blog.cancaonova.com\/redacao\/wp-json\/wp\/v2\/posts"}],"about":[{"href":"https:\/\/blog.cancaonova.com\/redacao\/wp-json\/wp\/v2\/types\/post"}],"author":[{"embeddable":true,"href":"https:\/\/blog.cancaonova.com\/redacao\/wp-json\/wp\/v2\/users\/4610"}],"replies":[{"embeddable":true,"href":"https:\/\/blog.cancaonova.com\/redacao\/wp-json\/wp\/v2\/comments?post=13696"}],"version-history":[{"count":21,"href":"https:\/\/blog.cancaonova.com\/redacao\/wp-json\/wp\/v2\/posts\/13696\/revisions"}],"predecessor-version":[{"id":13762,"href":"https:\/\/blog.cancaonova.com\/redacao\/wp-json\/wp\/v2\/posts\/13696\/revisions\/13762"}],"wp:attachment":[{"href":"https:\/\/blog.cancaonova.com\/redacao\/wp-json\/wp\/v2\/media?parent=13696"}],"wp:term":[{"taxonomy":"category","embeddable":true,"href":"https:\/\/blog.cancaonova.com\/redacao\/wp-json\/wp\/v2\/categories?post=13696"},{"taxonomy":"post_tag","embeddable":true,"href":"https:\/\/blog.cancaonova.com\/redacao\/wp-json\/wp\/v2\/tags?post=13696"}],"curies":[{"name":"wp","href":"https:\/\/api.w.org\/{rel}","templated":true}]}}